{"id":27806,"date":"2024-10-01T11:04:48","date_gmt":"2024-10-01T11:04:48","guid":{"rendered":"https:\/\/ciiam.org\/?p=27806"},"modified":"2024-10-01T16:53:57","modified_gmt":"2024-10-01T16:53:57","slug":"CIIAM-refuerza-su-equipo-con-el-nombramiento-de-maria-paula-jijon-como-secretaria-general-adjunta","status":"publish","type":"post","link":"https:\/\/ciiam.org\/en\/CIIAM-refuerza-su-equipo-con-el-nombramiento-de-maria-paula-jijon-como-secretaria-general-adjunta\/","title":{"rendered":"CIIAM refuerza su equipo con el nombramiento de Mar\u00eda Paula Jij\u00f3n como secretaria general adjunta"},"content":{"rendered":"<p><strong>CIIAM refuerza su equipo con el nombramiento de Mar\u00eda Paula Jij\u00f3n como secretaria general adjunta <\/strong><\/p>\n<ul>\n<li>Adem\u00e1s, Thal\u00eda Jim\u00e9nez Vilcayauri y Stefano Lobat\u00f3n Ram\u00edrez se incorporan como letrados a la Secretar\u00eda General<\/li>\n<\/ul>\n<p>El Centro Internacional e Iberoamericano de Arbitraje de Madrid (CIIAM), en su apuesta por captar y conservar el talento, consolida y refuerza el equipo de la \u00a0Secretar\u00eda General con el nombramiento de Mar\u00eda Paula Jij\u00f3n Andrade, como secretaria general adjunta, y la incorporaci\u00f3n de dos nuevos letrados, Thal\u00eda Jim\u00e9nez Vilcayauri y Stefano Lobat\u00f3n Ram\u00edrez.<\/p>\n<p>Para el presidente de CIIAM, Jos\u00e9 Mar\u00eda Alonso, \u201ceste refuerzo del equipo responde al crecimiento y necesidades de una instituci\u00f3n arbitral pujante y para cumplir el objetivo estrat\u00e9gico de consolidar su liderazgo en el \u00e1mbito del arbitraje internacional, con especial \u00e9nfasis en la regi\u00f3n latinoamericana\u201d.<\/p>\n<p>Mar\u00eda Paula Jij\u00f3n Andrade promociona al puesto de secretaria general adjunta para apoyar en la labor de coordinaci\u00f3n del equipo de Secretar\u00eda, reforzar la actividad de relaciones institucionales de CIIAM y de la digitalizaci\u00f3n del Centro.<\/p>\n<p>De nacionalidad ecuatoriana y francesa, es licenciada en Derecho y Relaciones Internacionales por el Instituto de Empresa (IE), donde obtuvo una beca de excelencia acad\u00e9mica, y complet\u00f3 su m\u00e1ster de acceso a la abogac\u00eda en la Universidad Pontificia Comillas (ICADE). A nivel profesional, ha trabajado como letrada en la Corte de Arbitraje de Madrid (CAM) y en el propio CIIAM y fue asociada en el despacho Arias dedicado exclusivamente al arbitraje internacional. Actualmente imparte adem\u00e1s clases en las facultades de derecho del IE Law School y del Instituto Superior de Derecho y Econom\u00eda (ISDE).<\/p>\n<p>Sebastian Mej\u00eda, actual Secretario General Adjunto, pasa a integrarse en la Comisi\u00f3n de Buenas Pr\u00e1cticas, desde donde seguir\u00e1 colaborando con el Centro para su expansi\u00f3n y crecimiento. Marta Lalaguna, la secretaria general de la instituci\u00f3n, ha valorado que &#8220;es una fortuna contar con un abogado con la experiencia, capacidad y dedicaci\u00f3n de Sebasti\u00e1n, y es por eso que nos complace especialmente su incorporaci\u00f3n a la Comisi\u00f3n de Buenas Pr\u00e1cticas&#8221;.<\/p>\n<p>Thal\u00eda Jim\u00e9nez Vilcayauri, de nacionalidad peruana, y graduada en derecho por la Universidad Peruana de Ciencias Aplicadas (UPC) se integra en CIAM- CIAR como letrada. Especializada en Gesti\u00f3n y Liderazgo, cuenta con una Maestr\u00eda en Abogac\u00eda Internacional por la Universidad Carlos III de Madrid que, complementa as\u00ed, su formaci\u00f3n en Derecho internacional en la Academia de Derecho Internacional de La Haya, y en arbitraje internacional en The Russian Institute of Modern Arbitration. Adem\u00e1s, fue parte del equipo de arbitraje internacional de la UPC, campe\u00f3n en el Moot Madrid 2021 y subcampe\u00f3n en 2022 y, a t\u00edtulo personal, recibi\u00f3 dos menciones de honor como mejor oradora.<\/p>\n<p>Por su parte, Stefano Lobat\u00f3n Ram\u00edrez, con m\u00e1s de ocho a\u00f1os de experiencia en el sector, tambi\u00e9n de nacionalidad peruana y graduado en Derecho con especializaci\u00f3n en Resoluci\u00f3n de Controversias por la Universidad de Lima, se suma como letrado al equipo CIIAM. \u00a0Su formaci\u00f3n acad\u00e9mica incluye un M\u00e1ster en Derecho de los Negocios, Arbitraje y ADR por ISDE Law Business School, un Diploma Internacional en Arbitraje por la Universidad ESAN en asociaci\u00f3n con la C\u00e1mara de Comercio de Lima, y un Diploma de M\u00e9todo Harvard en Negociaci\u00f3n por el Instituto Europeo de Posgrado. Anteriormente trabaj\u00f3 como asociado en el destacado despacho peruano Aguado &amp; Ruiz Abogados, y como asesor legal del Banco Internacional del Per\u00fa (Interbank) y del Banco de Cr\u00e9dito del Per\u00fa (BCP).<\/p>\n<p>De esta forma se refuerza el equipo de la Secretar\u00eda General del Centro, que seguir\u00e1 liderado por Marta Lalaguna e integrado tambi\u00e9n por los equipos de apoyo de las Cortes fundadoras -Corte de Arbitraje de Madrid, Corte Espa\u00f1ola de Arbitraje y Corte Civil y Mercantil de Arbitraje-. \u00a0La secretaria general de CIIAM ha se\u00f1alado que \u201cen un entorno global cada vez m\u00e1s interconectado, contar con profesionales que no solo entienden las particularidades del arbitraje internacional, sino que tambi\u00e9n poseen un profundo conocimiento de los mercados y de las distintas culturas jur\u00eddicas iberoamericanas, es esencial para fortalecer la competitividad y el alcance del Centro.<\/p>\n<p>&nbsp;<\/p>\n<p><strong>Crecimiento y expansi\u00f3n en Iberoam\u00e9rica<\/strong><\/p>\n<p>CIIAM que inici\u00f3 su actividad en 2020, ha experimentado un crecimiento exponencial. La nueva configuraci\u00f3n del equipo con mayor presencia y peso de profesionales de nacionalidades iberoamericanas es un paso m\u00e1s hacia la consolidaci\u00f3n de CIIAM como una instituci\u00f3n referente del arbitraje internacional para la comunidad iberoamericana, promoviendo la transparencia, la eficiencia y la excelencia en todos sus procedimientos. Esta consolidaci\u00f3n y refuerzo del equipo es un claro reflejo de su compromiso con la excelencia y su capacidad para adaptarse a las demandas de un mercado en constante evoluci\u00f3n.<\/p>\n","protected":false},"excerpt":{"rendered":"<p>CIIAM refuerza su equipo con el nombramiento de Mar\u00eda Paula Jij\u00f3n como secretaria general adjunta Adem\u00e1s, Thal\u00eda Jim\u00e9nez Vilcayauri y Stefano Lobat\u00f3n Ram\u00edrez se incorporan como letrados a la Secretar\u00eda General El Centro Internacional e Iberoamericano de Arbitraje de Madrid (CIIAM), en su apuesta por captar y conservar el talento, consolida y refuerza el equipo [&hellip;]<\/p>\n","protected":false},"author":18,"featured_media":27815,"comment_status":"closed","ping_status":"open","sticky":false,"template":"","format":"standard","meta":{"footnotes":""},"categories":[17,1],"tags":[],"class_list":["post-27806","post","type-post","status-publish","format-standard","has-post-thumbnail","hentry","category-actualidad","category-sin-categorizar"],"yoast_head":"<!-- This site is optimized with the Yoast SEO plugin v27.3 - https:\/\/yoast.com\/product\/yoast-seo-wordpress\/ -->\n<title>CIIAM refuerza su equipo con el nombramiento de Mar\u00eda Paula Jij\u00f3n como secretaria general adjunta - CIIAM<\/title>\n<meta name=\"description\" content=\"CIIAM refuerza su equipo con el nombramiento de Mar\u00eda Paula Jij\u00f3n como secretaria general adjunta. Adem\u00e1s, Thal\u00eda Jim\u00e9nez Vilcayauri y Stefano Lobat\u00f3n Ram\u00edrez se incorporan como letrados a la Secretar\u00eda General\" \/>\n<meta name=\"robots\" content=\"index, follow, max-snippet:-1, max-image-preview:large, max-video-preview:-1\" \/>\n<link rel=\"canonical\" href=\"https:\/\/ciiam.org\/en\/CIIAM-refuerza-su-equipo-con-el-nombramiento-de-maria-paula-jijon-como-secretaria-general-adjunta\/\" \/>\n<meta property=\"og:locale\" content=\"en_US\" \/>\n<meta property=\"og:type\" content=\"article\" \/>\n<meta property=\"og:title\" content=\"CIIAM refuerza su equipo con el nombramiento de Mar\u00eda Paula Jij\u00f3n como secretaria general adjunta - CIIAM\" \/>\n<meta property=\"og:description\" content=\"CIIAM refuerza su equipo con el nombramiento de Mar\u00eda Paula Jij\u00f3n como secretaria general adjunta. Adem\u00e1s, Thal\u00eda Jim\u00e9nez Vilcayauri y Stefano Lobat\u00f3n Ram\u00edrez se incorporan como letrados a la Secretar\u00eda General\" \/>\n<meta property=\"og:url\" content=\"https:\/\/ciiam.org\/en\/CIIAM-refuerza-su-equipo-con-el-nombramiento-de-maria-paula-jijon-como-secretaria-general-adjunta\/\" \/>\n<meta property=\"og:site_name\" content=\"CIIAM\" \/>\n<meta property=\"article:published_time\" content=\"2024-10-01T11:04:48+00:00\" \/>\n<meta property=\"article:modified_time\" content=\"2024-10-01T16:53:57+00:00\" \/>\n<meta property=\"og:image\" content=\"https:\/\/ciiam.org\/wp-content\/uploads\/2024\/10\/Captura-de-pantalla-2024-10-01-130216.png\" \/>\n\t<meta property=\"og:image:width\" content=\"836\" \/>\n\t<meta property=\"og:image:height\" content=\"402\" \/>\n\t<meta property=\"og:image:type\" content=\"image\/png\" \/>\n<meta name=\"author\" content=\"P. Moraleda\" \/>\n<meta name=\"twitter:card\" content=\"summary_large_image\" \/>\n<meta name=\"twitter:label1\" content=\"Written by\" \/>\n\t<meta name=\"twitter:data1\" content=\"P. Moraleda\" \/>\n\t<meta name=\"twitter:label2\" content=\"Est. reading time\" \/>\n\t<meta name=\"twitter:data2\" content=\"4 minutes\" \/>\n<script type=\"application\/ld+json\" class=\"yoast-schema-graph\">{\"@context\":\"https:\\\/\\\/schema.org\",\"@graph\":[{\"@type\":\"Article\",\"@id\":\"https:\\\/\\\/ciiam.org\\\/en\\\/CIIAM-refuerza-su-equipo-con-el-nombramiento-de-maria-paula-jijon-como-secretaria-general-adjunta\\\/#article\",\"isPartOf\":{\"@id\":\"https:\\\/\\\/ciiam.org\\\/en\\\/CIIAM-refuerza-su-equipo-con-el-nombramiento-de-maria-paula-jijon-como-secretaria-general-adjunta\\\/\"},\"author\":{\"name\":\"P. Moraleda\",\"@id\":\"https:\\\/\\\/ciiam.org\\\/en\\\/#\\\/schema\\\/person\\\/d11b69fd6be9dfb32edb8758b44c599f\"},\"headline\":\"CIIAM refuerza su equipo con el nombramiento de Mar\u00eda Paula Jij\u00f3n como secretaria general adjunta\",\"datePublished\":\"2024-10-01T11:04:48+00:00\",\"dateModified\":\"2024-10-01T16:53:57+00:00\",\"mainEntityOfPage\":{\"@id\":\"https:\\\/\\\/ciiam.org\\\/en\\\/CIIAM-refuerza-su-equipo-con-el-nombramiento-de-maria-paula-jijon-como-secretaria-general-adjunta\\\/\"},\"wordCount\":850,\"publisher\":{\"@id\":\"https:\\\/\\\/ciiam.org\\\/en\\\/#organization\"},\"image\":{\"@id\":\"https:\\\/\\\/ciiam.org\\\/en\\\/CIIAM-refuerza-su-equipo-con-el-nombramiento-de-maria-paula-jijon-como-secretaria-general-adjunta\\\/#primaryimage\"},\"thumbnailUrl\":\"https:\\\/\\\/ciiam.org\\\/wp-content\\\/uploads\\\/2024\\\/10\\\/Captura-de-pantalla-2024-10-01-130216.png\",\"articleSection\":[\"Actualidad\",\"Sin categorizar\"],\"inLanguage\":\"en-US\"},{\"@type\":\"WebPage\",\"@id\":\"https:\\\/\\\/ciiam.org\\\/en\\\/CIIAM-refuerza-su-equipo-con-el-nombramiento-de-maria-paula-jijon-como-secretaria-general-adjunta\\\/\",\"url\":\"https:\\\/\\\/ciiam.org\\\/en\\\/CIIAM-refuerza-su-equipo-con-el-nombramiento-de-maria-paula-jijon-como-secretaria-general-adjunta\\\/\",\"name\":\"CIIAM refuerza su equipo con el nombramiento de Mar\u00eda Paula Jij\u00f3n como secretaria general adjunta - CIIAM\",\"isPartOf\":{\"@id\":\"https:\\\/\\\/ciiam.org\\\/en\\\/#website\"},\"primaryImageOfPage\":{\"@id\":\"https:\\\/\\\/ciiam.org\\\/en\\\/CIIAM-refuerza-su-equipo-con-el-nombramiento-de-maria-paula-jijon-como-secretaria-general-adjunta\\\/#primaryimage\"},\"image\":{\"@id\":\"https:\\\/\\\/ciiam.org\\\/en\\\/CIIAM-refuerza-su-equipo-con-el-nombramiento-de-maria-paula-jijon-como-secretaria-general-adjunta\\\/#primaryimage\"},\"thumbnailUrl\":\"https:\\\/\\\/ciiam.org\\\/wp-content\\\/uploads\\\/2024\\\/10\\\/Captura-de-pantalla-2024-10-01-130216.png\",\"datePublished\":\"2024-10-01T11:04:48+00:00\",\"dateModified\":\"2024-10-01T16:53:57+00:00\",\"description\":\"CIIAM refuerza su equipo con el nombramiento de Mar\u00eda Paula Jij\u00f3n como secretaria general adjunta. Adem\u00e1s, Thal\u00eda Jim\u00e9nez Vilcayauri y Stefano Lobat\u00f3n Ram\u00edrez se incorporan como letrados a la Secretar\u00eda General\",\"breadcrumb\":{\"@id\":\"https:\\\/\\\/ciiam.org\\\/en\\\/CIIAM-refuerza-su-equipo-con-el-nombramiento-de-maria-paula-jijon-como-secretaria-general-adjunta\\\/#breadcrumb\"},\"inLanguage\":\"en-US\",\"potentialAction\":[{\"@type\":\"ReadAction\",\"target\":[\"https:\\\/\\\/ciiam.org\\\/en\\\/CIIAM-refuerza-su-equipo-con-el-nombramiento-de-maria-paula-jijon-como-secretaria-general-adjunta\\\/\"]}]},{\"@type\":\"ImageObject\",\"inLanguage\":\"en-US\",\"@id\":\"https:\\\/\\\/ciiam.org\\\/en\\\/CIIAM-refuerza-su-equipo-con-el-nombramiento-de-maria-paula-jijon-como-secretaria-general-adjunta\\\/#primaryimage\",\"url\":\"https:\\\/\\\/ciiam.org\\\/wp-content\\\/uploads\\\/2024\\\/10\\\/Captura-de-pantalla-2024-10-01-130216.png\",\"contentUrl\":\"https:\\\/\\\/ciiam.org\\\/wp-content\\\/uploads\\\/2024\\\/10\\\/Captura-de-pantalla-2024-10-01-130216.png\",\"width\":836,\"height\":402},{\"@type\":\"BreadcrumbList\",\"@id\":\"https:\\\/\\\/ciiam.org\\\/en\\\/CIIAM-refuerza-su-equipo-con-el-nombramiento-de-maria-paula-jijon-como-secretaria-general-adjunta\\\/#breadcrumb\",\"itemListElement\":[{\"@type\":\"ListItem\",\"position\":1,\"name\":\"CIAM\",\"item\":\"https:\\\/\\\/ciiam.org\\\/en\\\/\"},{\"@type\":\"ListItem\",\"position\":2,\"name\":\"CIIAM refuerza su equipo con el nombramiento de Mar\u00eda Paula Jij\u00f3n como secretaria general adjunta\"}]},{\"@type\":\"WebSite\",\"@id\":\"https:\\\/\\\/ciiam.org\\\/en\\\/#website\",\"url\":\"https:\\\/\\\/ciiam.org\\\/en\\\/\",\"name\":\"CIIAM\",\"description\":\"Centro Internacional e Iberoamericano de Arbitraje de Madrid\",\"publisher\":{\"@id\":\"https:\\\/\\\/ciiam.org\\\/en\\\/#organization\"},\"potentialAction\":[{\"@type\":\"SearchAction\",\"target\":{\"@type\":\"EntryPoint\",\"urlTemplate\":\"https:\\\/\\\/ciiam.org\\\/en\\\/?s={search_term_string}\"},\"query-input\":{\"@type\":\"PropertyValueSpecification\",\"valueRequired\":true,\"valueName\":\"search_term_string\"}}],\"inLanguage\":\"en-US\"},{\"@type\":\"Organization\",\"@id\":\"https:\\\/\\\/ciiam.org\\\/en\\\/#organization\",\"name\":\"Centro Internacional e Iberoamericano de Arbitraje de Madrid\",\"alternateName\":\"CIIAM\",\"url\":\"https:\\\/\\\/ciiam.org\\\/en\\\/\",\"logo\":{\"@type\":\"ImageObject\",\"inLanguage\":\"en-US\",\"@id\":\"https:\\\/\\\/ciiam.org\\\/en\\\/#\\\/schema\\\/logo\\\/image\\\/\",\"url\":\"https:\\\/\\\/ciiam.org\\\/wp-content\\\/uploads\\\/2026\\\/01\\\/favicon.png\",\"contentUrl\":\"https:\\\/\\\/ciiam.org\\\/wp-content\\\/uploads\\\/2026\\\/01\\\/favicon.png\",\"width\":500,\"height\":500,\"caption\":\"Centro Internacional e Iberoamericano de Arbitraje de Madrid\"},\"image\":{\"@id\":\"https:\\\/\\\/ciiam.org\\\/en\\\/#\\\/schema\\\/logo\\\/image\\\/\"},\"sameAs\":[\"https:\\\/\\\/www.linkedin.com\\\/company\\\/ciam-centro-internacional-arbitraje-madrid?trk=d_public_post_image\",\"https:\\\/\\\/www.youtube.com\\\/channel\\\/UCU2OI7SAQFv5uXAZ4qO4ALg\"]},{\"@type\":\"Person\",\"@id\":\"https:\\\/\\\/ciiam.org\\\/en\\\/#\\\/schema\\\/person\\\/d11b69fd6be9dfb32edb8758b44c599f\",\"name\":\"P. Moraleda\",\"image\":{\"@type\":\"ImageObject\",\"inLanguage\":\"en-US\",\"@id\":\"https:\\\/\\\/secure.gravatar.com\\\/avatar\\\/fe6c4f5a609355ad487e648d2b4aebf57a2fa1e7508fc4a6bd1d2b5420b286df?s=96&d=mm&r=g\",\"url\":\"https:\\\/\\\/secure.gravatar.com\\\/avatar\\\/fe6c4f5a609355ad487e648d2b4aebf57a2fa1e7508fc4a6bd1d2b5420b286df?s=96&d=mm&r=g\",\"contentUrl\":\"https:\\\/\\\/secure.gravatar.com\\\/avatar\\\/fe6c4f5a609355ad487e648d2b4aebf57a2fa1e7508fc4a6bd1d2b5420b286df?s=96&d=mm&r=g\",\"caption\":\"P. Moraleda\"},\"url\":\"https:\\\/\\\/ciiam.org\\\/en\\\/author\\\/3on1a-0sed-24\\\/\"}]}<\/script>\n<!-- \/ Yoast SEO plugin. -->","yoast_head_json":{"title":"CIIAM refuerza su equipo con el nombramiento de Mar\u00eda Paula Jij\u00f3n como secretaria general adjunta - CIIAM","description":"CIIAM refuerza su equipo con el nombramiento de Mar\u00eda Paula Jij\u00f3n como secretaria general adjunta. Adem\u00e1s, Thal\u00eda Jim\u00e9nez Vilcayauri y Stefano Lobat\u00f3n Ram\u00edrez se incorporan como letrados a la Secretar\u00eda General","robots":{"index":"index","follow":"follow","max-snippet":"max-snippet:-1","max-image-preview":"max-image-preview:large","max-video-preview":"max-video-preview:-1"},"canonical":"https:\/\/ciiam.org\/en\/CIIAM-refuerza-su-equipo-con-el-nombramiento-de-maria-paula-jijon-como-secretaria-general-adjunta\/","og_locale":"en_US","og_type":"article","og_title":"CIIAM refuerza su equipo con el nombramiento de Mar\u00eda Paula Jij\u00f3n como secretaria general adjunta - CIIAM","og_description":"CIIAM refuerza su equipo con el nombramiento de Mar\u00eda Paula Jij\u00f3n como secretaria general adjunta. Adem\u00e1s, Thal\u00eda Jim\u00e9nez Vilcayauri y Stefano Lobat\u00f3n Ram\u00edrez se incorporan como letrados a la Secretar\u00eda General","og_url":"https:\/\/ciiam.org\/en\/CIIAM-refuerza-su-equipo-con-el-nombramiento-de-maria-paula-jijon-como-secretaria-general-adjunta\/","og_site_name":"CIIAM","article_published_time":"2024-10-01T11:04:48+00:00","article_modified_time":"2024-10-01T16:53:57+00:00","og_image":[{"width":836,"height":402,"url":"https:\/\/ciiam.org\/wp-content\/uploads\/2024\/10\/Captura-de-pantalla-2024-10-01-130216.png","type":"image\/png"}],"author":"P. Moraleda","twitter_card":"summary_large_image","twitter_misc":{"Written by":"P. Moraleda","Est. reading time":"4 minutes"},"schema":{"@context":"https:\/\/schema.org","@graph":[{"@type":"Article","@id":"https:\/\/ciiam.org\/en\/CIIAM-refuerza-su-equipo-con-el-nombramiento-de-maria-paula-jijon-como-secretaria-general-adjunta\/#article","isPartOf":{"@id":"https:\/\/ciiam.org\/en\/CIIAM-refuerza-su-equipo-con-el-nombramiento-de-maria-paula-jijon-como-secretaria-general-adjunta\/"},"author":{"name":"P. Moraleda","@id":"https:\/\/ciiam.org\/en\/#\/schema\/person\/d11b69fd6be9dfb32edb8758b44c599f"},"headline":"CIIAM refuerza su equipo con el nombramiento de Mar\u00eda Paula Jij\u00f3n como secretaria general adjunta","datePublished":"2024-10-01T11:04:48+00:00","dateModified":"2024-10-01T16:53:57+00:00","mainEntityOfPage":{"@id":"https:\/\/ciiam.org\/en\/CIIAM-refuerza-su-equipo-con-el-nombramiento-de-maria-paula-jijon-como-secretaria-general-adjunta\/"},"wordCount":850,"publisher":{"@id":"https:\/\/ciiam.org\/en\/#organization"},"image":{"@id":"https:\/\/ciiam.org\/en\/CIIAM-refuerza-su-equipo-con-el-nombramiento-de-maria-paula-jijon-como-secretaria-general-adjunta\/#primaryimage"},"thumbnailUrl":"https:\/\/ciiam.org\/wp-content\/uploads\/2024\/10\/Captura-de-pantalla-2024-10-01-130216.png","articleSection":["Actualidad","Sin categorizar"],"inLanguage":"en-US"},{"@type":"WebPage","@id":"https:\/\/ciiam.org\/en\/CIIAM-refuerza-su-equipo-con-el-nombramiento-de-maria-paula-jijon-como-secretaria-general-adjunta\/","url":"https:\/\/ciiam.org\/en\/CIIAM-refuerza-su-equipo-con-el-nombramiento-de-maria-paula-jijon-como-secretaria-general-adjunta\/","name":"CIIAM refuerza su equipo con el nombramiento de Mar\u00eda Paula Jij\u00f3n como secretaria general adjunta - CIIAM","isPartOf":{"@id":"https:\/\/ciiam.org\/en\/#website"},"primaryImageOfPage":{"@id":"https:\/\/ciiam.org\/en\/CIIAM-refuerza-su-equipo-con-el-nombramiento-de-maria-paula-jijon-como-secretaria-general-adjunta\/#primaryimage"},"image":{"@id":"https:\/\/ciiam.org\/en\/CIIAM-refuerza-su-equipo-con-el-nombramiento-de-maria-paula-jijon-como-secretaria-general-adjunta\/#primaryimage"},"thumbnailUrl":"https:\/\/ciiam.org\/wp-content\/uploads\/2024\/10\/Captura-de-pantalla-2024-10-01-130216.png","datePublished":"2024-10-01T11:04:48+00:00","dateModified":"2024-10-01T16:53:57+00:00","description":"CIIAM refuerza su equipo con el nombramiento de Mar\u00eda Paula Jij\u00f3n como secretaria general adjunta. Adem\u00e1s, Thal\u00eda Jim\u00e9nez Vilcayauri y Stefano Lobat\u00f3n Ram\u00edrez se incorporan como letrados a la Secretar\u00eda General","breadcrumb":{"@id":"https:\/\/ciiam.org\/en\/CIIAM-refuerza-su-equipo-con-el-nombramiento-de-maria-paula-jijon-como-secretaria-general-adjunta\/#breadcrumb"},"inLanguage":"en-US","potentialAction":[{"@type":"ReadAction","target":["https:\/\/ciiam.org\/en\/CIIAM-refuerza-su-equipo-con-el-nombramiento-de-maria-paula-jijon-como-secretaria-general-adjunta\/"]}]},{"@type":"ImageObject","inLanguage":"en-US","@id":"https:\/\/ciiam.org\/en\/CIIAM-refuerza-su-equipo-con-el-nombramiento-de-maria-paula-jijon-como-secretaria-general-adjunta\/#primaryimage","url":"https:\/\/ciiam.org\/wp-content\/uploads\/2024\/10\/Captura-de-pantalla-2024-10-01-130216.png","contentUrl":"https:\/\/ciiam.org\/wp-content\/uploads\/2024\/10\/Captura-de-pantalla-2024-10-01-130216.png","width":836,"height":402},{"@type":"BreadcrumbList","@id":"https:\/\/ciiam.org\/en\/CIIAM-refuerza-su-equipo-con-el-nombramiento-de-maria-paula-jijon-como-secretaria-general-adjunta\/#breadcrumb","itemListElement":[{"@type":"ListItem","position":1,"name":"CIAM","item":"https:\/\/ciiam.org\/en\/"},{"@type":"ListItem","position":2,"name":"CIIAM refuerza su equipo con el nombramiento de Mar\u00eda Paula Jij\u00f3n como secretaria general adjunta"}]},{"@type":"WebSite","@id":"https:\/\/ciiam.org\/en\/#website","url":"https:\/\/ciiam.org\/en\/","name":"CIIAM","description":"Centro Internacional e Iberoamericano de Arbitraje de Madrid","publisher":{"@id":"https:\/\/ciiam.org\/en\/#organization"},"potentialAction":[{"@type":"SearchAction","target":{"@type":"EntryPoint","urlTemplate":"https:\/\/ciiam.org\/en\/?s={search_term_string}"},"query-input":{"@type":"PropertyValueSpecification","valueRequired":true,"valueName":"search_term_string"}}],"inLanguage":"en-US"},{"@type":"Organization","@id":"https:\/\/ciiam.org\/en\/#organization","name":"Centro Internacional e Iberoamericano de Arbitraje de Madrid","alternateName":"CIIAM","url":"https:\/\/ciiam.org\/en\/","logo":{"@type":"ImageObject","inLanguage":"en-US","@id":"https:\/\/ciiam.org\/en\/#\/schema\/logo\/image\/","url":"https:\/\/ciiam.org\/wp-content\/uploads\/2026\/01\/favicon.png","contentUrl":"https:\/\/ciiam.org\/wp-content\/uploads\/2026\/01\/favicon.png","width":500,"height":500,"caption":"Centro Internacional e Iberoamericano de Arbitraje de Madrid"},"image":{"@id":"https:\/\/ciiam.org\/en\/#\/schema\/logo\/image\/"},"sameAs":["https:\/\/www.linkedin.com\/company\/ciam-centro-internacional-arbitraje-madrid?trk=d_public_post_image","https:\/\/www.youtube.com\/channel\/UCU2OI7SAQFv5uXAZ4qO4ALg"]},{"@type":"Person","@id":"https:\/\/ciiam.org\/en\/#\/schema\/person\/d11b69fd6be9dfb32edb8758b44c599f","name":"P. Moraleda","image":{"@type":"ImageObject","inLanguage":"en-US","@id":"https:\/\/secure.gravatar.com\/avatar\/fe6c4f5a609355ad487e648d2b4aebf57a2fa1e7508fc4a6bd1d2b5420b286df?s=96&d=mm&r=g","url":"https:\/\/secure.gravatar.com\/avatar\/fe6c4f5a609355ad487e648d2b4aebf57a2fa1e7508fc4a6bd1d2b5420b286df?s=96&d=mm&r=g","contentUrl":"https:\/\/secure.gravatar.com\/avatar\/fe6c4f5a609355ad487e648d2b4aebf57a2fa1e7508fc4a6bd1d2b5420b286df?s=96&d=mm&r=g","caption":"P. Moraleda"},"url":"https:\/\/ciiam.org\/en\/author\/3on1a-0sed-24\/"}]}},"_links":{"self":[{"href":"https:\/\/ciiam.org\/en\/wp-json\/wp\/v2\/posts\/27806","targetHints":{"allow":["GET"]}}],"collection":[{"href":"https:\/\/ciiam.org\/en\/wp-json\/wp\/v2\/posts"}],"about":[{"href":"https:\/\/ciiam.org\/en\/wp-json\/wp\/v2\/types\/post"}],"author":[{"embeddable":true,"href":"https:\/\/ciiam.org\/en\/wp-json\/wp\/v2\/users\/18"}],"replies":[{"embeddable":true,"href":"https:\/\/ciiam.org\/en\/wp-json\/wp\/v2\/comments?post=27806"}],"version-history":[{"count":4,"href":"https:\/\/ciiam.org\/en\/wp-json\/wp\/v2\/posts\/27806\/revisions"}],"predecessor-version":[{"id":27820,"href":"https:\/\/ciiam.org\/en\/wp-json\/wp\/v2\/posts\/27806\/revisions\/27820"}],"wp:featuredmedia":[{"embeddable":true,"href":"https:\/\/ciiam.org\/en\/wp-json\/wp\/v2\/media\/27815"}],"wp:attachment":[{"href":"https:\/\/ciiam.org\/en\/wp-json\/wp\/v2\/media?parent=27806"}],"wp:term":[{"taxonomy":"category","embeddable":true,"href":"https:\/\/ciiam.org\/en\/wp-json\/wp\/v2\/categories?post=27806"},{"taxonomy":"post_tag","embeddable":true,"href":"https:\/\/ciiam.org\/en\/wp-json\/wp\/v2\/tags?post=27806"}],"curies":[{"name":"wp","href":"https:\/\/api.w.org\/{rel}","templated":true}]}}