{"id":28510,"date":"2024-10-16T15:44:01","date_gmt":"2024-10-16T15:44:01","guid":{"rendered":"https:\/\/ciiam.org\/?p=28510"},"modified":"2024-10-16T15:46:12","modified_gmt":"2024-10-16T15:46:12","slug":"CIIAM-participa-en-la-xvii-competicion-internacional-de-arbitraje-en-quito","status":"publish","type":"post","link":"https:\/\/ciiam.org\/en\/CIIAM-participa-en-la-xvii-competicion-internacional-de-arbitraje-en-quito\/","title":{"rendered":"CIIAM participa en la XVII Competici\u00f3n Internacional de Arbitraje en Quito"},"content":{"rendered":"<ul>\n<li>CIIAM refuerza su posicionamiento en Iberoam\u00e9rica tras su participaci\u00f3n en diversos eventos de alto nivel celebrados en Ecuador.<\/li>\n<\/ul>\n<p><strong>Madrid,\u00a0 16 de octubre de 2024.-<\/strong> El presidente de <strong>CIIAM,<\/strong> Jos\u00e9 Mar\u00eda Alonso, y la secretaria general adjunta, Mar\u00eda Paula Jij\u00f3n, han representado a la instituci\u00f3n en la<strong> XVII Competencia Internacional de Arbitraje<\/strong> organizada por la Universidad de Buenos Aires y la Universidad del Rosario, as\u00ed como en encuentros clave con destacadas empresas y organizaciones del sector jur\u00eddico y empresarial ecuatoriano.<\/p>\n<p>Durante la competici\u00f3n, los estudiantes de m\u00e1s de 50 universidades iberoamericanas han trabajado con el Anexo 4 del Reglamento CIIAM 2024, lo que les ha permitido familiarizarse con las herramientas m\u00e1s avanzadas para la resoluci\u00f3n de disputas internacionales. Jos\u00e9 Mar\u00eda Alonso ha presidido la ronda final y ha ofrecido un discurso el que ha destacado el liderazgo de los abogados iberoamericanos en el arbitraje internacional, subrayando que <em>&#8220;debemos creernos nuestro potencial&#8221;<\/em>, en referencia a la calidad y competitividad de la regi\u00f3n frente a otros mercados jur\u00eddicos.<\/p>\n<p>Mar\u00eda Paula Jij\u00f3n, por su parte, ha actuado como \u00e1rbitro en las rondas eliminatorias.<\/p>\n<p>Asimismo, el presidente de CIIAM y la secretaria general adjunta han intervenido en la <strong>XV Conferencia de Arbitraje Internacional<\/strong> organizada por AMCHAM Ecuador y el Instituto Ecuatoriano de Arbitraje (IEA) donde Jos\u00e9 Mar\u00eda Alonso ha sido el Keynote Speaker en una entrevista realizada por Hugo Garc\u00eda, socio de Bustamante Fabara, mientras que Mar\u00eda Paula Jij\u00f3n ha formado parte de un panel sobre la eficiencia en la gesti\u00f3n de casos arbitrales.<\/p>\n<p><strong>Encuentros clave con el sector arbitral ecuatoriano<\/strong><\/p>\n<p>Por otra parte, los representantes de CIIAM han compartido un desayuno de trabajo con abogados <em>in-house<\/em> de empresas tan reconocidas como Telef\u00f3nica, Holcim, Plus Petrol, Quiport, entre otras.\u00a0 Este encuentro ha tenido como base rese\u00f1ar el papel del Centro en la modernizaci\u00f3n del arbitraje internacional y las oportunidades de colaboraci\u00f3n con el sector privado.<\/p>\n<p>De igual forma, Jos\u00e9 Mar\u00eda Alonso junto con la participaci\u00f3n del Instituto Ecuatoriano de Arbitraje y el el Club Espa\u00f1ol e Iberoamericano de Arbitraje, ha impartido una charla magistral en la Facultad de Jurisprudencia de la Universidad de San Francisco de Quito sobre los retos y ventajas de codificar buenas pr\u00e1cticas en el arbitraje internacional.<\/p>\n<p>Con estas iniciativas, CIIAM reafirma su compromiso con la promoci\u00f3n de la excelencia, la eficiencia y la transparencia en el arbitraje internacional, consolid\u00e1ndose como referente para la comunidad iberoamericana.<\/p>\n","protected":false},"excerpt":{"rendered":"<p>CIIAM refuerza su posicionamiento en Iberoam\u00e9rica tras su participaci\u00f3n en diversos eventos de alto nivel celebrados en Ecuador. Madrid,\u00a0 16 de octubre de 2024.- El presidente de CIIAM, Jos\u00e9 Mar\u00eda Alonso, y la secretaria general adjunta, Mar\u00eda Paula Jij\u00f3n, han representado a la instituci\u00f3n en la XVII Competencia Internacional de Arbitraje organizada por la Universidad [&hellip;]<\/p>\n","protected":false},"author":18,"featured_media":28511,"comment_status":"closed","ping_status":"open","sticky":false,"template":"","format":"standard","meta":{"footnotes":""},"categories":[17],"tags":[],"class_list":["post-28510","post","type-post","status-publish","format-standard","has-post-thumbnail","hentry","category-actualidad"],"yoast_head":"<!-- This site is optimized with the Yoast SEO plugin v27.3 - https:\/\/yoast.com\/product\/yoast-seo-wordpress\/ -->\n<title>CIIAM participa en la XVII Competici\u00f3n Internacional de Arbitraje en Quito - CIIAM<\/title>\n<meta name=\"robots\" content=\"index, follow, max-snippet:-1, max-image-preview:large, max-video-preview:-1\" \/>\n<link rel=\"canonical\" href=\"https:\/\/ciiam.org\/en\/CIIAM-participa-en-la-xvii-competicion-internacional-de-arbitraje-en-quito\/\" \/>\n<meta property=\"og:locale\" content=\"en_US\" \/>\n<meta property=\"og:type\" content=\"article\" \/>\n<meta property=\"og:title\" content=\"CIIAM participa en la XVII Competici\u00f3n Internacional de Arbitraje en Quito - CIIAM\" \/>\n<meta property=\"og:description\" content=\"CIIAM refuerza su posicionamiento en Iberoam\u00e9rica tras su participaci\u00f3n en diversos eventos de alto nivel celebrados en Ecuador. Madrid,\u00a0 16 de octubre de 2024.- El presidente de CIIAM, Jos\u00e9 Mar\u00eda Alonso, y la secretaria general adjunta, Mar\u00eda Paula Jij\u00f3n, han representado a la instituci\u00f3n en la XVII Competencia Internacional de Arbitraje organizada por la Universidad [&hellip;]\" \/>\n<meta property=\"og:url\" content=\"https:\/\/ciiam.org\/en\/CIIAM-participa-en-la-xvii-competicion-internacional-de-arbitraje-en-quito\/\" \/>\n<meta property=\"og:site_name\" content=\"CIIAM\" \/>\n<meta property=\"article:published_time\" content=\"2024-10-16T15:44:01+00:00\" \/>\n<meta property=\"article:modified_time\" content=\"2024-10-16T15:46:12+00:00\" \/>\n<meta property=\"og:image\" content=\"https:\/\/ciiam.org\/wp-content\/uploads\/2024\/10\/FOTO-POSIBLE-PORTADA-WEB-e1729086012101.jpg\" \/>\n\t<meta property=\"og:image:width\" content=\"1032\" \/>\n\t<meta property=\"og:image:height\" content=\"962\" \/>\n\t<meta property=\"og:image:type\" content=\"image\/jpeg\" \/>\n<meta name=\"author\" content=\"P. Moraleda\" \/>\n<meta name=\"twitter:card\" content=\"summary_large_image\" \/>\n<meta name=\"twitter:label1\" content=\"Written by\" \/>\n\t<meta name=\"twitter:data1\" content=\"P. Moraleda\" \/>\n\t<meta name=\"twitter:label2\" content=\"Est. reading time\" \/>\n\t<meta name=\"twitter:data2\" content=\"3 minutes\" \/>\n<script type=\"application\/ld+json\" class=\"yoast-schema-graph\">{\"@context\":\"https:\\\/\\\/schema.org\",\"@graph\":[{\"@type\":\"Article\",\"@id\":\"https:\\\/\\\/ciiam.org\\\/en\\\/CIIAM-participa-en-la-xvii-competicion-internacional-de-arbitraje-en-quito\\\/#article\",\"isPartOf\":{\"@id\":\"https:\\\/\\\/ciiam.org\\\/en\\\/CIIAM-participa-en-la-xvii-competicion-internacional-de-arbitraje-en-quito\\\/\"},\"author\":{\"name\":\"P. Moraleda\",\"@id\":\"https:\\\/\\\/ciiam.org\\\/en\\\/#\\\/schema\\\/person\\\/d11b69fd6be9dfb32edb8758b44c599f\"},\"headline\":\"CIIAM participa en la XVII Competici\u00f3n Internacional de Arbitraje en Quito\",\"datePublished\":\"2024-10-16T15:44:01+00:00\",\"dateModified\":\"2024-10-16T15:46:12+00:00\",\"mainEntityOfPage\":{\"@id\":\"https:\\\/\\\/ciiam.org\\\/en\\\/CIIAM-participa-en-la-xvii-competicion-internacional-de-arbitraje-en-quito\\\/\"},\"wordCount\":433,\"publisher\":{\"@id\":\"https:\\\/\\\/ciiam.org\\\/en\\\/#organization\"},\"image\":{\"@id\":\"https:\\\/\\\/ciiam.org\\\/en\\\/CIIAM-participa-en-la-xvii-competicion-internacional-de-arbitraje-en-quito\\\/#primaryimage\"},\"thumbnailUrl\":\"https:\\\/\\\/ciiam.org\\\/wp-content\\\/uploads\\\/2024\\\/10\\\/FOTO-POSIBLE-PORTADA-WEB-e1729086012101.jpg\",\"articleSection\":[\"Actualidad\"],\"inLanguage\":\"en-US\"},{\"@type\":\"WebPage\",\"@id\":\"https:\\\/\\\/ciiam.org\\\/en\\\/CIIAM-participa-en-la-xvii-competicion-internacional-de-arbitraje-en-quito\\\/\",\"url\":\"https:\\\/\\\/ciiam.org\\\/en\\\/CIIAM-participa-en-la-xvii-competicion-internacional-de-arbitraje-en-quito\\\/\",\"name\":\"CIIAM participa en la XVII Competici\u00f3n Internacional de Arbitraje en Quito - CIIAM\",\"isPartOf\":{\"@id\":\"https:\\\/\\\/ciiam.org\\\/en\\\/#website\"},\"primaryImageOfPage\":{\"@id\":\"https:\\\/\\\/ciiam.org\\\/en\\\/CIIAM-participa-en-la-xvii-competicion-internacional-de-arbitraje-en-quito\\\/#primaryimage\"},\"image\":{\"@id\":\"https:\\\/\\\/ciiam.org\\\/en\\\/CIIAM-participa-en-la-xvii-competicion-internacional-de-arbitraje-en-quito\\\/#primaryimage\"},\"thumbnailUrl\":\"https:\\\/\\\/ciiam.org\\\/wp-content\\\/uploads\\\/2024\\\/10\\\/FOTO-POSIBLE-PORTADA-WEB-e1729086012101.jpg\",\"datePublished\":\"2024-10-16T15:44:01+00:00\",\"dateModified\":\"2024-10-16T15:46:12+00:00\",\"breadcrumb\":{\"@id\":\"https:\\\/\\\/ciiam.org\\\/en\\\/CIIAM-participa-en-la-xvii-competicion-internacional-de-arbitraje-en-quito\\\/#breadcrumb\"},\"inLanguage\":\"en-US\",\"potentialAction\":[{\"@type\":\"ReadAction\",\"target\":[\"https:\\\/\\\/ciiam.org\\\/en\\\/CIIAM-participa-en-la-xvii-competicion-internacional-de-arbitraje-en-quito\\\/\"]}]},{\"@type\":\"ImageObject\",\"inLanguage\":\"en-US\",\"@id\":\"https:\\\/\\\/ciiam.org\\\/en\\\/CIIAM-participa-en-la-xvii-competicion-internacional-de-arbitraje-en-quito\\\/#primaryimage\",\"url\":\"https:\\\/\\\/ciiam.org\\\/wp-content\\\/uploads\\\/2024\\\/10\\\/FOTO-POSIBLE-PORTADA-WEB-e1729086012101.jpg\",\"contentUrl\":\"https:\\\/\\\/ciiam.org\\\/wp-content\\\/uploads\\\/2024\\\/10\\\/FOTO-POSIBLE-PORTADA-WEB-e1729086012101.jpg\",\"width\":1032,\"height\":962},{\"@type\":\"BreadcrumbList\",\"@id\":\"https:\\\/\\\/ciiam.org\\\/en\\\/CIIAM-participa-en-la-xvii-competicion-internacional-de-arbitraje-en-quito\\\/#breadcrumb\",\"itemListElement\":[{\"@type\":\"ListItem\",\"position\":1,\"name\":\"CIAM\",\"item\":\"https:\\\/\\\/ciiam.org\\\/en\\\/\"},{\"@type\":\"ListItem\",\"position\":2,\"name\":\"CIIAM participa en la XVII Competici\u00f3n Internacional de Arbitraje en Quito\"}]},{\"@type\":\"WebSite\",\"@id\":\"https:\\\/\\\/ciiam.org\\\/en\\\/#website\",\"url\":\"https:\\\/\\\/ciiam.org\\\/en\\\/\",\"name\":\"CIIAM\",\"description\":\"Centro Internacional e Iberoamericano de Arbitraje de Madrid\",\"publisher\":{\"@id\":\"https:\\\/\\\/ciiam.org\\\/en\\\/#organization\"},\"potentialAction\":[{\"@type\":\"SearchAction\",\"target\":{\"@type\":\"EntryPoint\",\"urlTemplate\":\"https:\\\/\\\/ciiam.org\\\/en\\\/?s={search_term_string}\"},\"query-input\":{\"@type\":\"PropertyValueSpecification\",\"valueRequired\":true,\"valueName\":\"search_term_string\"}}],\"inLanguage\":\"en-US\"},{\"@type\":\"Organization\",\"@id\":\"https:\\\/\\\/ciiam.org\\\/en\\\/#organization\",\"name\":\"Centro Internacional e Iberoamericano de Arbitraje de Madrid\",\"alternateName\":\"CIIAM\",\"url\":\"https:\\\/\\\/ciiam.org\\\/en\\\/\",\"logo\":{\"@type\":\"ImageObject\",\"inLanguage\":\"en-US\",\"@id\":\"https:\\\/\\\/ciiam.org\\\/en\\\/#\\\/schema\\\/logo\\\/image\\\/\",\"url\":\"https:\\\/\\\/ciiam.org\\\/wp-content\\\/uploads\\\/2026\\\/01\\\/favicon.png\",\"contentUrl\":\"https:\\\/\\\/ciiam.org\\\/wp-content\\\/uploads\\\/2026\\\/01\\\/favicon.png\",\"width\":500,\"height\":500,\"caption\":\"Centro Internacional e Iberoamericano de Arbitraje de Madrid\"},\"image\":{\"@id\":\"https:\\\/\\\/ciiam.org\\\/en\\\/#\\\/schema\\\/logo\\\/image\\\/\"},\"sameAs\":[\"https:\\\/\\\/www.linkedin.com\\\/company\\\/ciam-centro-internacional-arbitraje-madrid?trk=d_public_post_image\",\"https:\\\/\\\/www.youtube.com\\\/channel\\\/UCU2OI7SAQFv5uXAZ4qO4ALg\"]},{\"@type\":\"Person\",\"@id\":\"https:\\\/\\\/ciiam.org\\\/en\\\/#\\\/schema\\\/person\\\/d11b69fd6be9dfb32edb8758b44c599f\",\"name\":\"P. Moraleda\",\"image\":{\"@type\":\"ImageObject\",\"inLanguage\":\"en-US\",\"@id\":\"https:\\\/\\\/secure.gravatar.com\\\/avatar\\\/fe6c4f5a609355ad487e648d2b4aebf57a2fa1e7508fc4a6bd1d2b5420b286df?s=96&d=mm&r=g\",\"url\":\"https:\\\/\\\/secure.gravatar.com\\\/avatar\\\/fe6c4f5a609355ad487e648d2b4aebf57a2fa1e7508fc4a6bd1d2b5420b286df?s=96&d=mm&r=g\",\"contentUrl\":\"https:\\\/\\\/secure.gravatar.com\\\/avatar\\\/fe6c4f5a609355ad487e648d2b4aebf57a2fa1e7508fc4a6bd1d2b5420b286df?s=96&d=mm&r=g\",\"caption\":\"P. Moraleda\"},\"url\":\"https:\\\/\\\/ciiam.org\\\/en\\\/author\\\/3on1a-0sed-24\\\/\"}]}<\/script>\n<!-- \/ Yoast SEO plugin. -->","yoast_head_json":{"title":"CIIAM participa en la XVII Competici\u00f3n Internacional de Arbitraje en Quito - CIIAM","robots":{"index":"index","follow":"follow","max-snippet":"max-snippet:-1","max-image-preview":"max-image-preview:large","max-video-preview":"max-video-preview:-1"},"canonical":"https:\/\/ciiam.org\/en\/CIIAM-participa-en-la-xvii-competicion-internacional-de-arbitraje-en-quito\/","og_locale":"en_US","og_type":"article","og_title":"CIIAM participa en la XVII Competici\u00f3n Internacional de Arbitraje en Quito - CIIAM","og_description":"CIIAM refuerza su posicionamiento en Iberoam\u00e9rica tras su participaci\u00f3n en diversos eventos de alto nivel celebrados en Ecuador. Madrid,\u00a0 16 de octubre de 2024.- El presidente de CIIAM, Jos\u00e9 Mar\u00eda Alonso, y la secretaria general adjunta, Mar\u00eda Paula Jij\u00f3n, han representado a la instituci\u00f3n en la XVII Competencia Internacional de Arbitraje organizada por la Universidad [&hellip;]","og_url":"https:\/\/ciiam.org\/en\/CIIAM-participa-en-la-xvii-competicion-internacional-de-arbitraje-en-quito\/","og_site_name":"CIIAM","article_published_time":"2024-10-16T15:44:01+00:00","article_modified_time":"2024-10-16T15:46:12+00:00","og_image":[{"width":1032,"height":962,"url":"https:\/\/ciiam.org\/wp-content\/uploads\/2024\/10\/FOTO-POSIBLE-PORTADA-WEB-e1729086012101.jpg","type":"image\/jpeg"}],"author":"P. Moraleda","twitter_card":"summary_large_image","twitter_misc":{"Written by":"P. Moraleda","Est. reading time":"3 minutes"},"schema":{"@context":"https:\/\/schema.org","@graph":[{"@type":"Article","@id":"https:\/\/ciiam.org\/en\/CIIAM-participa-en-la-xvii-competicion-internacional-de-arbitraje-en-quito\/#article","isPartOf":{"@id":"https:\/\/ciiam.org\/en\/CIIAM-participa-en-la-xvii-competicion-internacional-de-arbitraje-en-quito\/"},"author":{"name":"P. Moraleda","@id":"https:\/\/ciiam.org\/en\/#\/schema\/person\/d11b69fd6be9dfb32edb8758b44c599f"},"headline":"CIIAM participa en la XVII Competici\u00f3n Internacional de Arbitraje en Quito","datePublished":"2024-10-16T15:44:01+00:00","dateModified":"2024-10-16T15:46:12+00:00","mainEntityOfPage":{"@id":"https:\/\/ciiam.org\/en\/CIIAM-participa-en-la-xvii-competicion-internacional-de-arbitraje-en-quito\/"},"wordCount":433,"publisher":{"@id":"https:\/\/ciiam.org\/en\/#organization"},"image":{"@id":"https:\/\/ciiam.org\/en\/CIIAM-participa-en-la-xvii-competicion-internacional-de-arbitraje-en-quito\/#primaryimage"},"thumbnailUrl":"https:\/\/ciiam.org\/wp-content\/uploads\/2024\/10\/FOTO-POSIBLE-PORTADA-WEB-e1729086012101.jpg","articleSection":["Actualidad"],"inLanguage":"en-US"},{"@type":"WebPage","@id":"https:\/\/ciiam.org\/en\/CIIAM-participa-en-la-xvii-competicion-internacional-de-arbitraje-en-quito\/","url":"https:\/\/ciiam.org\/en\/CIIAM-participa-en-la-xvii-competicion-internacional-de-arbitraje-en-quito\/","name":"CIIAM participa en la XVII Competici\u00f3n Internacional de Arbitraje en Quito - CIIAM","isPartOf":{"@id":"https:\/\/ciiam.org\/en\/#website"},"primaryImageOfPage":{"@id":"https:\/\/ciiam.org\/en\/CIIAM-participa-en-la-xvii-competicion-internacional-de-arbitraje-en-quito\/#primaryimage"},"image":{"@id":"https:\/\/ciiam.org\/en\/CIIAM-participa-en-la-xvii-competicion-internacional-de-arbitraje-en-quito\/#primaryimage"},"thumbnailUrl":"https:\/\/ciiam.org\/wp-content\/uploads\/2024\/10\/FOTO-POSIBLE-PORTADA-WEB-e1729086012101.jpg","datePublished":"2024-10-16T15:44:01+00:00","dateModified":"2024-10-16T15:46:12+00:00","breadcrumb":{"@id":"https:\/\/ciiam.org\/en\/CIIAM-participa-en-la-xvii-competicion-internacional-de-arbitraje-en-quito\/#breadcrumb"},"inLanguage":"en-US","potentialAction":[{"@type":"ReadAction","target":["https:\/\/ciiam.org\/en\/CIIAM-participa-en-la-xvii-competicion-internacional-de-arbitraje-en-quito\/"]}]},{"@type":"ImageObject","inLanguage":"en-US","@id":"https:\/\/ciiam.org\/en\/CIIAM-participa-en-la-xvii-competicion-internacional-de-arbitraje-en-quito\/#primaryimage","url":"https:\/\/ciiam.org\/wp-content\/uploads\/2024\/10\/FOTO-POSIBLE-PORTADA-WEB-e1729086012101.jpg","contentUrl":"https:\/\/ciiam.org\/wp-content\/uploads\/2024\/10\/FOTO-POSIBLE-PORTADA-WEB-e1729086012101.jpg","width":1032,"height":962},{"@type":"BreadcrumbList","@id":"https:\/\/ciiam.org\/en\/CIIAM-participa-en-la-xvii-competicion-internacional-de-arbitraje-en-quito\/#breadcrumb","itemListElement":[{"@type":"ListItem","position":1,"name":"CIAM","item":"https:\/\/ciiam.org\/en\/"},{"@type":"ListItem","position":2,"name":"CIIAM participa en la XVII Competici\u00f3n Internacional de Arbitraje en Quito"}]},{"@type":"WebSite","@id":"https:\/\/ciiam.org\/en\/#website","url":"https:\/\/ciiam.org\/en\/","name":"CIIAM","description":"Centro Internacional e Iberoamericano de Arbitraje de Madrid","publisher":{"@id":"https:\/\/ciiam.org\/en\/#organization"},"potentialAction":[{"@type":"SearchAction","target":{"@type":"EntryPoint","urlTemplate":"https:\/\/ciiam.org\/en\/?s={search_term_string}"},"query-input":{"@type":"PropertyValueSpecification","valueRequired":true,"valueName":"search_term_string"}}],"inLanguage":"en-US"},{"@type":"Organization","@id":"https:\/\/ciiam.org\/en\/#organization","name":"Centro Internacional e Iberoamericano de Arbitraje de Madrid","alternateName":"CIIAM","url":"https:\/\/ciiam.org\/en\/","logo":{"@type":"ImageObject","inLanguage":"en-US","@id":"https:\/\/ciiam.org\/en\/#\/schema\/logo\/image\/","url":"https:\/\/ciiam.org\/wp-content\/uploads\/2026\/01\/favicon.png","contentUrl":"https:\/\/ciiam.org\/wp-content\/uploads\/2026\/01\/favicon.png","width":500,"height":500,"caption":"Centro Internacional e Iberoamericano de Arbitraje de Madrid"},"image":{"@id":"https:\/\/ciiam.org\/en\/#\/schema\/logo\/image\/"},"sameAs":["https:\/\/www.linkedin.com\/company\/ciam-centro-internacional-arbitraje-madrid?trk=d_public_post_image","https:\/\/www.youtube.com\/channel\/UCU2OI7SAQFv5uXAZ4qO4ALg"]},{"@type":"Person","@id":"https:\/\/ciiam.org\/en\/#\/schema\/person\/d11b69fd6be9dfb32edb8758b44c599f","name":"P. Moraleda","image":{"@type":"ImageObject","inLanguage":"en-US","@id":"https:\/\/secure.gravatar.com\/avatar\/fe6c4f5a609355ad487e648d2b4aebf57a2fa1e7508fc4a6bd1d2b5420b286df?s=96&d=mm&r=g","url":"https:\/\/secure.gravatar.com\/avatar\/fe6c4f5a609355ad487e648d2b4aebf57a2fa1e7508fc4a6bd1d2b5420b286df?s=96&d=mm&r=g","contentUrl":"https:\/\/secure.gravatar.com\/avatar\/fe6c4f5a609355ad487e648d2b4aebf57a2fa1e7508fc4a6bd1d2b5420b286df?s=96&d=mm&r=g","caption":"P. Moraleda"},"url":"https:\/\/ciiam.org\/en\/author\/3on1a-0sed-24\/"}]}},"_links":{"self":[{"href":"https:\/\/ciiam.org\/en\/wp-json\/wp\/v2\/posts\/28510","targetHints":{"allow":["GET"]}}],"collection":[{"href":"https:\/\/ciiam.org\/en\/wp-json\/wp\/v2\/posts"}],"about":[{"href":"https:\/\/ciiam.org\/en\/wp-json\/wp\/v2\/types\/post"}],"author":[{"embeddable":true,"href":"https:\/\/ciiam.org\/en\/wp-json\/wp\/v2\/users\/18"}],"replies":[{"embeddable":true,"href":"https:\/\/ciiam.org\/en\/wp-json\/wp\/v2\/comments?post=28510"}],"version-history":[{"count":7,"href":"https:\/\/ciiam.org\/en\/wp-json\/wp\/v2\/posts\/28510\/revisions"}],"predecessor-version":[{"id":28519,"href":"https:\/\/ciiam.org\/en\/wp-json\/wp\/v2\/posts\/28510\/revisions\/28519"}],"wp:featuredmedia":[{"embeddable":true,"href":"https:\/\/ciiam.org\/en\/wp-json\/wp\/v2\/media\/28511"}],"wp:attachment":[{"href":"https:\/\/ciiam.org\/en\/wp-json\/wp\/v2\/media?parent=28510"}],"wp:term":[{"taxonomy":"category","embeddable":true,"href":"https:\/\/ciiam.org\/en\/wp-json\/wp\/v2\/categories?post=28510"},{"taxonomy":"post_tag","embeddable":true,"href":"https:\/\/ciiam.org\/en\/wp-json\/wp\/v2\/tags?post=28510"}],"curies":[{"name":"wp","href":"https:\/\/api.w.org\/{rel}","templated":true}]}}