{"id":28563,"date":"2024-11-11T12:16:31","date_gmt":"2024-11-11T12:16:31","guid":{"rendered":"https:\/\/ciiam.org\/?p=28563"},"modified":"2024-11-13T11:07:51","modified_gmt":"2024-11-13T11:07:51","slug":"CIIAM-ceia-ministerio-asuntos-exteriores-promueven-uso-espanol-arbitrajes-internacionales","status":"publish","type":"post","link":"https:\/\/ciiam.org\/en\/CIIAM-ceia-ministerio-asuntos-exteriores-promueven-uso-espanol-arbitrajes-internacionales\/","title":{"rendered":"CIAM- CIAR, CEIA y el Ministerio de Asuntos Exteriores promueven el uso del espa\u00f1ol en los arbitrajes internacionales"},"content":{"rendered":"<p>Las tres instituciones suscriben un Manifiesto por el Uso del Espa\u00f1ol en el Arbitraje Internacional en el marco del Congreso Internacional \u201cLa lengua espa\u00f1ola y el derecho internacional\u201d organizado por la Real Academia de Jurisprudencia y Legislaci\u00f3n de Espa\u00f1a<\/p>\n<p><strong>Madrid, 11\/11\/2024.-<\/strong> El Ministerio de Asuntos Exteriores, Uni\u00f3n Europea y Cooperaci\u00f3n, el Centro Internacional de Arbitraje de Madrid-Centro Iberoamericano de Arbitraje (CIAM\u2013CIAR) y el Club Espa\u00f1ol e Iberoamericano del Arbitraje (CEIA) han suscrito un Manifiesto para promover el espa\u00f1ol como lengua en procedimientos arbitrales, especialmente en aquellos que involucren a partes iberoamericanas. El documento se ha suscrito en el marco del Congreso Internacional \u201cLa lengua espa\u00f1ola y el derecho internacional\u201d organizado por la Real Academia de Jurisprudencia y Legislaci\u00f3n de Espa\u00f1a.<\/p>\n<p>En el \u00e1mbito empresarial iberoamericano, el espa\u00f1ol desempe\u00f1a un papel vital en el comercio global, con un crecimiento continuo en los flujos de capital y exportaciones Sur-Sur y Sur-Norte. Sin embargo, seg\u00fan el Manifiesto, \u201ca pesar de que alrededor del 20% de las partes en arbitrajes comerciales o de inversi\u00f3n son iberoamericanas, menos del 10% de dichos procedimientos se llevan a cabo en espa\u00f1ol\u201d.<\/p>\n<p>El director general del Espa\u00f1ol en el Mundo, <strong>Guillermo Escribano<\/strong>, ha enfatizado el papel del espa\u00f1ol como lengua global, como segunda lengua materna del mundo, con casi 500 millones de hablantes, y su creciente peso en las relaciones internacionales y en la econom\u00eda mundial. Ha asegurado que el arbitraje ha abierto un campo de desarrollo, expansi\u00f3n y estudio para el Ministerio de Exteriores que \u201capoya y promueve la lengua espa\u00f1ola como veh\u00edculo esencial de negociaci\u00f3n y divulgaci\u00f3n cient\u00edfica y econ\u00f3mica, con especial incidencia en el sector jur\u00eddico internacional\u201d.<\/p>\n<p>Por su parte, <strong>Jos\u00e9 Mar\u00eda Alonso<\/strong>, presidente de CIIAM ha subrayado que, al promover el espa\u00f1ol como idioma en los procedimientos de arbitraje, los abogados garantizar\u00e1n una representaci\u00f3n efectiva de sus clientes y contribuir\u00e1n a la eficacia del arbitraje internacional como m\u00e9todo de resoluci\u00f3n de disputas. \u201cEs conveniente recordarlo a los prescriptores de las cl\u00e1usulas arbitrales cuando est\u00e9n negociando la misma y cuando tenga sentido incluir el espa\u00f1ol como idioma del arbitraje\u201d, ha a\u00f1adido.<\/p>\n<p>Por su parte, <strong>Alfonso Iglesia,<\/strong> presidente del Club Espa\u00f1ol e Iberoamericano del Arbitraje, ha destacado que la comunidad arbitral iberoamericana ha ido tomando conciencia de la importancia del uso del espa\u00f1ol en los procedimientos arbitrales en los que intervienen partes iberoamericanas para la mejor defensa de sus intereses, y que el espa\u00f1ol es ya la segunda lengua m\u00e1s utilizada en el arbitraje internacional. Con la firma del Manifiesto buscamos seguir incrementando el uso de la lenga espa\u00f1ola.<\/p>\n<p>Este Manifiesto servir\u00e1 como plataforma para que instituciones, juristas y entidades puedan adherirse y contribuir a la expansi\u00f3n del uso del espa\u00f1ol en el arbitraje internacional. Las tres instituciones se encargar\u00e1n de promoverlo y, a tal efecto, han habilitado una direcci\u00f3n de correo electr\u00f3nico (manifiesto.espanol@clubarbitraje.com) y un formulario espec\u00edfico para poder tramitar todas las adhesiones.<\/p>\n<p>En el documento se recuerda que \u201clos abogados se encuentran en una posici\u00f3n privilegiada para fomentar el espa\u00f1ol como lengua del arbitraje en procedimientos que involucren partes iberoamericanas. As\u00ed, en la medida en que act\u00faen en nombre propio o representen partes iberoamericanas en contratos internacionales o procedimientos arbitrales y el uso del espa\u00f1ol resulte conveniente para los intereses de sus clientes, deber\u00edan utilizar nuestro idioma\u201d.<\/p>\n<p><img fetchpriority=\"high\" decoding=\"async\" class=\" wp-image-28568 aligncenter\" src=\"https:\/\/ciiam.org\/wp-content\/uploads\/2024\/11\/Firma-1-225x300.jpeg\" alt=\"\" width=\"300\" height=\"400\" data-wp-editing=\"1\" srcset=\"https:\/\/ciiam.org\/wp-content\/uploads\/2024\/11\/Firma-1-225x300.jpeg 225w, https:\/\/ciiam.org\/wp-content\/uploads\/2024\/11\/Firma-1-768x1024.jpeg 768w, https:\/\/ciiam.org\/wp-content\/uploads\/2024\/11\/Firma-1-300x400.jpeg 300w, https:\/\/ciiam.org\/wp-content\/uploads\/2024\/11\/Firma-1-1152x1536.jpeg 1152w, https:\/\/ciiam.org\/wp-content\/uploads\/2024\/11\/Firma-1.jpeg 1200w\" sizes=\"(max-width: 300px) 100vw, 300px\" \/><\/p>\n<p><img decoding=\"async\" class=\" wp-image-28570 aligncenter\" src=\"https:\/\/ciiam.org\/wp-content\/uploads\/2024\/11\/Firma-2-225x300.jpeg\" alt=\"\" width=\"300\" height=\"400\" srcset=\"https:\/\/ciiam.org\/wp-content\/uploads\/2024\/11\/Firma-2-225x300.jpeg 225w, https:\/\/ciiam.org\/wp-content\/uploads\/2024\/11\/Firma-2-768x1024.jpeg 768w, https:\/\/ciiam.org\/wp-content\/uploads\/2024\/11\/Firma-2-300x400.jpeg 300w, https:\/\/ciiam.org\/wp-content\/uploads\/2024\/11\/Firma-2-1152x1536.jpeg 1152w, https:\/\/ciiam.org\/wp-content\/uploads\/2024\/11\/Firma-2.jpeg 1200w\" sizes=\"(max-width: 300px) 100vw, 300px\" \/><\/p>\n","protected":false},"excerpt":{"rendered":"<p>Las tres instituciones suscriben un Manifiesto por el Uso del Espa\u00f1ol en el Arbitraje Internacional en el marco del Congreso Internacional \u201cLa lengua espa\u00f1ola y el derecho internacional\u201d organizado por la Real Academia de Jurisprudencia y Legislaci\u00f3n de Espa\u00f1a Madrid, 11\/11\/2024.- El Ministerio de Asuntos Exteriores, Uni\u00f3n Europea y Cooperaci\u00f3n, el Centro Internacional de Arbitraje [&hellip;]<\/p>\n","protected":false},"author":18,"featured_media":28566,"comment_status":"closed","ping_status":"open","sticky":false,"template":"","format":"standard","meta":{"footnotes":""},"categories":[17],"tags":[23,192,461],"class_list":["post-28563","post","type-post","status-publish","format-standard","has-post-thumbnail","hentry","category-actualidad","tag-arbitraje","tag-espanol","tag-manifiesto"],"yoast_head":"<!-- This site is optimized with the Yoast SEO plugin v27.3 - https:\/\/yoast.com\/product\/yoast-seo-wordpress\/ -->\n<title>CIAM- CIAR, CEIA y el Ministerio de Asuntos Exteriores promueven el uso del espa\u00f1ol en los arbitrajes internacionales<\/title>\n<meta name=\"description\" content=\"Las tres instituciones suscriben un Manifiesto por el Uso del Espa\u00f1ol en el Arbitraje Internacional en el marco del Congreso Internacional.\" \/>\n<meta name=\"robots\" content=\"index, follow, max-snippet:-1, max-image-preview:large, max-video-preview:-1\" \/>\n<link rel=\"canonical\" href=\"https:\/\/ciiam.org\/en\/CIIAM-ceia-ministerio-asuntos-exteriores-promueven-uso-espanol-arbitrajes-internacionales\/\" \/>\n<meta property=\"og:locale\" content=\"en_US\" \/>\n<meta property=\"og:type\" content=\"article\" \/>\n<meta property=\"og:title\" content=\"CIAM- CIAR, CEIA y el Ministerio de Asuntos Exteriores promueven el uso del espa\u00f1ol en los arbitrajes internacionales\" \/>\n<meta property=\"og:description\" content=\"Las tres instituciones suscriben un Manifiesto por el Uso del Espa\u00f1ol en el Arbitraje Internacional en el marco del Congreso Internacional.\" \/>\n<meta property=\"og:url\" content=\"https:\/\/ciiam.org\/en\/CIIAM-ceia-ministerio-asuntos-exteriores-promueven-uso-espanol-arbitrajes-internacionales\/\" \/>\n<meta property=\"og:site_name\" content=\"CIIAM\" \/>\n<meta property=\"article:published_time\" content=\"2024-11-11T12:16:31+00:00\" \/>\n<meta property=\"article:modified_time\" content=\"2024-11-13T11:07:51+00:00\" \/>\n<meta property=\"og:image\" content=\"https:\/\/ciiam.org\/wp-content\/uploads\/2024\/11\/Foto-familia.jpeg\" \/>\n\t<meta property=\"og:image:width\" content=\"1600\" \/>\n\t<meta property=\"og:image:height\" content=\"1200\" \/>\n\t<meta property=\"og:image:type\" content=\"image\/jpeg\" \/>\n<meta name=\"author\" content=\"P. Moraleda\" \/>\n<meta name=\"twitter:card\" content=\"summary_large_image\" \/>\n<meta name=\"twitter:label1\" content=\"Written by\" \/>\n\t<meta name=\"twitter:data1\" content=\"P. Moraleda\" \/>\n\t<meta name=\"twitter:label2\" content=\"Est. reading time\" \/>\n\t<meta name=\"twitter:data2\" content=\"4 minutes\" \/>\n<script type=\"application\/ld+json\" class=\"yoast-schema-graph\">{\"@context\":\"https:\\\/\\\/schema.org\",\"@graph\":[{\"@type\":\"Article\",\"@id\":\"https:\\\/\\\/ciiam.org\\\/en\\\/CIIAM-ceia-ministerio-asuntos-exteriores-promueven-uso-espanol-arbitrajes-internacionales\\\/#article\",\"isPartOf\":{\"@id\":\"https:\\\/\\\/ciiam.org\\\/en\\\/CIIAM-ceia-ministerio-asuntos-exteriores-promueven-uso-espanol-arbitrajes-internacionales\\\/\"},\"author\":{\"name\":\"P. Moraleda\",\"@id\":\"https:\\\/\\\/ciiam.org\\\/en\\\/#\\\/schema\\\/person\\\/d11b69fd6be9dfb32edb8758b44c599f\"},\"headline\":\"CIAM- CIAR, CEIA y el Ministerio de Asuntos Exteriores promueven el uso del espa\u00f1ol en los arbitrajes internacionales\",\"datePublished\":\"2024-11-11T12:16:31+00:00\",\"dateModified\":\"2024-11-13T11:07:51+00:00\",\"mainEntityOfPage\":{\"@id\":\"https:\\\/\\\/ciiam.org\\\/en\\\/CIIAM-ceia-ministerio-asuntos-exteriores-promueven-uso-espanol-arbitrajes-internacionales\\\/\"},\"wordCount\":617,\"publisher\":{\"@id\":\"https:\\\/\\\/ciiam.org\\\/en\\\/#organization\"},\"image\":{\"@id\":\"https:\\\/\\\/ciiam.org\\\/en\\\/CIIAM-ceia-ministerio-asuntos-exteriores-promueven-uso-espanol-arbitrajes-internacionales\\\/#primaryimage\"},\"thumbnailUrl\":\"https:\\\/\\\/ciiam.org\\\/wp-content\\\/uploads\\\/2024\\\/11\\\/Foto-familia.jpeg\",\"keywords\":[\"Arbitraje\",\"espa\u00f1ol\",\"manifiesto\"],\"articleSection\":[\"Actualidad\"],\"inLanguage\":\"en-US\"},{\"@type\":\"WebPage\",\"@id\":\"https:\\\/\\\/ciiam.org\\\/en\\\/CIIAM-ceia-ministerio-asuntos-exteriores-promueven-uso-espanol-arbitrajes-internacionales\\\/\",\"url\":\"https:\\\/\\\/ciiam.org\\\/en\\\/CIIAM-ceia-ministerio-asuntos-exteriores-promueven-uso-espanol-arbitrajes-internacionales\\\/\",\"name\":\"CIAM- CIAR, CEIA y el Ministerio de Asuntos Exteriores promueven el uso del espa\u00f1ol en los arbitrajes internacionales\",\"isPartOf\":{\"@id\":\"https:\\\/\\\/ciiam.org\\\/en\\\/#website\"},\"primaryImageOfPage\":{\"@id\":\"https:\\\/\\\/ciiam.org\\\/en\\\/CIIAM-ceia-ministerio-asuntos-exteriores-promueven-uso-espanol-arbitrajes-internacionales\\\/#primaryimage\"},\"image\":{\"@id\":\"https:\\\/\\\/ciiam.org\\\/en\\\/CIIAM-ceia-ministerio-asuntos-exteriores-promueven-uso-espanol-arbitrajes-internacionales\\\/#primaryimage\"},\"thumbnailUrl\":\"https:\\\/\\\/ciiam.org\\\/wp-content\\\/uploads\\\/2024\\\/11\\\/Foto-familia.jpeg\",\"datePublished\":\"2024-11-11T12:16:31+00:00\",\"dateModified\":\"2024-11-13T11:07:51+00:00\",\"description\":\"Las tres instituciones suscriben un Manifiesto por el Uso del Espa\u00f1ol en el Arbitraje Internacional en el marco del Congreso Internacional.\",\"breadcrumb\":{\"@id\":\"https:\\\/\\\/ciiam.org\\\/en\\\/CIIAM-ceia-ministerio-asuntos-exteriores-promueven-uso-espanol-arbitrajes-internacionales\\\/#breadcrumb\"},\"inLanguage\":\"en-US\",\"potentialAction\":[{\"@type\":\"ReadAction\",\"target\":[\"https:\\\/\\\/ciiam.org\\\/en\\\/CIIAM-ceia-ministerio-asuntos-exteriores-promueven-uso-espanol-arbitrajes-internacionales\\\/\"]}]},{\"@type\":\"ImageObject\",\"inLanguage\":\"en-US\",\"@id\":\"https:\\\/\\\/ciiam.org\\\/en\\\/CIIAM-ceia-ministerio-asuntos-exteriores-promueven-uso-espanol-arbitrajes-internacionales\\\/#primaryimage\",\"url\":\"https:\\\/\\\/ciiam.org\\\/wp-content\\\/uploads\\\/2024\\\/11\\\/Foto-familia.jpeg\",\"contentUrl\":\"https:\\\/\\\/ciiam.org\\\/wp-content\\\/uploads\\\/2024\\\/11\\\/Foto-familia.jpeg\",\"width\":1600,\"height\":1200},{\"@type\":\"BreadcrumbList\",\"@id\":\"https:\\\/\\\/ciiam.org\\\/en\\\/CIIAM-ceia-ministerio-asuntos-exteriores-promueven-uso-espanol-arbitrajes-internacionales\\\/#breadcrumb\",\"itemListElement\":[{\"@type\":\"ListItem\",\"position\":1,\"name\":\"CIAM\",\"item\":\"https:\\\/\\\/ciiam.org\\\/en\\\/\"},{\"@type\":\"ListItem\",\"position\":2,\"name\":\"CIAM- CIAR, CEIA y el Ministerio de Asuntos Exteriores promueven el uso del espa\u00f1ol en los arbitrajes internacionales\"}]},{\"@type\":\"WebSite\",\"@id\":\"https:\\\/\\\/ciiam.org\\\/en\\\/#website\",\"url\":\"https:\\\/\\\/ciiam.org\\\/en\\\/\",\"name\":\"CIIAM\",\"description\":\"Centro Internacional e Iberoamericano de Arbitraje de Madrid\",\"publisher\":{\"@id\":\"https:\\\/\\\/ciiam.org\\\/en\\\/#organization\"},\"potentialAction\":[{\"@type\":\"SearchAction\",\"target\":{\"@type\":\"EntryPoint\",\"urlTemplate\":\"https:\\\/\\\/ciiam.org\\\/en\\\/?s={search_term_string}\"},\"query-input\":{\"@type\":\"PropertyValueSpecification\",\"valueRequired\":true,\"valueName\":\"search_term_string\"}}],\"inLanguage\":\"en-US\"},{\"@type\":\"Organization\",\"@id\":\"https:\\\/\\\/ciiam.org\\\/en\\\/#organization\",\"name\":\"Centro Internacional e Iberoamericano de Arbitraje de Madrid\",\"alternateName\":\"CIIAM\",\"url\":\"https:\\\/\\\/ciiam.org\\\/en\\\/\",\"logo\":{\"@type\":\"ImageObject\",\"inLanguage\":\"en-US\",\"@id\":\"https:\\\/\\\/ciiam.org\\\/en\\\/#\\\/schema\\\/logo\\\/image\\\/\",\"url\":\"https:\\\/\\\/ciiam.org\\\/wp-content\\\/uploads\\\/2026\\\/01\\\/favicon.png\",\"contentUrl\":\"https:\\\/\\\/ciiam.org\\\/wp-content\\\/uploads\\\/2026\\\/01\\\/favicon.png\",\"width\":500,\"height\":500,\"caption\":\"Centro Internacional e Iberoamericano de Arbitraje de Madrid\"},\"image\":{\"@id\":\"https:\\\/\\\/ciiam.org\\\/en\\\/#\\\/schema\\\/logo\\\/image\\\/\"},\"sameAs\":[\"https:\\\/\\\/www.linkedin.com\\\/company\\\/ciam-centro-internacional-arbitraje-madrid?trk=d_public_post_image\",\"https:\\\/\\\/www.youtube.com\\\/channel\\\/UCU2OI7SAQFv5uXAZ4qO4ALg\"]},{\"@type\":\"Person\",\"@id\":\"https:\\\/\\\/ciiam.org\\\/en\\\/#\\\/schema\\\/person\\\/d11b69fd6be9dfb32edb8758b44c599f\",\"name\":\"P. Moraleda\",\"image\":{\"@type\":\"ImageObject\",\"inLanguage\":\"en-US\",\"@id\":\"https:\\\/\\\/secure.gravatar.com\\\/avatar\\\/fe6c4f5a609355ad487e648d2b4aebf57a2fa1e7508fc4a6bd1d2b5420b286df?s=96&d=mm&r=g\",\"url\":\"https:\\\/\\\/secure.gravatar.com\\\/avatar\\\/fe6c4f5a609355ad487e648d2b4aebf57a2fa1e7508fc4a6bd1d2b5420b286df?s=96&d=mm&r=g\",\"contentUrl\":\"https:\\\/\\\/secure.gravatar.com\\\/avatar\\\/fe6c4f5a609355ad487e648d2b4aebf57a2fa1e7508fc4a6bd1d2b5420b286df?s=96&d=mm&r=g\",\"caption\":\"P. Moraleda\"},\"url\":\"https:\\\/\\\/ciiam.org\\\/en\\\/author\\\/3on1a-0sed-24\\\/\"}]}<\/script>\n<!-- \/ Yoast SEO plugin. -->","yoast_head_json":{"title":"CIAM- CIAR, CEIA y el Ministerio de Asuntos Exteriores promueven el uso del espa\u00f1ol en los arbitrajes internacionales","description":"Las tres instituciones suscriben un Manifiesto por el Uso del Espa\u00f1ol en el Arbitraje Internacional en el marco del Congreso Internacional.","robots":{"index":"index","follow":"follow","max-snippet":"max-snippet:-1","max-image-preview":"max-image-preview:large","max-video-preview":"max-video-preview:-1"},"canonical":"https:\/\/ciiam.org\/en\/CIIAM-ceia-ministerio-asuntos-exteriores-promueven-uso-espanol-arbitrajes-internacionales\/","og_locale":"en_US","og_type":"article","og_title":"CIAM- CIAR, CEIA y el Ministerio de Asuntos Exteriores promueven el uso del espa\u00f1ol en los arbitrajes internacionales","og_description":"Las tres instituciones suscriben un Manifiesto por el Uso del Espa\u00f1ol en el Arbitraje Internacional en el marco del Congreso Internacional.","og_url":"https:\/\/ciiam.org\/en\/CIIAM-ceia-ministerio-asuntos-exteriores-promueven-uso-espanol-arbitrajes-internacionales\/","og_site_name":"CIIAM","article_published_time":"2024-11-11T12:16:31+00:00","article_modified_time":"2024-11-13T11:07:51+00:00","og_image":[{"width":1600,"height":1200,"url":"https:\/\/ciiam.org\/wp-content\/uploads\/2024\/11\/Foto-familia.jpeg","type":"image\/jpeg"}],"author":"P. Moraleda","twitter_card":"summary_large_image","twitter_misc":{"Written by":"P. Moraleda","Est. reading time":"4 minutes"},"schema":{"@context":"https:\/\/schema.org","@graph":[{"@type":"Article","@id":"https:\/\/ciiam.org\/en\/CIIAM-ceia-ministerio-asuntos-exteriores-promueven-uso-espanol-arbitrajes-internacionales\/#article","isPartOf":{"@id":"https:\/\/ciiam.org\/en\/CIIAM-ceia-ministerio-asuntos-exteriores-promueven-uso-espanol-arbitrajes-internacionales\/"},"author":{"name":"P. Moraleda","@id":"https:\/\/ciiam.org\/en\/#\/schema\/person\/d11b69fd6be9dfb32edb8758b44c599f"},"headline":"CIAM- CIAR, CEIA y el Ministerio de Asuntos Exteriores promueven el uso del espa\u00f1ol en los arbitrajes internacionales","datePublished":"2024-11-11T12:16:31+00:00","dateModified":"2024-11-13T11:07:51+00:00","mainEntityOfPage":{"@id":"https:\/\/ciiam.org\/en\/CIIAM-ceia-ministerio-asuntos-exteriores-promueven-uso-espanol-arbitrajes-internacionales\/"},"wordCount":617,"publisher":{"@id":"https:\/\/ciiam.org\/en\/#organization"},"image":{"@id":"https:\/\/ciiam.org\/en\/CIIAM-ceia-ministerio-asuntos-exteriores-promueven-uso-espanol-arbitrajes-internacionales\/#primaryimage"},"thumbnailUrl":"https:\/\/ciiam.org\/wp-content\/uploads\/2024\/11\/Foto-familia.jpeg","keywords":["Arbitraje","espa\u00f1ol","manifiesto"],"articleSection":["Actualidad"],"inLanguage":"en-US"},{"@type":"WebPage","@id":"https:\/\/ciiam.org\/en\/CIIAM-ceia-ministerio-asuntos-exteriores-promueven-uso-espanol-arbitrajes-internacionales\/","url":"https:\/\/ciiam.org\/en\/CIIAM-ceia-ministerio-asuntos-exteriores-promueven-uso-espanol-arbitrajes-internacionales\/","name":"CIAM- CIAR, CEIA y el Ministerio de Asuntos Exteriores promueven el uso del espa\u00f1ol en los arbitrajes internacionales","isPartOf":{"@id":"https:\/\/ciiam.org\/en\/#website"},"primaryImageOfPage":{"@id":"https:\/\/ciiam.org\/en\/CIIAM-ceia-ministerio-asuntos-exteriores-promueven-uso-espanol-arbitrajes-internacionales\/#primaryimage"},"image":{"@id":"https:\/\/ciiam.org\/en\/CIIAM-ceia-ministerio-asuntos-exteriores-promueven-uso-espanol-arbitrajes-internacionales\/#primaryimage"},"thumbnailUrl":"https:\/\/ciiam.org\/wp-content\/uploads\/2024\/11\/Foto-familia.jpeg","datePublished":"2024-11-11T12:16:31+00:00","dateModified":"2024-11-13T11:07:51+00:00","description":"Las tres instituciones suscriben un Manifiesto por el Uso del Espa\u00f1ol en el Arbitraje Internacional en el marco del Congreso Internacional.","breadcrumb":{"@id":"https:\/\/ciiam.org\/en\/CIIAM-ceia-ministerio-asuntos-exteriores-promueven-uso-espanol-arbitrajes-internacionales\/#breadcrumb"},"inLanguage":"en-US","potentialAction":[{"@type":"ReadAction","target":["https:\/\/ciiam.org\/en\/CIIAM-ceia-ministerio-asuntos-exteriores-promueven-uso-espanol-arbitrajes-internacionales\/"]}]},{"@type":"ImageObject","inLanguage":"en-US","@id":"https:\/\/ciiam.org\/en\/CIIAM-ceia-ministerio-asuntos-exteriores-promueven-uso-espanol-arbitrajes-internacionales\/#primaryimage","url":"https:\/\/ciiam.org\/wp-content\/uploads\/2024\/11\/Foto-familia.jpeg","contentUrl":"https:\/\/ciiam.org\/wp-content\/uploads\/2024\/11\/Foto-familia.jpeg","width":1600,"height":1200},{"@type":"BreadcrumbList","@id":"https:\/\/ciiam.org\/en\/CIIAM-ceia-ministerio-asuntos-exteriores-promueven-uso-espanol-arbitrajes-internacionales\/#breadcrumb","itemListElement":[{"@type":"ListItem","position":1,"name":"CIAM","item":"https:\/\/ciiam.org\/en\/"},{"@type":"ListItem","position":2,"name":"CIAM- CIAR, CEIA y el Ministerio de Asuntos Exteriores promueven el uso del espa\u00f1ol en los arbitrajes internacionales"}]},{"@type":"WebSite","@id":"https:\/\/ciiam.org\/en\/#website","url":"https:\/\/ciiam.org\/en\/","name":"CIIAM","description":"Centro Internacional e Iberoamericano de Arbitraje de Madrid","publisher":{"@id":"https:\/\/ciiam.org\/en\/#organization"},"potentialAction":[{"@type":"SearchAction","target":{"@type":"EntryPoint","urlTemplate":"https:\/\/ciiam.org\/en\/?s={search_term_string}"},"query-input":{"@type":"PropertyValueSpecification","valueRequired":true,"valueName":"search_term_string"}}],"inLanguage":"en-US"},{"@type":"Organization","@id":"https:\/\/ciiam.org\/en\/#organization","name":"Centro Internacional e Iberoamericano de Arbitraje de Madrid","alternateName":"CIIAM","url":"https:\/\/ciiam.org\/en\/","logo":{"@type":"ImageObject","inLanguage":"en-US","@id":"https:\/\/ciiam.org\/en\/#\/schema\/logo\/image\/","url":"https:\/\/ciiam.org\/wp-content\/uploads\/2026\/01\/favicon.png","contentUrl":"https:\/\/ciiam.org\/wp-content\/uploads\/2026\/01\/favicon.png","width":500,"height":500,"caption":"Centro Internacional e Iberoamericano de Arbitraje de Madrid"},"image":{"@id":"https:\/\/ciiam.org\/en\/#\/schema\/logo\/image\/"},"sameAs":["https:\/\/www.linkedin.com\/company\/ciam-centro-internacional-arbitraje-madrid?trk=d_public_post_image","https:\/\/www.youtube.com\/channel\/UCU2OI7SAQFv5uXAZ4qO4ALg"]},{"@type":"Person","@id":"https:\/\/ciiam.org\/en\/#\/schema\/person\/d11b69fd6be9dfb32edb8758b44c599f","name":"P. Moraleda","image":{"@type":"ImageObject","inLanguage":"en-US","@id":"https:\/\/secure.gravatar.com\/avatar\/fe6c4f5a609355ad487e648d2b4aebf57a2fa1e7508fc4a6bd1d2b5420b286df?s=96&d=mm&r=g","url":"https:\/\/secure.gravatar.com\/avatar\/fe6c4f5a609355ad487e648d2b4aebf57a2fa1e7508fc4a6bd1d2b5420b286df?s=96&d=mm&r=g","contentUrl":"https:\/\/secure.gravatar.com\/avatar\/fe6c4f5a609355ad487e648d2b4aebf57a2fa1e7508fc4a6bd1d2b5420b286df?s=96&d=mm&r=g","caption":"P. Moraleda"},"url":"https:\/\/ciiam.org\/en\/author\/3on1a-0sed-24\/"}]}},"_links":{"self":[{"href":"https:\/\/ciiam.org\/en\/wp-json\/wp\/v2\/posts\/28563","targetHints":{"allow":["GET"]}}],"collection":[{"href":"https:\/\/ciiam.org\/en\/wp-json\/wp\/v2\/posts"}],"about":[{"href":"https:\/\/ciiam.org\/en\/wp-json\/wp\/v2\/types\/post"}],"author":[{"embeddable":true,"href":"https:\/\/ciiam.org\/en\/wp-json\/wp\/v2\/users\/18"}],"replies":[{"embeddable":true,"href":"https:\/\/ciiam.org\/en\/wp-json\/wp\/v2\/comments?post=28563"}],"version-history":[{"count":4,"href":"https:\/\/ciiam.org\/en\/wp-json\/wp\/v2\/posts\/28563\/revisions"}],"predecessor-version":[{"id":28573,"href":"https:\/\/ciiam.org\/en\/wp-json\/wp\/v2\/posts\/28563\/revisions\/28573"}],"wp:featuredmedia":[{"embeddable":true,"href":"https:\/\/ciiam.org\/en\/wp-json\/wp\/v2\/media\/28566"}],"wp:attachment":[{"href":"https:\/\/ciiam.org\/en\/wp-json\/wp\/v2\/media?parent=28563"}],"wp:term":[{"taxonomy":"category","embeddable":true,"href":"https:\/\/ciiam.org\/en\/wp-json\/wp\/v2\/categories?post=28563"},{"taxonomy":"post_tag","embeddable":true,"href":"https:\/\/ciiam.org\/en\/wp-json\/wp\/v2\/tags?post=28563"}],"curies":[{"name":"wp","href":"https:\/\/api.w.org\/{rel}","templated":true}]}}