{"id":2859,"date":"2020-01-15T10:58:25","date_gmt":"2020-01-15T10:58:25","guid":{"rendered":"https:\/\/ciiam.org\/?p=2859"},"modified":"2020-04-17T17:31:59","modified_gmt":"2020-04-17T17:31:59","slug":"melanie-riofrio-piche-nueva-secretaria-general-del-ciam","status":"publish","type":"post","link":"https:\/\/ciiam.org\/en\/melanie-riofrio-piche-nueva-secretaria-general-del-ciam\/","title":{"rendered":"M\u00e9lanie Riofrio Pich\u00e9, nueva Secretaria General del CIAM"},"content":{"rendered":"\t\t<div data-elementor-type=\"wp-post\" data-elementor-id=\"2859\" class=\"elementor elementor-2859\" data-elementor-post-type=\"post\">\n\t\t\t\t<\/p>\n<p>El Centro Internacional de Arbitraje de Madrid (CIAM)\u00a0<strong>ha nombrado a M\u00e9lanie Riofrio Pich\u00e9 como Secretaria General<\/strong>. La nueva l\u00edder lleva tras de s\u00ed una dilatada experiencia en el mundo del arbitraje: ha participado en numerosos procesos comerciales y de inversi\u00f3n y tiene una amplia trayectoria en la conducci\u00f3n de procedimientos complejos al amparo de diferentes reglamentos. Adem\u00e1s, por su conocimiento del sector, ha sido seleccionada durante dos a\u00f1os consecutivos por\u00a0<em>Who\u2019s Who Legal<\/em>\u00a0como una de las futuras l\u00edderes de la pr\u00e1ctica arbitral.<\/p>\n<div id=\"cds_gpt-INTEXT\" data-google-query-id=\"CPjPh5LS0-gCFQSRGwod4IcAfQ\">\n<div id=\"google_ads_iframe_7811748\/elpais_finanzas_cincodias_web\/legal\/noticias\/intext_0__container__\">Jos\u00e9 Antonio Ca\u00ednzos, presidente de CIAM, ha avalado el reconocimiento de Riofrio Pich\u00e9 en el sector jur\u00eddico, en concreto en la pr\u00e1ctica arbitral, y ha se\u00f1alado que su experiencia, perfil y valores &#8220;son una pieza clave para lograr los objetivos y posicionar a CIAM en el mercado internacional\u201d. Para el desarrollo de sus funciones, la nueva Secretar\u00eda General contar\u00e1 con el apoyo de tres vicesecretarios: Adolfo D\u00edaz-Ambrona, D\u00e1maso Ria\u00f1o y Francisco Ruiz Risue\u00f1o.<\/div>\n<\/div>\n<p>\u00a0<\/p>\t\t\t\t\t\t\t\t<\/div>\n\t\t\t\t<\/div>\n\t\t\t\t<div class=\"elementor-element elementor-element-a379efe elementor-blockquote--skin-quotation elementor-blockquote--align-left elementor-widget elementor-widget-blockquote\" data-id=\"a379efe\" data-element_type=\"widget\" data-e-type=\"widget\" data-widget_type=\"blockquote.default\">\n\t\t\t\t<div class=\"elementor-widget-container\">\n\t\t\t\t\t\t\t<blockquote class=\"elementor-blockquote\">\n\t\t\t<p class=\"elementor-blockquote__content\">\n\t\t\t\tSu dilatada experiencia contribuir\u00e1 a posicionar a la Corte Internacional de Arbitraje en Madrid en el mercado global\t\t\t<\/p>\n\t\t\t\t\t<\/blockquote>\n\t\t\t\t\t\t<\/div>\n\t\t\t\t<\/div>\n\t\t\t\t<div class=\"elementor-element elementor-element-c026254 elementor-widget elementor-widget-text-editor\" data-id=\"c026254\" data-element_type=\"widget\" data-e-type=\"widget\" data-widget_type=\"text-editor.default\">\n\t\t\t\t<div class=\"elementor-widget-container\">\n\t\t\t\t\t\t\t\t\t<p><\/p>\n<div id=\"cds_gpt-INTEXT\" data-google-query-id=\"CPjPh5LS0-gCFQSRGwod4IcAfQ\">\n<div>\u00a0<\/div>\n<\/div>\n<h3>Trayectoria consolidada<\/h3>\n<p>Riofrio Pich\u00e9 tambi\u00e9n ha actuado como presidenta de tribunal, \u00e1rbitro \u00fanico y secretaria de tribunal en arbitrajes nacionales e internacionales. Su experiencia profesional incluye per\u00edodos en la Corte Internacional de Arbitraje de la CCI en Par\u00eds y en la Corte Permanente de Arbitraje en La Haya. Riofrio Pich\u00e9 combina su faceta profesional con la actividad acad\u00e9mica, pues ha colaborado como docente en ESADE Business and Law School y en el Instituto de Empresa (IE Law School), y es fundadora y directora del International Arbitration Seminars &amp; Course (IASC), una asociaci\u00f3n dedicada a la promoci\u00f3n del arbitraje a trav\u00e9s de cursos y actividades de formaci\u00f3n.<\/p>\t\t\t\t\t\t\t\t<\/div>\n\t\t\t\t<\/div>\n\t\t\t\t\t<\/div>\n\t\t<\/div>\n\t\t\t\t\t<\/div>\n\t\t<\/section>\n\t\t\t\t<section class=\"elementor-section elementor-top-section elementor-element elementor-element-4b0519b3 elementor-section-boxed elementor-section-height-default elementor-section-height-default\" data-id=\"4b0519b3\" data-element_type=\"section\" data-e-type=\"section\" data-settings=\"{&quot;jet_parallax_layout_list&quot;:[{&quot;jet_parallax_layout_image&quot;:{&quot;url&quot;:&quot;&quot;,&quot;id&quot;:&quot;&quot;,&quot;size&quot;:&quot;&quot;},&quot;_id&quot;:&quot;31848c0&quot;,&quot;jet_parallax_layout_image_tablet&quot;:{&quot;url&quot;:&quot;&quot;,&quot;id&quot;:&quot;&quot;,&quot;size&quot;:&quot;&quot;},&quot;jet_parallax_layout_image_mobile&quot;:{&quot;url&quot;:&quot;&quot;,&quot;id&quot;:&quot;&quot;,&quot;size&quot;:&quot;&quot;},&quot;jet_parallax_layout_speed&quot;:{&quot;unit&quot;:&quot;%&quot;,&quot;size&quot;:50,&quot;sizes&quot;:[]},&quot;jet_parallax_layout_type&quot;:&quot;scroll&quot;,&quot;jet_parallax_layout_direction&quot;:&quot;1&quot;,&quot;jet_parallax_layout_fx_direction&quot;:null,&quot;jet_parallax_layout_z_index&quot;:&quot;&quot;,&quot;jet_parallax_layout_bg_x&quot;:50,&quot;jet_parallax_layout_bg_y&quot;:50,&quot;jet_parallax_layout_bg_size&quot;:&quot;auto&quot;,&quot;jet_parallax_layout_animation_prop&quot;:&quot;transform&quot;,&quot;jet_parallax_layout_on&quot;:[&quot;desktop&quot;,&quot;tablet&quot;],&quot;jet_parallax_layout_bg_x_tablet&quot;:&quot;&quot;,&quot;jet_parallax_layout_bg_x_mobile&quot;:&quot;&quot;,&quot;jet_parallax_layout_bg_y_tablet&quot;:&quot;&quot;,&quot;jet_parallax_layout_bg_y_mobile&quot;:&quot;&quot;,&quot;jet_parallax_layout_bg_size_tablet&quot;:&quot;&quot;,&quot;jet_parallax_layout_bg_size_mobile&quot;:&quot;&quot;}]}\">\n\t\t\t\t\t\t<div class=\"elementor-container elementor-column-gap-default\">\n\t\t\t\t\t<div class=\"elementor-column elementor-col-100 elementor-top-column elementor-element elementor-element-7f7e50ab\" data-id=\"7f7e50ab\" data-element_type=\"column\" data-e-type=\"column\">\n\t\t\t<div class=\"elementor-widget-wrap elementor-element-populated\">\n\t\t\t\t\t\t<div class=\"elementor-element elementor-element-19f1eb5 elementor-widget elementor-widget-text-editor\" data-id=\"19f1eb5\" data-element_type=\"widget\" data-e-type=\"widget\" data-widget_type=\"text-editor.default\">\n\t\t\t\t<div class=\"elementor-widget-container\">\n\t\t\t\t\t\t\t\t\t<p><span style=\"font-size: 12pt;\"><em>Noticia publicada en el diario <span style=\"text-decoration: underline;\"><a href=\"https:\/\/cincodias.elpais.com\/cincodias\/2020\/01\/15\/legal\/1579106469_650016.html\" target=\"_blank\" rel=\"noopener\">Cincodias<\/a><\/span><\/em><\/span><\/p>\t\t\t\t\t\t\t\t<\/div>\n\t\t\t\t<\/div>\n\t\t\t\t<div class=\"elementor-element elementor-element-099c6ae elementor-widget elementor-widget-text-editor\" data-id=\"099c6ae\" data-element_type=\"widget\" data-e-type=\"widget\" data-widget_type=\"text-editor.default\">\n\t\t\t\t<div class=\"elementor-widget-container\">\n\t\t\t\t\t\t\t\t\t<p><\/p>\n<p>El Centro Internacional de Arbitraje de Madrid (CIAM)\u00a0<strong>ha nombrado a M\u00e9lanie Riofrio Pich\u00e9 como Secretaria General<\/strong>. La nueva l\u00edder lleva tras de s\u00ed una dilatada experiencia en el mundo del arbitraje: ha participado en numerosos procesos comerciales y de inversi\u00f3n y tiene una amplia trayectoria en la conducci\u00f3n de procedimientos complejos al amparo de diferentes reglamentos. Adem\u00e1s, por su conocimiento del sector, ha sido seleccionada durante dos a\u00f1os consecutivos por\u00a0<em>Who\u2019s Who Legal<\/em>\u00a0como una de las futuras l\u00edderes de la pr\u00e1ctica arbitral.<\/p>\n<div id=\"cds_gpt-INTEXT\" data-google-query-id=\"CPjPh5LS0-gCFQSRGwod4IcAfQ\">\n<div id=\"google_ads_iframe_7811748\/elpais_finanzas_cincodias_web\/legal\/noticias\/intext_0__container__\">Jos\u00e9 Antonio Ca\u00ednzos, presidente de CIAM, ha avalado el reconocimiento de Riofrio Pich\u00e9 en el sector jur\u00eddico, en concreto en la pr\u00e1ctica arbitral, y ha se\u00f1alado que su experiencia, perfil y valores &#8220;son una pieza clave para lograr los objetivos y posicionar a CIAM en el mercado internacional\u201d. Para el desarrollo de sus funciones, la nueva Secretar\u00eda General contar\u00e1 con el apoyo de tres vicesecretarios: Adolfo D\u00edaz-Ambrona, D\u00e1maso Ria\u00f1o y Francisco Ruiz Risue\u00f1o.<\/div>\n<\/div>\n<p>\u00a0<\/p>\t\t\t\t\t\t\t\t<\/div>\n\t\t\t\t<\/div>\n\t\t\t\t<div class=\"elementor-element elementor-element-a379efe elementor-blockquote--skin-quotation elementor-blockquote--align-left elementor-widget elementor-widget-blockquote\" data-id=\"a379efe\" data-element_type=\"widget\" data-e-type=\"widget\" data-widget_type=\"blockquote.default\">\n\t\t\t\t<div class=\"elementor-widget-container\">\n\t\t\t\t\t\t\t<blockquote class=\"elementor-blockquote\">\n\t\t\t<p class=\"elementor-blockquote__content\">\n\t\t\t\tSu dilatada experiencia contribuir\u00e1 a posicionar a la Corte Internacional de Arbitraje en Madrid en el mercado global\t\t\t<\/p>\n\t\t\t\t\t<\/blockquote>\n\t\t\t\t\t\t<\/div>\n\t\t\t\t<\/div>\n\t\t\t\t<div class=\"elementor-element elementor-element-c026254 elementor-widget elementor-widget-text-editor\" data-id=\"c026254\" data-element_type=\"widget\" data-e-type=\"widget\" data-widget_type=\"text-editor.default\">\n\t\t\t\t<div class=\"elementor-widget-container\">\n\t\t\t\t\t\t\t\t\t<p><!-- wp:paragraph --><\/p>\n<div id=\"cds_gpt-INTEXT\" data-google-query-id=\"CPjPh5LS0-gCFQSRGwod4IcAfQ\">\n<div>\u00a0<\/div>\n<\/div>\n<h3>Trayectoria consolidada<\/h3>\n<p>Riofrio Pich\u00e9 tambi\u00e9n ha actuado como presidenta de tribunal, \u00e1rbitro \u00fanico y secretaria de tribunal en arbitrajes nacionales e internacionales. Su experiencia profesional incluye per\u00edodos en la Corte Internacional de Arbitraje de la CCI en Par\u00eds y en la Corte Permanente de Arbitraje en La Haya. Riofrio Pich\u00e9 combina su faceta profesional con la actividad acad\u00e9mica, pues ha colaborado como docente en ESADE Business and Law School y en el Instituto de Empresa (IE Law School), y es fundadora y directora del International Arbitration Seminars &amp; Course (IASC), una asociaci\u00f3n dedicada a la promoci\u00f3n del arbitraje a trav\u00e9s de cursos y actividades de formaci\u00f3n.<\/p>\t\t\t\t\t\t\t\t<\/div>\n\t\t\t\t<\/div>\n\t\t\t\t\t<\/div>\n\t\t<\/div>\n\t\t\t\t\t<\/div>\n\t\t<\/section>\n\t\t\t\t<\/div>\n\t\t","protected":false},"excerpt":{"rendered":"<p>El Centro Internacional de Arbitraje de Madrid (CIAM) ha nombrado a M\u00e9lanie Riofrio Pich\u00e9 como Secretaria General. Su dilatada experiencia contribuir\u00e1 a posicionar a la Corte Internacional de Arbitraje en Madrid en el mercado global.<\/p>\n","protected":false},"author":2,"featured_media":2997,"comment_status":"closed","ping_status":"open","sticky":false,"template":"","format":"standard","meta":{"footnotes":""},"categories":[17],"tags":[],"class_list":["post-2859","post","type-post","status-publish","format-standard","has-post-thumbnail","hentry","category-actualidad"],"yoast_head":"<!-- This site is optimized with the Yoast SEO plugin v27.3 - https:\/\/yoast.com\/product\/yoast-seo-wordpress\/ -->\n<title>M\u00e9lanie Riofrio Pich\u00e9, nueva Secretaria General del CIAM - CIIAM<\/title>\n<meta name=\"description\" content=\"El Centro Internacional de Arbitraje de Madrid (CIAM) ha nombrado a M\u00e9lanie Riofrio Pich\u00e9 como Secretaria General.\" \/>\n<meta name=\"robots\" content=\"index, follow, max-snippet:-1, max-image-preview:large, max-video-preview:-1\" \/>\n<link rel=\"canonical\" href=\"https:\/\/ciiam.org\/en\/melanie-riofrio-piche-nueva-secretaria-general-del-ciam\/\" \/>\n<meta property=\"og:locale\" content=\"en_US\" \/>\n<meta property=\"og:type\" content=\"article\" \/>\n<meta property=\"og:title\" content=\"M\u00e9lanie Riofrio Pich\u00e9, nueva Secretaria General del CIAM\" \/>\n<meta property=\"og:description\" content=\"El Centro Internacional de Arbitraje de Madrid (CIAM) ha nombrado a M\u00e9lanie Riofrio Pich\u00e9 como Secretaria General. Su dilatada experiencia contribuir\u00e1 a posicionar a la Corte Internacional de Arbitraje en Madrid en el mercado global.\" \/>\n<meta property=\"og:url\" content=\"https:\/\/ciiam.org\/en\/melanie-riofrio-piche-nueva-secretaria-general-del-ciam\/\" \/>\n<meta property=\"og:site_name\" content=\"CIIAM\" \/>\n<meta property=\"article:published_time\" content=\"2020-01-15T10:58:25+00:00\" \/>\n<meta property=\"article:modified_time\" content=\"2020-04-17T17:31:59+00:00\" \/>\n<meta property=\"og:image\" content=\"https:\/\/ciiam.org\/wp-content\/uploads\/2020\/04\/entrada-02.jpg\" \/>\n\t<meta property=\"og:image:width\" content=\"1280\" \/>\n\t<meta property=\"og:image:height\" content=\"720\" \/>\n\t<meta property=\"og:image:type\" content=\"image\/jpeg\" \/>\n<meta name=\"author\" content=\"Jsc\" \/>\n<meta name=\"twitter:card\" content=\"summary_large_image\" \/>\n<meta name=\"twitter:title\" content=\"M\u00e9lanie Riofrio Pich\u00e9, nueva Secretaria General del CIAM\" \/>\n<meta name=\"twitter:description\" content=\"El Centro Internacional de Arbitraje de Madrid (CIAM) ha nombrado a M\u00e9lanie Riofrio Pich\u00e9 como Secretaria General. Su dilatada experiencia contribuir\u00e1 a posicionar a la Corte Internacional de Arbitraje en Madrid en el mercado global.\" \/>\n<meta name=\"twitter:image\" content=\"https:\/\/ciiam.org\/wp-content\/uploads\/2020\/04\/entrada-02.jpg\" \/>\n<meta name=\"twitter:label1\" content=\"Written by\" \/>\n\t<meta name=\"twitter:data1\" content=\"Jsc\" \/>\n\t<meta name=\"twitter:label2\" content=\"Est. reading time\" \/>\n\t<meta name=\"twitter:data2\" content=\"2 minutes\" \/>\n<script type=\"application\/ld+json\" class=\"yoast-schema-graph\">{\"@context\":\"https:\\\/\\\/schema.org\",\"@graph\":[{\"@type\":\"Article\",\"@id\":\"https:\\\/\\\/ciiam.org\\\/en\\\/melanie-riofrio-piche-nueva-secretaria-general-del-ciam\\\/#article\",\"isPartOf\":{\"@id\":\"https:\\\/\\\/ciiam.org\\\/en\\\/melanie-riofrio-piche-nueva-secretaria-general-del-ciam\\\/\"},\"author\":{\"name\":\"Jsc\",\"@id\":\"https:\\\/\\\/ciiam.org\\\/en\\\/#\\\/schema\\\/person\\\/9dfa2f0264b8a969355ec533391826e1\"},\"headline\":\"M\u00e9lanie Riofrio Pich\u00e9, nueva Secretaria General del CIAM\",\"datePublished\":\"2020-01-15T10:58:25+00:00\",\"dateModified\":\"2020-04-17T17:31:59+00:00\",\"mainEntityOfPage\":{\"@id\":\"https:\\\/\\\/ciiam.org\\\/en\\\/melanie-riofrio-piche-nueva-secretaria-general-del-ciam\\\/\"},\"wordCount\":322,\"publisher\":{\"@id\":\"https:\\\/\\\/ciiam.org\\\/en\\\/#organization\"},\"image\":{\"@id\":\"https:\\\/\\\/ciiam.org\\\/en\\\/melanie-riofrio-piche-nueva-secretaria-general-del-ciam\\\/#primaryimage\"},\"thumbnailUrl\":\"https:\\\/\\\/ciiam.org\\\/wp-content\\\/uploads\\\/2020\\\/04\\\/entrada-02.jpg\",\"articleSection\":[\"Actualidad\"],\"inLanguage\":\"en-US\"},{\"@type\":\"WebPage\",\"@id\":\"https:\\\/\\\/ciiam.org\\\/en\\\/melanie-riofrio-piche-nueva-secretaria-general-del-ciam\\\/\",\"url\":\"https:\\\/\\\/ciiam.org\\\/en\\\/melanie-riofrio-piche-nueva-secretaria-general-del-ciam\\\/\",\"name\":\"M\u00e9lanie Riofrio Pich\u00e9, nueva Secretaria General del CIAM - CIIAM\",\"isPartOf\":{\"@id\":\"https:\\\/\\\/ciiam.org\\\/en\\\/#website\"},\"primaryImageOfPage\":{\"@id\":\"https:\\\/\\\/ciiam.org\\\/en\\\/melanie-riofrio-piche-nueva-secretaria-general-del-ciam\\\/#primaryimage\"},\"image\":{\"@id\":\"https:\\\/\\\/ciiam.org\\\/en\\\/melanie-riofrio-piche-nueva-secretaria-general-del-ciam\\\/#primaryimage\"},\"thumbnailUrl\":\"https:\\\/\\\/ciiam.org\\\/wp-content\\\/uploads\\\/2020\\\/04\\\/entrada-02.jpg\",\"datePublished\":\"2020-01-15T10:58:25+00:00\",\"dateModified\":\"2020-04-17T17:31:59+00:00\",\"description\":\"El Centro Internacional de Arbitraje de Madrid (CIAM) ha nombrado a M\u00e9lanie Riofrio Pich\u00e9 como Secretaria General.\",\"breadcrumb\":{\"@id\":\"https:\\\/\\\/ciiam.org\\\/en\\\/melanie-riofrio-piche-nueva-secretaria-general-del-ciam\\\/#breadcrumb\"},\"inLanguage\":\"en-US\",\"potentialAction\":[{\"@type\":\"ReadAction\",\"target\":[\"https:\\\/\\\/ciiam.org\\\/en\\\/melanie-riofrio-piche-nueva-secretaria-general-del-ciam\\\/\"]}]},{\"@type\":\"ImageObject\",\"inLanguage\":\"en-US\",\"@id\":\"https:\\\/\\\/ciiam.org\\\/en\\\/melanie-riofrio-piche-nueva-secretaria-general-del-ciam\\\/#primaryimage\",\"url\":\"https:\\\/\\\/ciiam.org\\\/wp-content\\\/uploads\\\/2020\\\/04\\\/entrada-02.jpg\",\"contentUrl\":\"https:\\\/\\\/ciiam.org\\\/wp-content\\\/uploads\\\/2020\\\/04\\\/entrada-02.jpg\",\"width\":1280,\"height\":720},{\"@type\":\"BreadcrumbList\",\"@id\":\"https:\\\/\\\/ciiam.org\\\/en\\\/melanie-riofrio-piche-nueva-secretaria-general-del-ciam\\\/#breadcrumb\",\"itemListElement\":[{\"@type\":\"ListItem\",\"position\":1,\"name\":\"CIAM\",\"item\":\"https:\\\/\\\/ciiam.org\\\/en\\\/\"},{\"@type\":\"ListItem\",\"position\":2,\"name\":\"M\u00e9lanie Riofrio Pich\u00e9, nueva Secretaria General del CIAM\"}]},{\"@type\":\"WebSite\",\"@id\":\"https:\\\/\\\/ciiam.org\\\/en\\\/#website\",\"url\":\"https:\\\/\\\/ciiam.org\\\/en\\\/\",\"name\":\"CIIAM\",\"description\":\"Centro Internacional e Iberoamericano de Arbitraje de Madrid\",\"publisher\":{\"@id\":\"https:\\\/\\\/ciiam.org\\\/en\\\/#organization\"},\"potentialAction\":[{\"@type\":\"SearchAction\",\"target\":{\"@type\":\"EntryPoint\",\"urlTemplate\":\"https:\\\/\\\/ciiam.org\\\/en\\\/?s={search_term_string}\"},\"query-input\":{\"@type\":\"PropertyValueSpecification\",\"valueRequired\":true,\"valueName\":\"search_term_string\"}}],\"inLanguage\":\"en-US\"},{\"@type\":\"Organization\",\"@id\":\"https:\\\/\\\/ciiam.org\\\/en\\\/#organization\",\"name\":\"Centro Internacional e Iberoamericano de Arbitraje de Madrid\",\"alternateName\":\"CIIAM\",\"url\":\"https:\\\/\\\/ciiam.org\\\/en\\\/\",\"logo\":{\"@type\":\"ImageObject\",\"inLanguage\":\"en-US\",\"@id\":\"https:\\\/\\\/ciiam.org\\\/en\\\/#\\\/schema\\\/logo\\\/image\\\/\",\"url\":\"https:\\\/\\\/ciiam.org\\\/wp-content\\\/uploads\\\/2026\\\/01\\\/favicon.png\",\"contentUrl\":\"https:\\\/\\\/ciiam.org\\\/wp-content\\\/uploads\\\/2026\\\/01\\\/favicon.png\",\"width\":500,\"height\":500,\"caption\":\"Centro Internacional e Iberoamericano de Arbitraje de Madrid\"},\"image\":{\"@id\":\"https:\\\/\\\/ciiam.org\\\/en\\\/#\\\/schema\\\/logo\\\/image\\\/\"},\"sameAs\":[\"https:\\\/\\\/www.linkedin.com\\\/company\\\/ciam-centro-internacional-arbitraje-madrid?trk=d_public_post_image\",\"https:\\\/\\\/www.youtube.com\\\/channel\\\/UCU2OI7SAQFv5uXAZ4qO4ALg\"]},{\"@type\":\"Person\",\"@id\":\"https:\\\/\\\/ciiam.org\\\/en\\\/#\\\/schema\\\/person\\\/9dfa2f0264b8a969355ec533391826e1\",\"name\":\"Jsc\",\"image\":{\"@type\":\"ImageObject\",\"inLanguage\":\"en-US\",\"@id\":\"https:\\\/\\\/secure.gravatar.com\\\/avatar\\\/331ea6287b9b9ec3922489e3654148cbd7818e978febcf83cc1bc0613347cd16?s=96&d=mm&r=g\",\"url\":\"https:\\\/\\\/secure.gravatar.com\\\/avatar\\\/331ea6287b9b9ec3922489e3654148cbd7818e978febcf83cc1bc0613347cd16?s=96&d=mm&r=g\",\"contentUrl\":\"https:\\\/\\\/secure.gravatar.com\\\/avatar\\\/331ea6287b9b9ec3922489e3654148cbd7818e978febcf83cc1bc0613347cd16?s=96&d=mm&r=g\",\"caption\":\"Jsc\"},\"url\":\"https:\\\/\\\/ciiam.org\\\/en\\\/author\\\/yset2017\\\/\"}]}<\/script>\n<!-- \/ Yoast SEO plugin. -->","yoast_head_json":{"title":"M\u00e9lanie Riofrio Pich\u00e9, nueva Secretaria General del CIAM - CIIAM","description":"El Centro Internacional de Arbitraje de Madrid (CIAM) ha nombrado a M\u00e9lanie Riofrio Pich\u00e9 como Secretaria General.","robots":{"index":"index","follow":"follow","max-snippet":"max-snippet:-1","max-image-preview":"max-image-preview:large","max-video-preview":"max-video-preview:-1"},"canonical":"https:\/\/ciiam.org\/en\/melanie-riofrio-piche-nueva-secretaria-general-del-ciam\/","og_locale":"en_US","og_type":"article","og_title":"M\u00e9lanie Riofrio Pich\u00e9, nueva Secretaria General del CIAM","og_description":"El Centro Internacional de Arbitraje de Madrid (CIAM) ha nombrado a M\u00e9lanie Riofrio Pich\u00e9 como Secretaria General. Su dilatada experiencia contribuir\u00e1 a posicionar a la Corte Internacional de Arbitraje en Madrid en el mercado global.","og_url":"https:\/\/ciiam.org\/en\/melanie-riofrio-piche-nueva-secretaria-general-del-ciam\/","og_site_name":"CIIAM","article_published_time":"2020-01-15T10:58:25+00:00","article_modified_time":"2020-04-17T17:31:59+00:00","og_image":[{"width":1280,"height":720,"url":"https:\/\/ciiam.org\/wp-content\/uploads\/2020\/04\/entrada-02.jpg","type":"image\/jpeg"}],"author":"Jsc","twitter_card":"summary_large_image","twitter_title":"M\u00e9lanie Riofrio Pich\u00e9, nueva Secretaria General del CIAM","twitter_description":"El Centro Internacional de Arbitraje de Madrid (CIAM) ha nombrado a M\u00e9lanie Riofrio Pich\u00e9 como Secretaria General. Su dilatada experiencia contribuir\u00e1 a posicionar a la Corte Internacional de Arbitraje en Madrid en el mercado global.","twitter_image":"https:\/\/ciiam.org\/wp-content\/uploads\/2020\/04\/entrada-02.jpg","twitter_misc":{"Written by":"Jsc","Est. reading time":"2 minutes"},"schema":{"@context":"https:\/\/schema.org","@graph":[{"@type":"Article","@id":"https:\/\/ciiam.org\/en\/melanie-riofrio-piche-nueva-secretaria-general-del-ciam\/#article","isPartOf":{"@id":"https:\/\/ciiam.org\/en\/melanie-riofrio-piche-nueva-secretaria-general-del-ciam\/"},"author":{"name":"Jsc","@id":"https:\/\/ciiam.org\/en\/#\/schema\/person\/9dfa2f0264b8a969355ec533391826e1"},"headline":"M\u00e9lanie Riofrio Pich\u00e9, nueva Secretaria General del CIAM","datePublished":"2020-01-15T10:58:25+00:00","dateModified":"2020-04-17T17:31:59+00:00","mainEntityOfPage":{"@id":"https:\/\/ciiam.org\/en\/melanie-riofrio-piche-nueva-secretaria-general-del-ciam\/"},"wordCount":322,"publisher":{"@id":"https:\/\/ciiam.org\/en\/#organization"},"image":{"@id":"https:\/\/ciiam.org\/en\/melanie-riofrio-piche-nueva-secretaria-general-del-ciam\/#primaryimage"},"thumbnailUrl":"https:\/\/ciiam.org\/wp-content\/uploads\/2020\/04\/entrada-02.jpg","articleSection":["Actualidad"],"inLanguage":"en-US"},{"@type":"WebPage","@id":"https:\/\/ciiam.org\/en\/melanie-riofrio-piche-nueva-secretaria-general-del-ciam\/","url":"https:\/\/ciiam.org\/en\/melanie-riofrio-piche-nueva-secretaria-general-del-ciam\/","name":"M\u00e9lanie Riofrio Pich\u00e9, nueva Secretaria General del CIAM - CIIAM","isPartOf":{"@id":"https:\/\/ciiam.org\/en\/#website"},"primaryImageOfPage":{"@id":"https:\/\/ciiam.org\/en\/melanie-riofrio-piche-nueva-secretaria-general-del-ciam\/#primaryimage"},"image":{"@id":"https:\/\/ciiam.org\/en\/melanie-riofrio-piche-nueva-secretaria-general-del-ciam\/#primaryimage"},"thumbnailUrl":"https:\/\/ciiam.org\/wp-content\/uploads\/2020\/04\/entrada-02.jpg","datePublished":"2020-01-15T10:58:25+00:00","dateModified":"2020-04-17T17:31:59+00:00","description":"El Centro Internacional de Arbitraje de Madrid (CIAM) ha nombrado a M\u00e9lanie Riofrio Pich\u00e9 como Secretaria General.","breadcrumb":{"@id":"https:\/\/ciiam.org\/en\/melanie-riofrio-piche-nueva-secretaria-general-del-ciam\/#breadcrumb"},"inLanguage":"en-US","potentialAction":[{"@type":"ReadAction","target":["https:\/\/ciiam.org\/en\/melanie-riofrio-piche-nueva-secretaria-general-del-ciam\/"]}]},{"@type":"ImageObject","inLanguage":"en-US","@id":"https:\/\/ciiam.org\/en\/melanie-riofrio-piche-nueva-secretaria-general-del-ciam\/#primaryimage","url":"https:\/\/ciiam.org\/wp-content\/uploads\/2020\/04\/entrada-02.jpg","contentUrl":"https:\/\/ciiam.org\/wp-content\/uploads\/2020\/04\/entrada-02.jpg","width":1280,"height":720},{"@type":"BreadcrumbList","@id":"https:\/\/ciiam.org\/en\/melanie-riofrio-piche-nueva-secretaria-general-del-ciam\/#breadcrumb","itemListElement":[{"@type":"ListItem","position":1,"name":"CIAM","item":"https:\/\/ciiam.org\/en\/"},{"@type":"ListItem","position":2,"name":"M\u00e9lanie Riofrio Pich\u00e9, nueva Secretaria General del CIAM"}]},{"@type":"WebSite","@id":"https:\/\/ciiam.org\/en\/#website","url":"https:\/\/ciiam.org\/en\/","name":"CIIAM","description":"Centro Internacional e Iberoamericano de Arbitraje de Madrid","publisher":{"@id":"https:\/\/ciiam.org\/en\/#organization"},"potentialAction":[{"@type":"SearchAction","target":{"@type":"EntryPoint","urlTemplate":"https:\/\/ciiam.org\/en\/?s={search_term_string}"},"query-input":{"@type":"PropertyValueSpecification","valueRequired":true,"valueName":"search_term_string"}}],"inLanguage":"en-US"},{"@type":"Organization","@id":"https:\/\/ciiam.org\/en\/#organization","name":"Centro Internacional e Iberoamericano de Arbitraje de Madrid","alternateName":"CIIAM","url":"https:\/\/ciiam.org\/en\/","logo":{"@type":"ImageObject","inLanguage":"en-US","@id":"https:\/\/ciiam.org\/en\/#\/schema\/logo\/image\/","url":"https:\/\/ciiam.org\/wp-content\/uploads\/2026\/01\/favicon.png","contentUrl":"https:\/\/ciiam.org\/wp-content\/uploads\/2026\/01\/favicon.png","width":500,"height":500,"caption":"Centro Internacional e Iberoamericano de Arbitraje de Madrid"},"image":{"@id":"https:\/\/ciiam.org\/en\/#\/schema\/logo\/image\/"},"sameAs":["https:\/\/www.linkedin.com\/company\/ciam-centro-internacional-arbitraje-madrid?trk=d_public_post_image","https:\/\/www.youtube.com\/channel\/UCU2OI7SAQFv5uXAZ4qO4ALg"]},{"@type":"Person","@id":"https:\/\/ciiam.org\/en\/#\/schema\/person\/9dfa2f0264b8a969355ec533391826e1","name":"Jsc","image":{"@type":"ImageObject","inLanguage":"en-US","@id":"https:\/\/secure.gravatar.com\/avatar\/331ea6287b9b9ec3922489e3654148cbd7818e978febcf83cc1bc0613347cd16?s=96&d=mm&r=g","url":"https:\/\/secure.gravatar.com\/avatar\/331ea6287b9b9ec3922489e3654148cbd7818e978febcf83cc1bc0613347cd16?s=96&d=mm&r=g","contentUrl":"https:\/\/secure.gravatar.com\/avatar\/331ea6287b9b9ec3922489e3654148cbd7818e978febcf83cc1bc0613347cd16?s=96&d=mm&r=g","caption":"Jsc"},"url":"https:\/\/ciiam.org\/en\/author\/yset2017\/"}]}},"_links":{"self":[{"href":"https:\/\/ciiam.org\/en\/wp-json\/wp\/v2\/posts\/2859","targetHints":{"allow":["GET"]}}],"collection":[{"href":"https:\/\/ciiam.org\/en\/wp-json\/wp\/v2\/posts"}],"about":[{"href":"https:\/\/ciiam.org\/en\/wp-json\/wp\/v2\/types\/post"}],"author":[{"embeddable":true,"href":"https:\/\/ciiam.org\/en\/wp-json\/wp\/v2\/users\/2"}],"replies":[{"embeddable":true,"href":"https:\/\/ciiam.org\/en\/wp-json\/wp\/v2\/comments?post=2859"}],"version-history":[{"count":0,"href":"https:\/\/ciiam.org\/en\/wp-json\/wp\/v2\/posts\/2859\/revisions"}],"wp:featuredmedia":[{"embeddable":true,"href":"https:\/\/ciiam.org\/en\/wp-json\/wp\/v2\/media\/2997"}],"wp:attachment":[{"href":"https:\/\/ciiam.org\/en\/wp-json\/wp\/v2\/media?parent=2859"}],"wp:term":[{"taxonomy":"category","embeddable":true,"href":"https:\/\/ciiam.org\/en\/wp-json\/wp\/v2\/categories?post=2859"},{"taxonomy":"post_tag","embeddable":true,"href":"https:\/\/ciiam.org\/en\/wp-json\/wp\/v2\/tags?post=2859"}],"curies":[{"name":"wp","href":"https:\/\/api.w.org\/{rel}","templated":true}]}}