{"id":2862,"date":"2019-10-23T11:03:54","date_gmt":"2019-10-23T11:03:54","guid":{"rendered":"https:\/\/ciiam.org\/?p=2862"},"modified":"2020-04-14T16:06:32","modified_gmt":"2020-04-14T16:06:32","slug":"ciam-constituye-el-comite-de-designacion-de-arbitros","status":"publish","type":"post","link":"https:\/\/ciiam.org\/en\/ciam-constituye-el-comite-de-designacion-de-arbitros\/","title":{"rendered":"CIAM constituye el comit\u00e9 de designaci\u00f3n de \u00e1rbitros"},"content":{"rendered":"\t\t<div data-elementor-type=\"wp-post\" data-elementor-id=\"2862\" class=\"elementor elementor-2862\" data-elementor-post-type=\"post\">\n\t\t\t\t\t\t<section class=\"elementor-section elementor-top-section elementor-element elementor-element-4b0519b3 elementor-section-boxed elementor-section-height-default elementor-section-height-default\" data-id=\"4b0519b3\" data-element_type=\"section\" data-e-type=\"section\" data-settings=\"{&quot;jet_parallax_layout_list&quot;:[{&quot;jet_parallax_layout_image&quot;:{&quot;url&quot;:&quot;&quot;,&quot;id&quot;:&quot;&quot;,&quot;size&quot;:&quot;&quot;},&quot;_id&quot;:&quot;31848c0&quot;,&quot;jet_parallax_layout_image_tablet&quot;:{&quot;url&quot;:&quot;&quot;,&quot;id&quot;:&quot;&quot;,&quot;size&quot;:&quot;&quot;},&quot;jet_parallax_layout_image_mobile&quot;:{&quot;url&quot;:&quot;&quot;,&quot;id&quot;:&quot;&quot;,&quot;size&quot;:&quot;&quot;},&quot;jet_parallax_layout_speed&quot;:{&quot;unit&quot;:&quot;%&quot;,&quot;size&quot;:50,&quot;sizes&quot;:[]},&quot;jet_parallax_layout_type&quot;:&quot;scroll&quot;,&quot;jet_parallax_layout_direction&quot;:&quot;1&quot;,&quot;jet_parallax_layout_fx_direction&quot;:null,&quot;jet_parallax_layout_z_index&quot;:&quot;&quot;,&quot;jet_parallax_layout_bg_x&quot;:50,&quot;jet_parallax_layout_bg_y&quot;:50,&quot;jet_parallax_layout_bg_size&quot;:&quot;auto&quot;,&quot;jet_parallax_layout_animation_prop&quot;:&quot;transform&quot;,&quot;jet_parallax_layout_on&quot;:[&quot;desktop&quot;,&quot;tablet&quot;],&quot;jet_parallax_layout_bg_x_tablet&quot;:&quot;&quot;,&quot;jet_parallax_layout_bg_x_mobile&quot;:&quot;&quot;,&quot;jet_parallax_layout_bg_y_tablet&quot;:&quot;&quot;,&quot;jet_parallax_layout_bg_y_mobile&quot;:&quot;&quot;,&quot;jet_parallax_layout_bg_size_tablet&quot;:&quot;&quot;,&quot;jet_parallax_layout_bg_size_mobile&quot;:&quot;&quot;}]}\">\n\t\t\t\t\t\t<div class=\"elementor-container elementor-column-gap-default\">\n\t\t\t\t\t<div class=\"elementor-column elementor-col-100 elementor-top-column elementor-element elementor-element-7f7e50ab\" data-id=\"7f7e50ab\" data-element_type=\"column\" data-e-type=\"column\">\n\t\t\t<div class=\"elementor-widget-wrap elementor-element-populated\">\n\t\t\t\t\t\t<div class=\"elementor-element elementor-element-40d59be elementor-widget elementor-widget-text-editor\" data-id=\"40d59be\" data-element_type=\"widget\" data-e-type=\"widget\" data-widget_type=\"text-editor.default\">\n\t\t\t\t<div class=\"elementor-widget-container\">\n\t\t\t\t\t\t\t\t\t<p><span style=\"font-size: 12pt;\"><em>Noticia publicada en el diario <span style=\"text-decoration: underline;\"><a href=\"https:\/\/www.expansion.com\/juridico\/actualidad-tendencias\/2020\/03\/31\/5e822964468aeb88178b4604.html\" target=\"_blank\" rel=\"noopener\">Expansi\u00f3n<\/a><\/span><\/em><\/span><\/p>\t\t\t\t\t\t\t\t<\/div>\n\t\t\t\t<\/div>\n\t\t\t\t<div class=\"elementor-element elementor-element-099c6ae elementor-widget elementor-widget-text-editor\" data-id=\"099c6ae\" data-element_type=\"widget\" data-e-type=\"widget\" data-widget_type=\"text-editor.default\">\n\t\t\t\t<div class=\"elementor-widget-container\">\n\t\t\t\t\t\t\t\t\t<p>Tras su constituci\u00f3n en octubre del a\u00f1o pasado, el Centro Internacional de Arbitraje de Madrid (CIAM) sigue avanzando en su plan estrat\u00e9gico y acaba de constituir el comit\u00e9 de designaci\u00f3n de \u00e1rbitros, que estar\u00e1 formado por Jos\u00e9 Antonio Ca\u00ednzos, Eloy Anzola, Mercedes Fern\u00e1ndez, Juan Fern\u00e1ndez-Armesto y Jos\u00e9 Miguel Judice.<\/p>\n<p>Los \u00e1rbitros de CIAM ser\u00e1n nombrados por este \u00f3rgano de gobierno &#8220;a trav\u00e9s de un proceso transparente y siguiendo las normas establecidas por el reglamento&#8221;, seg\u00fan explican desde la instituci\u00f3n. Estas pautas son p\u00fablicas y estar\u00e1n disponibles en su web.<\/p>\t\t\t\t\t\t\t\t<\/div>\n\t\t\t\t<\/div>\n\t\t\t\t<div class=\"elementor-element elementor-element-a379efe elementor-blockquote--skin-quotation elementor-blockquote--align-left elementor-widget elementor-widget-blockquote\" data-id=\"a379efe\" data-element_type=\"widget\" data-e-type=\"widget\" data-widget_type=\"blockquote.default\">\n\t\t\t\t<div class=\"elementor-widget-container\">\n\t\t\t\t\t\t\t<blockquote class=\"elementor-blockquote\">\n\t\t\t<p class=\"elementor-blockquote__content\">\n\t\t\t\tJos\u00e9 Antonio Ca\u00ednzos, Eloy Anzola, Mercedes Fern\u00e1ndez, Juan Fern\u00e1ndez-Armesto y Jos\u00e9 Miguel Judice forman parte del \u00f3rgano de nombramientos.\t\t\t<\/p>\n\t\t\t\t\t<\/blockquote>\n\t\t\t\t\t\t<\/div>\n\t\t\t\t<\/div>\n\t\t\t\t<div class=\"elementor-element elementor-element-c026254 elementor-widget elementor-widget-text-editor\" data-id=\"c026254\" data-element_type=\"widget\" data-e-type=\"widget\" data-widget_type=\"text-editor.default\">\n\t\t\t\t<div class=\"elementor-widget-container\">\n\t\t\t\t\t\t\t\t\t<p><\/p>\n<div id=\"cds_gpt-INTEXT\" data-google-query-id=\"CPjPh5LS0-gCFQSRGwod4IcAfQ\">\n<p>Se trata de una herramienta para diferenciar a la corte madrile\u00f1a de otras internacionales con m\u00e1s historia, ya que este tipo de comit\u00e9s no son f\u00e1ciles de encontrar. Eso no quiere decir que CIAM elija a los \u00e1rbitros en primera instancia, ya que como es habitual en este tipo de procedimientos, desde el organismo se incentiva que sean las partes quienes decidan los nombramientos. Sin embargo, cuando las diferencias sean irreconciliables hasta el punto de no ponerse de acuerdo en esta parte del proceso, ser\u00e1 el comit\u00e9 de designaciones quien elija, de forma imparcial, qui\u00e9nes ser\u00e1n los \u00e1rbitros en la disputa. Se tendr\u00e1n en cuenta criterios como la especialidad, la experiencia o la disponibilidad del candidato.<\/p>\n<p>Adem\u00e1s, a diferencia tambi\u00e9n de otras cortes, en el caso de la de Madrid no existir\u00e1 una lista cerrada de profesionales. Para garantizar su imparcialidad, los \u00e1rbitros tendr\u00e1n que suscribir una declaraci\u00f3n de independencia respecto a las partes y no podr\u00e1n mantener con ellas ning\u00fan tipo de relaci\u00f3n, ni profesional, ni personal ni comercial.<\/p>\n<p>Entre los miembros del comit\u00e9 est\u00e1 Jos\u00e9 Antonio Ca\u00ednzos, socio de Clifford Chance, que tambi\u00e9n est\u00e1 al frente de CIAMcomo presidente. Igualmente ocupa un asiento Mercedes Fern\u00e1ndez, socia directora de Jones Day en Espa\u00f1a; Juan Fern\u00e1ndez-Armesto, expresidente de la CNMV; as\u00ed como Eloy Anzola y Jos\u00e9 Miguel Judice, ambos \u00e1rbitros internacionales independientes.<\/p>\n<\/div>\t\t\t\t\t\t\t\t<\/div>\n\t\t\t\t<\/div>\n\t\t\t\t\t<\/div>\n\t\t<\/div>\n\t\t\t\t\t<\/div>\n\t\t<\/section>\n\t\t\t\t<\/div>\n\t\t","protected":false},"excerpt":{"rendered":"<p>El Centro Internacional de Arbitraje de Madrid (CIAM) sigue avanzando en su plan estrat\u00e9gico y acaba de constituir el comit\u00e9 de designaci\u00f3n de \u00e1rbitros.<\/p>\n","protected":false},"author":2,"featured_media":3008,"comment_status":"closed","ping_status":"open","sticky":false,"template":"","format":"standard","meta":{"footnotes":""},"categories":[17],"tags":[],"class_list":["post-2862","post","type-post","status-publish","format-standard","has-post-thumbnail","hentry","category-actualidad"],"yoast_head":"<!-- This site is optimized with the Yoast SEO plugin v27.3 - https:\/\/yoast.com\/product\/yoast-seo-wordpress\/ -->\n<title>CIAM constituye el comit\u00e9 de designaci\u00f3n de \u00e1rbitros - CIIAM<\/title>\n<meta name=\"description\" content=\"El Centro Internacional de Arbitraje de Madrid (CIAM) sigue avanzando en su plan estrat\u00e9gico y acaba de constituir el comit\u00e9 de designaci\u00f3n de \u00e1rbitros.\" \/>\n<meta name=\"robots\" content=\"index, follow, max-snippet:-1, max-image-preview:large, max-video-preview:-1\" \/>\n<link rel=\"canonical\" href=\"https:\/\/ciiam.org\/en\/ciam-constituye-el-comite-de-designacion-de-arbitros\/\" \/>\n<meta property=\"og:locale\" content=\"en_US\" \/>\n<meta property=\"og:type\" content=\"article\" \/>\n<meta property=\"og:title\" content=\"CIAM constituye el comit\u00e9 de designaci\u00f3n de \u00e1rbitros\" \/>\n<meta property=\"og:description\" content=\"El Centro Internacional de Arbitraje de Madrid (CIAM) sigue avanzando en su plan estrat\u00e9gico y acaba de constituir el comit\u00e9 de designaci\u00f3n de \u00e1rbitros.\" \/>\n<meta property=\"og:url\" content=\"https:\/\/ciiam.org\/en\/ciam-constituye-el-comite-de-designacion-de-arbitros\/\" \/>\n<meta property=\"og:site_name\" content=\"CIIAM\" \/>\n<meta property=\"article:published_time\" content=\"2019-10-23T11:03:54+00:00\" \/>\n<meta property=\"article:modified_time\" content=\"2020-04-14T16:06:32+00:00\" \/>\n<meta property=\"og:image\" content=\"https:\/\/ciiam.org\/wp-content\/uploads\/2020\/04\/entrada-4.jpg\" \/>\n\t<meta property=\"og:image:width\" content=\"800\" \/>\n\t<meta property=\"og:image:height\" content=\"450\" \/>\n\t<meta property=\"og:image:type\" content=\"image\/jpeg\" \/>\n<meta name=\"author\" content=\"Jsc\" \/>\n<meta name=\"twitter:card\" content=\"summary_large_image\" \/>\n<meta name=\"twitter:title\" content=\"CIAM constituye el comit\u00e9 de designaci\u00f3n de \u00e1rbitros\" \/>\n<meta name=\"twitter:description\" content=\"El Centro Internacional de Arbitraje de Madrid (CIAM) sigue avanzando en su plan estrat\u00e9gico y acaba de constituir el comit\u00e9 de designaci\u00f3n de \u00e1rbitros.\" \/>\n<meta name=\"twitter:image\" content=\"https:\/\/ciiam.org\/wp-content\/uploads\/2020\/04\/entrada-4.jpg\" \/>\n<meta name=\"twitter:label1\" content=\"Written by\" \/>\n\t<meta name=\"twitter:data1\" content=\"Jsc\" \/>\n\t<meta name=\"twitter:label2\" content=\"Est. reading time\" \/>\n\t<meta name=\"twitter:data2\" content=\"2 minutes\" \/>\n<script type=\"application\/ld+json\" class=\"yoast-schema-graph\">{\"@context\":\"https:\\\/\\\/schema.org\",\"@graph\":[{\"@type\":\"Article\",\"@id\":\"https:\\\/\\\/ciiam.org\\\/en\\\/ciam-constituye-el-comite-de-designacion-de-arbitros\\\/#article\",\"isPartOf\":{\"@id\":\"https:\\\/\\\/ciiam.org\\\/en\\\/ciam-constituye-el-comite-de-designacion-de-arbitros\\\/\"},\"author\":{\"name\":\"Jsc\",\"@id\":\"https:\\\/\\\/ciiam.org\\\/en\\\/#\\\/schema\\\/person\\\/9dfa2f0264b8a969355ec533391826e1\"},\"headline\":\"CIAM constituye el comit\u00e9 de designaci\u00f3n de \u00e1rbitros\",\"datePublished\":\"2019-10-23T11:03:54+00:00\",\"dateModified\":\"2020-04-14T16:06:32+00:00\",\"mainEntityOfPage\":{\"@id\":\"https:\\\/\\\/ciiam.org\\\/en\\\/ciam-constituye-el-comite-de-designacion-de-arbitros\\\/\"},\"wordCount\":381,\"publisher\":{\"@id\":\"https:\\\/\\\/ciiam.org\\\/en\\\/#organization\"},\"image\":{\"@id\":\"https:\\\/\\\/ciiam.org\\\/en\\\/ciam-constituye-el-comite-de-designacion-de-arbitros\\\/#primaryimage\"},\"thumbnailUrl\":\"https:\\\/\\\/ciiam.org\\\/wp-content\\\/uploads\\\/2020\\\/04\\\/entrada-4.jpg\",\"articleSection\":[\"Actualidad\"],\"inLanguage\":\"en-US\"},{\"@type\":\"WebPage\",\"@id\":\"https:\\\/\\\/ciiam.org\\\/en\\\/ciam-constituye-el-comite-de-designacion-de-arbitros\\\/\",\"url\":\"https:\\\/\\\/ciiam.org\\\/en\\\/ciam-constituye-el-comite-de-designacion-de-arbitros\\\/\",\"name\":\"CIAM constituye el comit\u00e9 de designaci\u00f3n de \u00e1rbitros - CIIAM\",\"isPartOf\":{\"@id\":\"https:\\\/\\\/ciiam.org\\\/en\\\/#website\"},\"primaryImageOfPage\":{\"@id\":\"https:\\\/\\\/ciiam.org\\\/en\\\/ciam-constituye-el-comite-de-designacion-de-arbitros\\\/#primaryimage\"},\"image\":{\"@id\":\"https:\\\/\\\/ciiam.org\\\/en\\\/ciam-constituye-el-comite-de-designacion-de-arbitros\\\/#primaryimage\"},\"thumbnailUrl\":\"https:\\\/\\\/ciiam.org\\\/wp-content\\\/uploads\\\/2020\\\/04\\\/entrada-4.jpg\",\"datePublished\":\"2019-10-23T11:03:54+00:00\",\"dateModified\":\"2020-04-14T16:06:32+00:00\",\"description\":\"El Centro Internacional de Arbitraje de Madrid (CIAM) sigue avanzando en su plan estrat\u00e9gico y acaba de constituir el comit\u00e9 de designaci\u00f3n de \u00e1rbitros.\",\"breadcrumb\":{\"@id\":\"https:\\\/\\\/ciiam.org\\\/en\\\/ciam-constituye-el-comite-de-designacion-de-arbitros\\\/#breadcrumb\"},\"inLanguage\":\"en-US\",\"potentialAction\":[{\"@type\":\"ReadAction\",\"target\":[\"https:\\\/\\\/ciiam.org\\\/en\\\/ciam-constituye-el-comite-de-designacion-de-arbitros\\\/\"]}]},{\"@type\":\"ImageObject\",\"inLanguage\":\"en-US\",\"@id\":\"https:\\\/\\\/ciiam.org\\\/en\\\/ciam-constituye-el-comite-de-designacion-de-arbitros\\\/#primaryimage\",\"url\":\"https:\\\/\\\/ciiam.org\\\/wp-content\\\/uploads\\\/2020\\\/04\\\/entrada-4.jpg\",\"contentUrl\":\"https:\\\/\\\/ciiam.org\\\/wp-content\\\/uploads\\\/2020\\\/04\\\/entrada-4.jpg\",\"width\":800,\"height\":450},{\"@type\":\"BreadcrumbList\",\"@id\":\"https:\\\/\\\/ciiam.org\\\/en\\\/ciam-constituye-el-comite-de-designacion-de-arbitros\\\/#breadcrumb\",\"itemListElement\":[{\"@type\":\"ListItem\",\"position\":1,\"name\":\"CIAM\",\"item\":\"https:\\\/\\\/ciiam.org\\\/en\\\/\"},{\"@type\":\"ListItem\",\"position\":2,\"name\":\"CIAM constituye el comit\u00e9 de designaci\u00f3n de \u00e1rbitros\"}]},{\"@type\":\"WebSite\",\"@id\":\"https:\\\/\\\/ciiam.org\\\/en\\\/#website\",\"url\":\"https:\\\/\\\/ciiam.org\\\/en\\\/\",\"name\":\"CIIAM\",\"description\":\"Centro Internacional e Iberoamericano de Arbitraje de Madrid\",\"publisher\":{\"@id\":\"https:\\\/\\\/ciiam.org\\\/en\\\/#organization\"},\"potentialAction\":[{\"@type\":\"SearchAction\",\"target\":{\"@type\":\"EntryPoint\",\"urlTemplate\":\"https:\\\/\\\/ciiam.org\\\/en\\\/?s={search_term_string}\"},\"query-input\":{\"@type\":\"PropertyValueSpecification\",\"valueRequired\":true,\"valueName\":\"search_term_string\"}}],\"inLanguage\":\"en-US\"},{\"@type\":\"Organization\",\"@id\":\"https:\\\/\\\/ciiam.org\\\/en\\\/#organization\",\"name\":\"Centro Internacional e Iberoamericano de Arbitraje de Madrid\",\"alternateName\":\"CIIAM\",\"url\":\"https:\\\/\\\/ciiam.org\\\/en\\\/\",\"logo\":{\"@type\":\"ImageObject\",\"inLanguage\":\"en-US\",\"@id\":\"https:\\\/\\\/ciiam.org\\\/en\\\/#\\\/schema\\\/logo\\\/image\\\/\",\"url\":\"https:\\\/\\\/ciiam.org\\\/wp-content\\\/uploads\\\/2026\\\/01\\\/favicon.png\",\"contentUrl\":\"https:\\\/\\\/ciiam.org\\\/wp-content\\\/uploads\\\/2026\\\/01\\\/favicon.png\",\"width\":500,\"height\":500,\"caption\":\"Centro Internacional e Iberoamericano de Arbitraje de Madrid\"},\"image\":{\"@id\":\"https:\\\/\\\/ciiam.org\\\/en\\\/#\\\/schema\\\/logo\\\/image\\\/\"},\"sameAs\":[\"https:\\\/\\\/www.linkedin.com\\\/company\\\/ciam-centro-internacional-arbitraje-madrid?trk=d_public_post_image\",\"https:\\\/\\\/www.youtube.com\\\/channel\\\/UCU2OI7SAQFv5uXAZ4qO4ALg\"]},{\"@type\":\"Person\",\"@id\":\"https:\\\/\\\/ciiam.org\\\/en\\\/#\\\/schema\\\/person\\\/9dfa2f0264b8a969355ec533391826e1\",\"name\":\"Jsc\",\"image\":{\"@type\":\"ImageObject\",\"inLanguage\":\"en-US\",\"@id\":\"https:\\\/\\\/secure.gravatar.com\\\/avatar\\\/331ea6287b9b9ec3922489e3654148cbd7818e978febcf83cc1bc0613347cd16?s=96&d=mm&r=g\",\"url\":\"https:\\\/\\\/secure.gravatar.com\\\/avatar\\\/331ea6287b9b9ec3922489e3654148cbd7818e978febcf83cc1bc0613347cd16?s=96&d=mm&r=g\",\"contentUrl\":\"https:\\\/\\\/secure.gravatar.com\\\/avatar\\\/331ea6287b9b9ec3922489e3654148cbd7818e978febcf83cc1bc0613347cd16?s=96&d=mm&r=g\",\"caption\":\"Jsc\"},\"url\":\"https:\\\/\\\/ciiam.org\\\/en\\\/author\\\/yset2017\\\/\"}]}<\/script>\n<!-- \/ Yoast SEO plugin. -->","yoast_head_json":{"title":"CIAM constituye el comit\u00e9 de designaci\u00f3n de \u00e1rbitros - CIIAM","description":"El Centro Internacional de Arbitraje de Madrid (CIAM) sigue avanzando en su plan estrat\u00e9gico y acaba de constituir el comit\u00e9 de designaci\u00f3n de \u00e1rbitros.","robots":{"index":"index","follow":"follow","max-snippet":"max-snippet:-1","max-image-preview":"max-image-preview:large","max-video-preview":"max-video-preview:-1"},"canonical":"https:\/\/ciiam.org\/en\/ciam-constituye-el-comite-de-designacion-de-arbitros\/","og_locale":"en_US","og_type":"article","og_title":"CIAM constituye el comit\u00e9 de designaci\u00f3n de \u00e1rbitros","og_description":"El Centro Internacional de Arbitraje de Madrid (CIAM) sigue avanzando en su plan estrat\u00e9gico y acaba de constituir el comit\u00e9 de designaci\u00f3n de \u00e1rbitros.","og_url":"https:\/\/ciiam.org\/en\/ciam-constituye-el-comite-de-designacion-de-arbitros\/","og_site_name":"CIIAM","article_published_time":"2019-10-23T11:03:54+00:00","article_modified_time":"2020-04-14T16:06:32+00:00","og_image":[{"width":800,"height":450,"url":"https:\/\/ciiam.org\/wp-content\/uploads\/2020\/04\/entrada-4.jpg","type":"image\/jpeg"}],"author":"Jsc","twitter_card":"summary_large_image","twitter_title":"CIAM constituye el comit\u00e9 de designaci\u00f3n de \u00e1rbitros","twitter_description":"El Centro Internacional de Arbitraje de Madrid (CIAM) sigue avanzando en su plan estrat\u00e9gico y acaba de constituir el comit\u00e9 de designaci\u00f3n de \u00e1rbitros.","twitter_image":"https:\/\/ciiam.org\/wp-content\/uploads\/2020\/04\/entrada-4.jpg","twitter_misc":{"Written by":"Jsc","Est. reading time":"2 minutes"},"schema":{"@context":"https:\/\/schema.org","@graph":[{"@type":"Article","@id":"https:\/\/ciiam.org\/en\/ciam-constituye-el-comite-de-designacion-de-arbitros\/#article","isPartOf":{"@id":"https:\/\/ciiam.org\/en\/ciam-constituye-el-comite-de-designacion-de-arbitros\/"},"author":{"name":"Jsc","@id":"https:\/\/ciiam.org\/en\/#\/schema\/person\/9dfa2f0264b8a969355ec533391826e1"},"headline":"CIAM constituye el comit\u00e9 de designaci\u00f3n de \u00e1rbitros","datePublished":"2019-10-23T11:03:54+00:00","dateModified":"2020-04-14T16:06:32+00:00","mainEntityOfPage":{"@id":"https:\/\/ciiam.org\/en\/ciam-constituye-el-comite-de-designacion-de-arbitros\/"},"wordCount":381,"publisher":{"@id":"https:\/\/ciiam.org\/en\/#organization"},"image":{"@id":"https:\/\/ciiam.org\/en\/ciam-constituye-el-comite-de-designacion-de-arbitros\/#primaryimage"},"thumbnailUrl":"https:\/\/ciiam.org\/wp-content\/uploads\/2020\/04\/entrada-4.jpg","articleSection":["Actualidad"],"inLanguage":"en-US"},{"@type":"WebPage","@id":"https:\/\/ciiam.org\/en\/ciam-constituye-el-comite-de-designacion-de-arbitros\/","url":"https:\/\/ciiam.org\/en\/ciam-constituye-el-comite-de-designacion-de-arbitros\/","name":"CIAM constituye el comit\u00e9 de designaci\u00f3n de \u00e1rbitros - CIIAM","isPartOf":{"@id":"https:\/\/ciiam.org\/en\/#website"},"primaryImageOfPage":{"@id":"https:\/\/ciiam.org\/en\/ciam-constituye-el-comite-de-designacion-de-arbitros\/#primaryimage"},"image":{"@id":"https:\/\/ciiam.org\/en\/ciam-constituye-el-comite-de-designacion-de-arbitros\/#primaryimage"},"thumbnailUrl":"https:\/\/ciiam.org\/wp-content\/uploads\/2020\/04\/entrada-4.jpg","datePublished":"2019-10-23T11:03:54+00:00","dateModified":"2020-04-14T16:06:32+00:00","description":"El Centro Internacional de Arbitraje de Madrid (CIAM) sigue avanzando en su plan estrat\u00e9gico y acaba de constituir el comit\u00e9 de designaci\u00f3n de \u00e1rbitros.","breadcrumb":{"@id":"https:\/\/ciiam.org\/en\/ciam-constituye-el-comite-de-designacion-de-arbitros\/#breadcrumb"},"inLanguage":"en-US","potentialAction":[{"@type":"ReadAction","target":["https:\/\/ciiam.org\/en\/ciam-constituye-el-comite-de-designacion-de-arbitros\/"]}]},{"@type":"ImageObject","inLanguage":"en-US","@id":"https:\/\/ciiam.org\/en\/ciam-constituye-el-comite-de-designacion-de-arbitros\/#primaryimage","url":"https:\/\/ciiam.org\/wp-content\/uploads\/2020\/04\/entrada-4.jpg","contentUrl":"https:\/\/ciiam.org\/wp-content\/uploads\/2020\/04\/entrada-4.jpg","width":800,"height":450},{"@type":"BreadcrumbList","@id":"https:\/\/ciiam.org\/en\/ciam-constituye-el-comite-de-designacion-de-arbitros\/#breadcrumb","itemListElement":[{"@type":"ListItem","position":1,"name":"CIAM","item":"https:\/\/ciiam.org\/en\/"},{"@type":"ListItem","position":2,"name":"CIAM constituye el comit\u00e9 de designaci\u00f3n de \u00e1rbitros"}]},{"@type":"WebSite","@id":"https:\/\/ciiam.org\/en\/#website","url":"https:\/\/ciiam.org\/en\/","name":"CIIAM","description":"Centro Internacional e Iberoamericano de Arbitraje de Madrid","publisher":{"@id":"https:\/\/ciiam.org\/en\/#organization"},"potentialAction":[{"@type":"SearchAction","target":{"@type":"EntryPoint","urlTemplate":"https:\/\/ciiam.org\/en\/?s={search_term_string}"},"query-input":{"@type":"PropertyValueSpecification","valueRequired":true,"valueName":"search_term_string"}}],"inLanguage":"en-US"},{"@type":"Organization","@id":"https:\/\/ciiam.org\/en\/#organization","name":"Centro Internacional e Iberoamericano de Arbitraje de Madrid","alternateName":"CIIAM","url":"https:\/\/ciiam.org\/en\/","logo":{"@type":"ImageObject","inLanguage":"en-US","@id":"https:\/\/ciiam.org\/en\/#\/schema\/logo\/image\/","url":"https:\/\/ciiam.org\/wp-content\/uploads\/2026\/01\/favicon.png","contentUrl":"https:\/\/ciiam.org\/wp-content\/uploads\/2026\/01\/favicon.png","width":500,"height":500,"caption":"Centro Internacional e Iberoamericano de Arbitraje de Madrid"},"image":{"@id":"https:\/\/ciiam.org\/en\/#\/schema\/logo\/image\/"},"sameAs":["https:\/\/www.linkedin.com\/company\/ciam-centro-internacional-arbitraje-madrid?trk=d_public_post_image","https:\/\/www.youtube.com\/channel\/UCU2OI7SAQFv5uXAZ4qO4ALg"]},{"@type":"Person","@id":"https:\/\/ciiam.org\/en\/#\/schema\/person\/9dfa2f0264b8a969355ec533391826e1","name":"Jsc","image":{"@type":"ImageObject","inLanguage":"en-US","@id":"https:\/\/secure.gravatar.com\/avatar\/331ea6287b9b9ec3922489e3654148cbd7818e978febcf83cc1bc0613347cd16?s=96&d=mm&r=g","url":"https:\/\/secure.gravatar.com\/avatar\/331ea6287b9b9ec3922489e3654148cbd7818e978febcf83cc1bc0613347cd16?s=96&d=mm&r=g","contentUrl":"https:\/\/secure.gravatar.com\/avatar\/331ea6287b9b9ec3922489e3654148cbd7818e978febcf83cc1bc0613347cd16?s=96&d=mm&r=g","caption":"Jsc"},"url":"https:\/\/ciiam.org\/en\/author\/yset2017\/"}]}},"_links":{"self":[{"href":"https:\/\/ciiam.org\/en\/wp-json\/wp\/v2\/posts\/2862","targetHints":{"allow":["GET"]}}],"collection":[{"href":"https:\/\/ciiam.org\/en\/wp-json\/wp\/v2\/posts"}],"about":[{"href":"https:\/\/ciiam.org\/en\/wp-json\/wp\/v2\/types\/post"}],"author":[{"embeddable":true,"href":"https:\/\/ciiam.org\/en\/wp-json\/wp\/v2\/users\/2"}],"replies":[{"embeddable":true,"href":"https:\/\/ciiam.org\/en\/wp-json\/wp\/v2\/comments?post=2862"}],"version-history":[{"count":0,"href":"https:\/\/ciiam.org\/en\/wp-json\/wp\/v2\/posts\/2862\/revisions"}],"wp:featuredmedia":[{"embeddable":true,"href":"https:\/\/ciiam.org\/en\/wp-json\/wp\/v2\/media\/3008"}],"wp:attachment":[{"href":"https:\/\/ciiam.org\/en\/wp-json\/wp\/v2\/media?parent=2862"}],"wp:term":[{"taxonomy":"category","embeddable":true,"href":"https:\/\/ciiam.org\/en\/wp-json\/wp\/v2\/categories?post=2862"},{"taxonomy":"post_tag","embeddable":true,"href":"https:\/\/ciiam.org\/en\/wp-json\/wp\/v2\/tags?post=2862"}],"curies":[{"name":"wp","href":"https:\/\/api.w.org\/{rel}","templated":true}]}}