{"id":29407,"date":"2024-11-25T08:09:21","date_gmt":"2024-11-25T08:09:21","guid":{"rendered":"https:\/\/ciiam.org\/?p=29407"},"modified":"2024-11-26T08:09:49","modified_gmt":"2024-11-26T08:09:49","slug":"CIIAM-recibe-el-aval-de-los-jefes-de-estado-y-de-gobierno-en-la-xxix-cumbre-iberoamericana","status":"publish","type":"post","link":"https:\/\/ciiam.org\/en\/CIIAM-recibe-el-aval-de-los-jefes-de-estado-y-de-gobierno-en-la-xxix-cumbre-iberoamericana\/","title":{"rendered":"CIIAM recibe el aval de los jefes de Estado y de Gobierno en la XXIX Cumbre Iberoamericana"},"content":{"rendered":"<ul>\n<li>Tras la fundaci\u00f3n del CIADI en 1966, CIIAM es la primera instituci\u00f3n en obtener el apoyo de todos los jefes de Estado de Iberoam\u00e9rica.<\/li>\n<li>La XXX Cumbre Iberoamericana ser\u00e1 en Espa\u00f1a en 2026 tras traspasarse en Cuenca, Ecuador la Secretar\u00eda Pro Tempore al Reino de Espa\u00f1a.<\/li>\n<\/ul>\n<p><strong>Madrid, <\/strong><strong>25 <\/strong><strong>de noviembre de 2024. <\/strong>La XXIX Cumbre Iberoamericana de jefes de Estado y Gobierno, celebrada en Ecuador, ha ofrecido su reconocimiento a CIIAM \u201cen el marco del fortalecimiento y promoci\u00f3n de los mecanismos regionales de resoluci\u00f3n de conflictos comerciales\u201d. As\u00ed se recoge en programa de acci\u00f3n final de la Cumbre aprobada por unanimidad por los 22 mandatarios iberoamericanos participantes, entre ellos, Su Majestad el Rey, Felipe VI.<\/p>\n<p>Se renueva as\u00ed el compromiso que los l\u00edderes iberoamericanos mostraron en 2014 cuando mandataron a la Secretar\u00eda General Iberoamericana, SEGIB \u00a0\u00a0y a la Conferencia de Ministros de Justicia de los Pa\u00edses Iberoamericanos, COMJIB para constituir un Centro de Arbitraje Iberoamericano\u00a0 en la Cumbre de Jefes y Jefas de Estado Iberoamericanos de Veracruz.<\/p>\n<p>El 19 de marzo de 2015, en Buenos Aires se constituy\u00f3 el Centro Iberoamericano de Arbitraje, CIAR culmin\u00e1ndose en CIIAM tras la alianza firmada con el Centro Internacional de Arbitraje de Madrid en marzo de 2024.<\/p>\n<p>Con este respaldo a CIIAM, como centro de referencia de los arbitrajes con partes iberoamericanas, los jefes y jefas de Estado y de Gobierno reconocen la importancia que tiene el arbitraje en la regi\u00f3n y el veh\u00edculo esencial de uni\u00f3n que es la lengua espa\u00f1ola y portuguesa para afianzar las relaciones empresariales.<\/p>\n<p>El programa de acci\u00f3n aprobado \u00a0de la Cumbre Iberoamericana contribuir\u00e1 a impulsar CIIAM, ya que se estima que el 20% de los contratos internacionales, que incluyen partes iberoamericanas, podr\u00eda acogerse a su jurisdicci\u00f3n pues ofrece una cercan\u00eda cultural y mayor rapidez a lo largo del proceso arbitral, y no menos importante, un coste econ\u00f3mico m\u00e1s competitivo.<\/p>\n<p>Seguridad Jur\u00eddica, diversidad, sostenibilidad en el espacio iberoamericano fueron algunas de las de las cuestiones debatidas en el XV Encuentro Empresarial impulsado por el Consejo Empresarial Iberoamericano, CEIB, al que asistieron m\u00e1s de 1.200 empresas de los 21 pa\u00edses de Iberoam\u00e9rica tuvo participaci\u00f3n CIAM CIAR dejando patente el papel esencial del arbitraje en todas ellas.<\/p>\n<p><strong>Jos\u00e9 Mar\u00eda Alonso<\/strong>, presidente de CIIAM, ha afirmado que \u201cla comunidad empresarial y jur\u00eddica iberoamericana tiene que ser consciente de su importancia y de sus propias capacidades, trayendo hacia s\u00ed los conflictos que le son propios. El arbitraje con partes iberoamericanas viene a ser el 20% de los que se realizan internacionalmente. Hasta ahora, el 90% de dichos arbitrajes vienen celebr\u00e1ndose en Estados Unidos, Reino Unido, Francia y Suiza\u201d.<\/p>\n<p>Por su parte, <strong>Javier \u00cdscar<\/strong>, vicepresidente de CIIAM, ha subrayado que \u201ctiene escaso sentido someterse a arbitrajes con empresas que comparten el mismo idioma en sedes que hablan ingl\u00e9s o franc\u00e9s, lo que encarece los costos y dificulta el entendimiento cultural. Recordemos que hay m\u00e1s de 30 millones de empresas y 800 millones de personas que hablamos e invertimos en espa\u00f1ol o portugu\u00e9s. CIIAM es el Centro de Arbitraje a tener muy en cuenta\u201d<\/p>\n<p>&nbsp;<\/p>\n<p><strong>Espa\u00f1a sede de la XXX Cumbre en 2026<\/strong>.<\/p>\n<p>En Cuenca, Ecuador se traspas\u00f3 al Reino de Espa\u00f1a la Secretar\u00eda Pro Tempore para que Espa\u00f1a celebre la XXX Cumbre de Jefes y Jefas de Estado en 2026 en la ciudad que est\u00e1 por determinar.<\/p>\n<p>La SEGIB y la COMJIB seguir\u00e1n con la labor de seguimiento de CIAM CIAR como Centro de Arbitraje de referencia de los\u00a0 21 pa\u00edses de la comunidad iberoamericana.<\/p>\n<p>&nbsp;<\/p>\n","protected":false},"excerpt":{"rendered":"<p>Tras la fundaci\u00f3n del CIADI en 1966, CIIAM es la primera instituci\u00f3n en obtener el apoyo de todos los jefes de Estado de Iberoam\u00e9rica. La XXX Cumbre Iberoamericana ser\u00e1 en Espa\u00f1a en 2026 tras traspasarse en Cuenca, Ecuador la Secretar\u00eda Pro Tempore al Reino de Espa\u00f1a. Madrid, 25 de noviembre de 2024. La XXIX Cumbre [&hellip;]<\/p>\n","protected":false},"author":18,"featured_media":29408,"comment_status":"closed","ping_status":"open","sticky":false,"template":"","format":"standard","meta":{"footnotes":""},"categories":[17],"tags":[],"class_list":["post-29407","post","type-post","status-publish","format-standard","has-post-thumbnail","hentry","category-actualidad"],"yoast_head":"<!-- This site is optimized with the Yoast SEO plugin v27.3 - https:\/\/yoast.com\/product\/yoast-seo-wordpress\/ -->\n<title>CIIAM recibe el aval de los jefes de Estado y de Gobierno en la XXIX Cumbre Iberoamericana - CIIAM<\/title>\n<meta name=\"robots\" content=\"index, follow, max-snippet:-1, max-image-preview:large, max-video-preview:-1\" \/>\n<link rel=\"canonical\" href=\"https:\/\/ciiam.org\/en\/CIIAM-recibe-el-aval-de-los-jefes-de-estado-y-de-gobierno-en-la-xxix-cumbre-iberoamericana\/\" \/>\n<meta property=\"og:locale\" content=\"en_US\" \/>\n<meta property=\"og:type\" content=\"article\" \/>\n<meta property=\"og:title\" content=\"CIIAM recibe el aval de los jefes de Estado y de Gobierno en la XXIX Cumbre Iberoamericana - CIIAM\" \/>\n<meta property=\"og:description\" content=\"Tras la fundaci\u00f3n del CIADI en 1966, CIIAM es la primera instituci\u00f3n en obtener el apoyo de todos los jefes de Estado de Iberoam\u00e9rica. La XXX Cumbre Iberoamericana ser\u00e1 en Espa\u00f1a en 2026 tras traspasarse en Cuenca, Ecuador la Secretar\u00eda Pro Tempore al Reino de Espa\u00f1a. Madrid, 25 de noviembre de 2024. La XXIX Cumbre [&hellip;]\" \/>\n<meta property=\"og:url\" content=\"https:\/\/ciiam.org\/en\/CIIAM-recibe-el-aval-de-los-jefes-de-estado-y-de-gobierno-en-la-xxix-cumbre-iberoamericana\/\" \/>\n<meta property=\"og:site_name\" content=\"CIIAM\" \/>\n<meta property=\"article:published_time\" content=\"2024-11-25T08:09:21+00:00\" \/>\n<meta property=\"article:modified_time\" content=\"2024-11-26T08:09:49+00:00\" \/>\n<meta property=\"og:image\" content=\"https:\/\/ciiam.org\/wp-content\/uploads\/2024\/11\/Foto.jpeg\" \/>\n\t<meta property=\"og:image:width\" content=\"1140\" \/>\n\t<meta property=\"og:image:height\" content=\"1259\" \/>\n\t<meta property=\"og:image:type\" content=\"image\/jpeg\" \/>\n<meta name=\"author\" content=\"P. Moraleda\" \/>\n<meta name=\"twitter:card\" content=\"summary_large_image\" \/>\n<meta name=\"twitter:label1\" content=\"Written by\" \/>\n\t<meta name=\"twitter:data1\" content=\"P. Moraleda\" \/>\n\t<meta name=\"twitter:label2\" content=\"Est. reading time\" \/>\n\t<meta name=\"twitter:data2\" content=\"3 minutes\" \/>\n<script type=\"application\/ld+json\" class=\"yoast-schema-graph\">{\"@context\":\"https:\\\/\\\/schema.org\",\"@graph\":[{\"@type\":\"Article\",\"@id\":\"https:\\\/\\\/ciiam.org\\\/en\\\/CIIAM-recibe-el-aval-de-los-jefes-de-estado-y-de-gobierno-en-la-xxix-cumbre-iberoamericana\\\/#article\",\"isPartOf\":{\"@id\":\"https:\\\/\\\/ciiam.org\\\/en\\\/CIIAM-recibe-el-aval-de-los-jefes-de-estado-y-de-gobierno-en-la-xxix-cumbre-iberoamericana\\\/\"},\"author\":{\"name\":\"P. Moraleda\",\"@id\":\"https:\\\/\\\/ciiam.org\\\/en\\\/#\\\/schema\\\/person\\\/d11b69fd6be9dfb32edb8758b44c599f\"},\"headline\":\"CIIAM recibe el aval de los jefes de Estado y de Gobierno en la XXIX Cumbre Iberoamericana\",\"datePublished\":\"2024-11-25T08:09:21+00:00\",\"dateModified\":\"2024-11-26T08:09:49+00:00\",\"mainEntityOfPage\":{\"@id\":\"https:\\\/\\\/ciiam.org\\\/en\\\/CIIAM-recibe-el-aval-de-los-jefes-de-estado-y-de-gobierno-en-la-xxix-cumbre-iberoamericana\\\/\"},\"wordCount\":622,\"publisher\":{\"@id\":\"https:\\\/\\\/ciiam.org\\\/en\\\/#organization\"},\"image\":{\"@id\":\"https:\\\/\\\/ciiam.org\\\/en\\\/CIIAM-recibe-el-aval-de-los-jefes-de-estado-y-de-gobierno-en-la-xxix-cumbre-iberoamericana\\\/#primaryimage\"},\"thumbnailUrl\":\"https:\\\/\\\/ciiam.org\\\/wp-content\\\/uploads\\\/2024\\\/11\\\/Foto.jpeg\",\"articleSection\":[\"Actualidad\"],\"inLanguage\":\"en-US\"},{\"@type\":\"WebPage\",\"@id\":\"https:\\\/\\\/ciiam.org\\\/en\\\/CIIAM-recibe-el-aval-de-los-jefes-de-estado-y-de-gobierno-en-la-xxix-cumbre-iberoamericana\\\/\",\"url\":\"https:\\\/\\\/ciiam.org\\\/en\\\/CIIAM-recibe-el-aval-de-los-jefes-de-estado-y-de-gobierno-en-la-xxix-cumbre-iberoamericana\\\/\",\"name\":\"CIIAM recibe el aval de los jefes de Estado y de Gobierno en la XXIX Cumbre Iberoamericana - CIIAM\",\"isPartOf\":{\"@id\":\"https:\\\/\\\/ciiam.org\\\/en\\\/#website\"},\"primaryImageOfPage\":{\"@id\":\"https:\\\/\\\/ciiam.org\\\/en\\\/CIIAM-recibe-el-aval-de-los-jefes-de-estado-y-de-gobierno-en-la-xxix-cumbre-iberoamericana\\\/#primaryimage\"},\"image\":{\"@id\":\"https:\\\/\\\/ciiam.org\\\/en\\\/CIIAM-recibe-el-aval-de-los-jefes-de-estado-y-de-gobierno-en-la-xxix-cumbre-iberoamericana\\\/#primaryimage\"},\"thumbnailUrl\":\"https:\\\/\\\/ciiam.org\\\/wp-content\\\/uploads\\\/2024\\\/11\\\/Foto.jpeg\",\"datePublished\":\"2024-11-25T08:09:21+00:00\",\"dateModified\":\"2024-11-26T08:09:49+00:00\",\"breadcrumb\":{\"@id\":\"https:\\\/\\\/ciiam.org\\\/en\\\/CIIAM-recibe-el-aval-de-los-jefes-de-estado-y-de-gobierno-en-la-xxix-cumbre-iberoamericana\\\/#breadcrumb\"},\"inLanguage\":\"en-US\",\"potentialAction\":[{\"@type\":\"ReadAction\",\"target\":[\"https:\\\/\\\/ciiam.org\\\/en\\\/CIIAM-recibe-el-aval-de-los-jefes-de-estado-y-de-gobierno-en-la-xxix-cumbre-iberoamericana\\\/\"]}]},{\"@type\":\"ImageObject\",\"inLanguage\":\"en-US\",\"@id\":\"https:\\\/\\\/ciiam.org\\\/en\\\/CIIAM-recibe-el-aval-de-los-jefes-de-estado-y-de-gobierno-en-la-xxix-cumbre-iberoamericana\\\/#primaryimage\",\"url\":\"https:\\\/\\\/ciiam.org\\\/wp-content\\\/uploads\\\/2024\\\/11\\\/Foto.jpeg\",\"contentUrl\":\"https:\\\/\\\/ciiam.org\\\/wp-content\\\/uploads\\\/2024\\\/11\\\/Foto.jpeg\",\"width\":1140,\"height\":1259},{\"@type\":\"BreadcrumbList\",\"@id\":\"https:\\\/\\\/ciiam.org\\\/en\\\/CIIAM-recibe-el-aval-de-los-jefes-de-estado-y-de-gobierno-en-la-xxix-cumbre-iberoamericana\\\/#breadcrumb\",\"itemListElement\":[{\"@type\":\"ListItem\",\"position\":1,\"name\":\"CIAM\",\"item\":\"https:\\\/\\\/ciiam.org\\\/en\\\/\"},{\"@type\":\"ListItem\",\"position\":2,\"name\":\"CIIAM recibe el aval de los jefes de Estado y de Gobierno en la XXIX Cumbre Iberoamericana\"}]},{\"@type\":\"WebSite\",\"@id\":\"https:\\\/\\\/ciiam.org\\\/en\\\/#website\",\"url\":\"https:\\\/\\\/ciiam.org\\\/en\\\/\",\"name\":\"CIIAM\",\"description\":\"Centro Internacional e Iberoamericano de Arbitraje de Madrid\",\"publisher\":{\"@id\":\"https:\\\/\\\/ciiam.org\\\/en\\\/#organization\"},\"potentialAction\":[{\"@type\":\"SearchAction\",\"target\":{\"@type\":\"EntryPoint\",\"urlTemplate\":\"https:\\\/\\\/ciiam.org\\\/en\\\/?s={search_term_string}\"},\"query-input\":{\"@type\":\"PropertyValueSpecification\",\"valueRequired\":true,\"valueName\":\"search_term_string\"}}],\"inLanguage\":\"en-US\"},{\"@type\":\"Organization\",\"@id\":\"https:\\\/\\\/ciiam.org\\\/en\\\/#organization\",\"name\":\"Centro Internacional e Iberoamericano de Arbitraje de Madrid\",\"alternateName\":\"CIIAM\",\"url\":\"https:\\\/\\\/ciiam.org\\\/en\\\/\",\"logo\":{\"@type\":\"ImageObject\",\"inLanguage\":\"en-US\",\"@id\":\"https:\\\/\\\/ciiam.org\\\/en\\\/#\\\/schema\\\/logo\\\/image\\\/\",\"url\":\"https:\\\/\\\/ciiam.org\\\/wp-content\\\/uploads\\\/2026\\\/01\\\/favicon.png\",\"contentUrl\":\"https:\\\/\\\/ciiam.org\\\/wp-content\\\/uploads\\\/2026\\\/01\\\/favicon.png\",\"width\":500,\"height\":500,\"caption\":\"Centro Internacional e Iberoamericano de Arbitraje de Madrid\"},\"image\":{\"@id\":\"https:\\\/\\\/ciiam.org\\\/en\\\/#\\\/schema\\\/logo\\\/image\\\/\"},\"sameAs\":[\"https:\\\/\\\/www.linkedin.com\\\/company\\\/ciam-centro-internacional-arbitraje-madrid?trk=d_public_post_image\",\"https:\\\/\\\/www.youtube.com\\\/channel\\\/UCU2OI7SAQFv5uXAZ4qO4ALg\"]},{\"@type\":\"Person\",\"@id\":\"https:\\\/\\\/ciiam.org\\\/en\\\/#\\\/schema\\\/person\\\/d11b69fd6be9dfb32edb8758b44c599f\",\"name\":\"P. Moraleda\",\"image\":{\"@type\":\"ImageObject\",\"inLanguage\":\"en-US\",\"@id\":\"https:\\\/\\\/secure.gravatar.com\\\/avatar\\\/fe6c4f5a609355ad487e648d2b4aebf57a2fa1e7508fc4a6bd1d2b5420b286df?s=96&d=mm&r=g\",\"url\":\"https:\\\/\\\/secure.gravatar.com\\\/avatar\\\/fe6c4f5a609355ad487e648d2b4aebf57a2fa1e7508fc4a6bd1d2b5420b286df?s=96&d=mm&r=g\",\"contentUrl\":\"https:\\\/\\\/secure.gravatar.com\\\/avatar\\\/fe6c4f5a609355ad487e648d2b4aebf57a2fa1e7508fc4a6bd1d2b5420b286df?s=96&d=mm&r=g\",\"caption\":\"P. Moraleda\"},\"url\":\"https:\\\/\\\/ciiam.org\\\/en\\\/author\\\/3on1a-0sed-24\\\/\"}]}<\/script>\n<!-- \/ Yoast SEO plugin. -->","yoast_head_json":{"title":"CIIAM recibe el aval de los jefes de Estado y de Gobierno en la XXIX Cumbre Iberoamericana - CIIAM","robots":{"index":"index","follow":"follow","max-snippet":"max-snippet:-1","max-image-preview":"max-image-preview:large","max-video-preview":"max-video-preview:-1"},"canonical":"https:\/\/ciiam.org\/en\/CIIAM-recibe-el-aval-de-los-jefes-de-estado-y-de-gobierno-en-la-xxix-cumbre-iberoamericana\/","og_locale":"en_US","og_type":"article","og_title":"CIIAM recibe el aval de los jefes de Estado y de Gobierno en la XXIX Cumbre Iberoamericana - CIIAM","og_description":"Tras la fundaci\u00f3n del CIADI en 1966, CIIAM es la primera instituci\u00f3n en obtener el apoyo de todos los jefes de Estado de Iberoam\u00e9rica. La XXX Cumbre Iberoamericana ser\u00e1 en Espa\u00f1a en 2026 tras traspasarse en Cuenca, Ecuador la Secretar\u00eda Pro Tempore al Reino de Espa\u00f1a. Madrid, 25 de noviembre de 2024. La XXIX Cumbre [&hellip;]","og_url":"https:\/\/ciiam.org\/en\/CIIAM-recibe-el-aval-de-los-jefes-de-estado-y-de-gobierno-en-la-xxix-cumbre-iberoamericana\/","og_site_name":"CIIAM","article_published_time":"2024-11-25T08:09:21+00:00","article_modified_time":"2024-11-26T08:09:49+00:00","og_image":[{"width":1140,"height":1259,"url":"https:\/\/ciiam.org\/wp-content\/uploads\/2024\/11\/Foto.jpeg","type":"image\/jpeg"}],"author":"P. Moraleda","twitter_card":"summary_large_image","twitter_misc":{"Written by":"P. Moraleda","Est. reading time":"3 minutes"},"schema":{"@context":"https:\/\/schema.org","@graph":[{"@type":"Article","@id":"https:\/\/ciiam.org\/en\/CIIAM-recibe-el-aval-de-los-jefes-de-estado-y-de-gobierno-en-la-xxix-cumbre-iberoamericana\/#article","isPartOf":{"@id":"https:\/\/ciiam.org\/en\/CIIAM-recibe-el-aval-de-los-jefes-de-estado-y-de-gobierno-en-la-xxix-cumbre-iberoamericana\/"},"author":{"name":"P. Moraleda","@id":"https:\/\/ciiam.org\/en\/#\/schema\/person\/d11b69fd6be9dfb32edb8758b44c599f"},"headline":"CIIAM recibe el aval de los jefes de Estado y de Gobierno en la XXIX Cumbre Iberoamericana","datePublished":"2024-11-25T08:09:21+00:00","dateModified":"2024-11-26T08:09:49+00:00","mainEntityOfPage":{"@id":"https:\/\/ciiam.org\/en\/CIIAM-recibe-el-aval-de-los-jefes-de-estado-y-de-gobierno-en-la-xxix-cumbre-iberoamericana\/"},"wordCount":622,"publisher":{"@id":"https:\/\/ciiam.org\/en\/#organization"},"image":{"@id":"https:\/\/ciiam.org\/en\/CIIAM-recibe-el-aval-de-los-jefes-de-estado-y-de-gobierno-en-la-xxix-cumbre-iberoamericana\/#primaryimage"},"thumbnailUrl":"https:\/\/ciiam.org\/wp-content\/uploads\/2024\/11\/Foto.jpeg","articleSection":["Actualidad"],"inLanguage":"en-US"},{"@type":"WebPage","@id":"https:\/\/ciiam.org\/en\/CIIAM-recibe-el-aval-de-los-jefes-de-estado-y-de-gobierno-en-la-xxix-cumbre-iberoamericana\/","url":"https:\/\/ciiam.org\/en\/CIIAM-recibe-el-aval-de-los-jefes-de-estado-y-de-gobierno-en-la-xxix-cumbre-iberoamericana\/","name":"CIIAM recibe el aval de los jefes de Estado y de Gobierno en la XXIX Cumbre Iberoamericana - CIIAM","isPartOf":{"@id":"https:\/\/ciiam.org\/en\/#website"},"primaryImageOfPage":{"@id":"https:\/\/ciiam.org\/en\/CIIAM-recibe-el-aval-de-los-jefes-de-estado-y-de-gobierno-en-la-xxix-cumbre-iberoamericana\/#primaryimage"},"image":{"@id":"https:\/\/ciiam.org\/en\/CIIAM-recibe-el-aval-de-los-jefes-de-estado-y-de-gobierno-en-la-xxix-cumbre-iberoamericana\/#primaryimage"},"thumbnailUrl":"https:\/\/ciiam.org\/wp-content\/uploads\/2024\/11\/Foto.jpeg","datePublished":"2024-11-25T08:09:21+00:00","dateModified":"2024-11-26T08:09:49+00:00","breadcrumb":{"@id":"https:\/\/ciiam.org\/en\/CIIAM-recibe-el-aval-de-los-jefes-de-estado-y-de-gobierno-en-la-xxix-cumbre-iberoamericana\/#breadcrumb"},"inLanguage":"en-US","potentialAction":[{"@type":"ReadAction","target":["https:\/\/ciiam.org\/en\/CIIAM-recibe-el-aval-de-los-jefes-de-estado-y-de-gobierno-en-la-xxix-cumbre-iberoamericana\/"]}]},{"@type":"ImageObject","inLanguage":"en-US","@id":"https:\/\/ciiam.org\/en\/CIIAM-recibe-el-aval-de-los-jefes-de-estado-y-de-gobierno-en-la-xxix-cumbre-iberoamericana\/#primaryimage","url":"https:\/\/ciiam.org\/wp-content\/uploads\/2024\/11\/Foto.jpeg","contentUrl":"https:\/\/ciiam.org\/wp-content\/uploads\/2024\/11\/Foto.jpeg","width":1140,"height":1259},{"@type":"BreadcrumbList","@id":"https:\/\/ciiam.org\/en\/CIIAM-recibe-el-aval-de-los-jefes-de-estado-y-de-gobierno-en-la-xxix-cumbre-iberoamericana\/#breadcrumb","itemListElement":[{"@type":"ListItem","position":1,"name":"CIAM","item":"https:\/\/ciiam.org\/en\/"},{"@type":"ListItem","position":2,"name":"CIIAM recibe el aval de los jefes de Estado y de Gobierno en la XXIX Cumbre Iberoamericana"}]},{"@type":"WebSite","@id":"https:\/\/ciiam.org\/en\/#website","url":"https:\/\/ciiam.org\/en\/","name":"CIIAM","description":"Centro Internacional e Iberoamericano de Arbitraje de Madrid","publisher":{"@id":"https:\/\/ciiam.org\/en\/#organization"},"potentialAction":[{"@type":"SearchAction","target":{"@type":"EntryPoint","urlTemplate":"https:\/\/ciiam.org\/en\/?s={search_term_string}"},"query-input":{"@type":"PropertyValueSpecification","valueRequired":true,"valueName":"search_term_string"}}],"inLanguage":"en-US"},{"@type":"Organization","@id":"https:\/\/ciiam.org\/en\/#organization","name":"Centro Internacional e Iberoamericano de Arbitraje de Madrid","alternateName":"CIIAM","url":"https:\/\/ciiam.org\/en\/","logo":{"@type":"ImageObject","inLanguage":"en-US","@id":"https:\/\/ciiam.org\/en\/#\/schema\/logo\/image\/","url":"https:\/\/ciiam.org\/wp-content\/uploads\/2026\/01\/favicon.png","contentUrl":"https:\/\/ciiam.org\/wp-content\/uploads\/2026\/01\/favicon.png","width":500,"height":500,"caption":"Centro Internacional e Iberoamericano de Arbitraje de Madrid"},"image":{"@id":"https:\/\/ciiam.org\/en\/#\/schema\/logo\/image\/"},"sameAs":["https:\/\/www.linkedin.com\/company\/ciam-centro-internacional-arbitraje-madrid?trk=d_public_post_image","https:\/\/www.youtube.com\/channel\/UCU2OI7SAQFv5uXAZ4qO4ALg"]},{"@type":"Person","@id":"https:\/\/ciiam.org\/en\/#\/schema\/person\/d11b69fd6be9dfb32edb8758b44c599f","name":"P. Moraleda","image":{"@type":"ImageObject","inLanguage":"en-US","@id":"https:\/\/secure.gravatar.com\/avatar\/fe6c4f5a609355ad487e648d2b4aebf57a2fa1e7508fc4a6bd1d2b5420b286df?s=96&d=mm&r=g","url":"https:\/\/secure.gravatar.com\/avatar\/fe6c4f5a609355ad487e648d2b4aebf57a2fa1e7508fc4a6bd1d2b5420b286df?s=96&d=mm&r=g","contentUrl":"https:\/\/secure.gravatar.com\/avatar\/fe6c4f5a609355ad487e648d2b4aebf57a2fa1e7508fc4a6bd1d2b5420b286df?s=96&d=mm&r=g","caption":"P. Moraleda"},"url":"https:\/\/ciiam.org\/en\/author\/3on1a-0sed-24\/"}]}},"_links":{"self":[{"href":"https:\/\/ciiam.org\/en\/wp-json\/wp\/v2\/posts\/29407","targetHints":{"allow":["GET"]}}],"collection":[{"href":"https:\/\/ciiam.org\/en\/wp-json\/wp\/v2\/posts"}],"about":[{"href":"https:\/\/ciiam.org\/en\/wp-json\/wp\/v2\/types\/post"}],"author":[{"embeddable":true,"href":"https:\/\/ciiam.org\/en\/wp-json\/wp\/v2\/users\/18"}],"replies":[{"embeddable":true,"href":"https:\/\/ciiam.org\/en\/wp-json\/wp\/v2\/comments?post=29407"}],"version-history":[{"count":1,"href":"https:\/\/ciiam.org\/en\/wp-json\/wp\/v2\/posts\/29407\/revisions"}],"predecessor-version":[{"id":29410,"href":"https:\/\/ciiam.org\/en\/wp-json\/wp\/v2\/posts\/29407\/revisions\/29410"}],"wp:featuredmedia":[{"embeddable":true,"href":"https:\/\/ciiam.org\/en\/wp-json\/wp\/v2\/media\/29408"}],"wp:attachment":[{"href":"https:\/\/ciiam.org\/en\/wp-json\/wp\/v2\/media?parent=29407"}],"wp:term":[{"taxonomy":"category","embeddable":true,"href":"https:\/\/ciiam.org\/en\/wp-json\/wp\/v2\/categories?post=29407"},{"taxonomy":"post_tag","embeddable":true,"href":"https:\/\/ciiam.org\/en\/wp-json\/wp\/v2\/tags?post=29407"}],"curies":[{"name":"wp","href":"https:\/\/api.w.org\/{rel}","templated":true}]}}