{"id":29984,"date":"2025-02-06T08:08:54","date_gmt":"2025-02-06T08:08:54","guid":{"rendered":"https:\/\/ciiam.org\/?p=29984"},"modified":"2025-02-06T08:10:45","modified_gmt":"2025-02-06T08:10:45","slug":"CIIAM-impulsa-su-servicio-de-mediacion-con-el-nombramiento-de-marlen-estevez-como-presidenta","status":"publish","type":"post","link":"https:\/\/ciiam.org\/en\/CIIAM-impulsa-su-servicio-de-mediacion-con-el-nombramiento-de-marlen-estevez-como-presidenta\/","title":{"rendered":"CIIAM impulsa su servicio de mediaci\u00f3n con el nombramiento de Marlen Est\u00e9vez como presidenta"},"content":{"rendered":"<p><strong>Madrid, 06\/02\/2025<\/strong>.- El Pleno del Centro Internacional de Arbitraje de Madrid-Centro Iberoamericano de Arbitraje (CIIAM) ha nombrado a Marlen Est\u00e9vez presidenta de su servicio de mediaci\u00f3n. Con esta designaci\u00f3n, CIIAM refuerza su autonom\u00eda como instituci\u00f3n clave para la resoluci\u00f3n de conflictos en Iberoam\u00e9rica.<\/p>\n<p>\u201cEs un honor asumir la presidencia de CIIAM Mediaci\u00f3n en un momento clave para la consolidaci\u00f3n de la mediaci\u00f3n como herramienta estrat\u00e9gica en la resoluci\u00f3n de conflictos. En esta nueva etapa, CIIAM Mediaci\u00f3n adquiere una identidad propia, fortaleciendo su autonom\u00eda y su posicionamiento dentro del ecosistema de resoluci\u00f3n alternativa de disputas en Iberoam\u00e9rica\u201d, ha asegurado Marlen Est\u00e9vez.<\/p>\n<p>La nueva presidenta de CIIAM Mediaci\u00f3n ha a\u00f1adido que \u201csu compromiso es impulsar la mediaci\u00f3n como un mecanismo \u00e1gil, eficiente y confiable para empresas e instituciones, brindando soluciones innovadoras y adaptadas a los retos actuales. Junto con un equipo de expertos de primer nivel, trabajaremos para seguir promoviendo la cultura del acuerdo y consolidar a CIIAM Mediaci\u00f3n como un referente de la justicia colaborativa en Iberoam\u00e9rica\u201d.<\/p>\n<p>Por su parte, Jos\u00e9 Mar\u00eda Alonso, presidente de CIIAM, continuar\u00e1 consolidando el arbitraje como pilar fundamental de la actividad del Centro. \u201cNuestro objetivo es prestar un servicio lo m\u00e1s completo posible a las empresas a trav\u00e9s de los dos principales mecanismos alternativos de soluci\u00f3n de controversias -el arbitraje y la mediaci\u00f3n- para contribuir a la competitividad y fortalecimiento de las relaciones econ\u00f3micas y comerciales del tejido empresarial\u201d, ha subrayado Jos\u00e9 Mar\u00eda Alonso.<\/p>\n<p>El servicio de CIIAM Mediaci\u00f3n, seguir\u00e1 siendo un servicio del CIIAM y con el nombramiento de su Presidenta se reforzar\u00e1 su estrategia trabajando en el desarrollo y promoci\u00f3n de la mediaci\u00f3n internacional. Las primeras acciones para reforzar el servicio van a poner el foco en una mayor difusi\u00f3n del servicio para atraer mediaciones en el \u00e1mbito internacional; la revisi\u00f3n de toda la normativa; el desarrollo de una plataforma digital para la administraci\u00f3n eficiente de casos y la renovaci\u00f3n de la Comisi\u00f3n Designaci\u00f3n Mediadores.<\/p>\n","protected":false},"excerpt":{"rendered":"<p>Madrid, 06\/02\/2025.- El Pleno del Centro Internacional de Arbitraje de Madrid-Centro Iberoamericano de Arbitraje (CIIAM) ha nombrado a Marlen Est\u00e9vez presidenta de su servicio de mediaci\u00f3n. Con esta designaci\u00f3n, CIIAM refuerza su autonom\u00eda como instituci\u00f3n clave para la resoluci\u00f3n de conflictos en Iberoam\u00e9rica. \u201cEs un honor asumir la presidencia de CIIAM Mediaci\u00f3n en un momento [&hellip;]<\/p>\n","protected":false},"author":18,"featured_media":29988,"comment_status":"closed","ping_status":"open","sticky":false,"template":"","format":"standard","meta":{"footnotes":""},"categories":[17],"tags":[],"class_list":["post-29984","post","type-post","status-publish","format-standard","has-post-thumbnail","hentry","category-actualidad"],"yoast_head":"<!-- This site is optimized with the Yoast SEO plugin v27.3 - https:\/\/yoast.com\/product\/yoast-seo-wordpress\/ -->\n<title>CIIAM impulsa su servicio de mediaci\u00f3n con el nombramiento de Marlen Est\u00e9vez como presidenta<\/title>\n<meta name=\"description\" content=\"CIIAM ha nombrado a Marlen Est\u00e9vez presidenta de su servicio de mediaci\u00f3n, reforzando su autonom\u00eda como instituci\u00f3n clave para la resoluci\u00f3n de conflictos en Iberoam\u00e9rica.\" \/>\n<meta name=\"robots\" content=\"index, follow, max-snippet:-1, max-image-preview:large, max-video-preview:-1\" \/>\n<link rel=\"canonical\" href=\"https:\/\/ciiam.org\/en\/CIIAM-impulsa-su-servicio-de-mediacion-con-el-nombramiento-de-marlen-estevez-como-presidenta\/\" \/>\n<meta property=\"og:locale\" content=\"en_US\" \/>\n<meta property=\"og:type\" content=\"article\" \/>\n<meta property=\"og:title\" content=\"CIIAM impulsa su servicio de mediaci\u00f3n con el nombramiento de Marlen Est\u00e9vez como presidenta\" \/>\n<meta property=\"og:description\" content=\"CIIAM ha nombrado a Marlen Est\u00e9vez presidenta de su servicio de mediaci\u00f3n, reforzando su autonom\u00eda como instituci\u00f3n clave para la resoluci\u00f3n de conflictos en Iberoam\u00e9rica.\" \/>\n<meta property=\"og:url\" content=\"https:\/\/ciiam.org\/en\/CIIAM-impulsa-su-servicio-de-mediacion-con-el-nombramiento-de-marlen-estevez-como-presidenta\/\" \/>\n<meta property=\"og:site_name\" content=\"CIIAM\" \/>\n<meta property=\"article:published_time\" content=\"2025-02-06T08:08:54+00:00\" \/>\n<meta property=\"article:modified_time\" content=\"2025-02-06T08:10:45+00:00\" \/>\n<meta property=\"og:image\" content=\"https:\/\/ciiam.org\/wp-content\/uploads\/2025\/02\/PHOTO-2025-01-31-14-05-29-1.jpg\" \/>\n\t<meta property=\"og:image:width\" content=\"1066\" \/>\n\t<meta property=\"og:image:height\" content=\"1206\" \/>\n\t<meta property=\"og:image:type\" content=\"image\/jpeg\" \/>\n<meta name=\"author\" content=\"P. Moraleda\" \/>\n<meta name=\"twitter:card\" content=\"summary_large_image\" \/>\n<meta name=\"twitter:label1\" content=\"Written by\" \/>\n\t<meta name=\"twitter:data1\" content=\"P. Moraleda\" \/>\n\t<meta name=\"twitter:label2\" content=\"Est. reading time\" \/>\n\t<meta name=\"twitter:data2\" content=\"2 minutes\" \/>\n<script type=\"application\/ld+json\" class=\"yoast-schema-graph\">{\"@context\":\"https:\\\/\\\/schema.org\",\"@graph\":[{\"@type\":\"Article\",\"@id\":\"https:\\\/\\\/ciiam.org\\\/en\\\/CIIAM-impulsa-su-servicio-de-mediacion-con-el-nombramiento-de-marlen-estevez-como-presidenta\\\/#article\",\"isPartOf\":{\"@id\":\"https:\\\/\\\/ciiam.org\\\/en\\\/CIIAM-impulsa-su-servicio-de-mediacion-con-el-nombramiento-de-marlen-estevez-como-presidenta\\\/\"},\"author\":{\"name\":\"P. Moraleda\",\"@id\":\"https:\\\/\\\/ciiam.org\\\/en\\\/#\\\/schema\\\/person\\\/d11b69fd6be9dfb32edb8758b44c599f\"},\"headline\":\"CIIAM impulsa su servicio de mediaci\u00f3n con el nombramiento de Marlen Est\u00e9vez como presidenta\",\"datePublished\":\"2025-02-06T08:08:54+00:00\",\"dateModified\":\"2025-02-06T08:10:45+00:00\",\"mainEntityOfPage\":{\"@id\":\"https:\\\/\\\/ciiam.org\\\/en\\\/CIIAM-impulsa-su-servicio-de-mediacion-con-el-nombramiento-de-marlen-estevez-como-presidenta\\\/\"},\"wordCount\":375,\"publisher\":{\"@id\":\"https:\\\/\\\/ciiam.org\\\/en\\\/#organization\"},\"image\":{\"@id\":\"https:\\\/\\\/ciiam.org\\\/en\\\/CIIAM-impulsa-su-servicio-de-mediacion-con-el-nombramiento-de-marlen-estevez-como-presidenta\\\/#primaryimage\"},\"thumbnailUrl\":\"https:\\\/\\\/ciiam.org\\\/wp-content\\\/uploads\\\/2025\\\/02\\\/PHOTO-2025-01-31-14-05-29-1.jpg\",\"articleSection\":[\"Actualidad\"],\"inLanguage\":\"en-US\"},{\"@type\":\"WebPage\",\"@id\":\"https:\\\/\\\/ciiam.org\\\/en\\\/CIIAM-impulsa-su-servicio-de-mediacion-con-el-nombramiento-de-marlen-estevez-como-presidenta\\\/\",\"url\":\"https:\\\/\\\/ciiam.org\\\/en\\\/CIIAM-impulsa-su-servicio-de-mediacion-con-el-nombramiento-de-marlen-estevez-como-presidenta\\\/\",\"name\":\"CIIAM impulsa su servicio de mediaci\u00f3n con el nombramiento de Marlen Est\u00e9vez como presidenta\",\"isPartOf\":{\"@id\":\"https:\\\/\\\/ciiam.org\\\/en\\\/#website\"},\"primaryImageOfPage\":{\"@id\":\"https:\\\/\\\/ciiam.org\\\/en\\\/CIIAM-impulsa-su-servicio-de-mediacion-con-el-nombramiento-de-marlen-estevez-como-presidenta\\\/#primaryimage\"},\"image\":{\"@id\":\"https:\\\/\\\/ciiam.org\\\/en\\\/CIIAM-impulsa-su-servicio-de-mediacion-con-el-nombramiento-de-marlen-estevez-como-presidenta\\\/#primaryimage\"},\"thumbnailUrl\":\"https:\\\/\\\/ciiam.org\\\/wp-content\\\/uploads\\\/2025\\\/02\\\/PHOTO-2025-01-31-14-05-29-1.jpg\",\"datePublished\":\"2025-02-06T08:08:54+00:00\",\"dateModified\":\"2025-02-06T08:10:45+00:00\",\"description\":\"CIIAM ha nombrado a Marlen Est\u00e9vez presidenta de su servicio de mediaci\u00f3n, reforzando su autonom\u00eda como instituci\u00f3n clave para la resoluci\u00f3n de conflictos en Iberoam\u00e9rica.\",\"breadcrumb\":{\"@id\":\"https:\\\/\\\/ciiam.org\\\/en\\\/CIIAM-impulsa-su-servicio-de-mediacion-con-el-nombramiento-de-marlen-estevez-como-presidenta\\\/#breadcrumb\"},\"inLanguage\":\"en-US\",\"potentialAction\":[{\"@type\":\"ReadAction\",\"target\":[\"https:\\\/\\\/ciiam.org\\\/en\\\/CIIAM-impulsa-su-servicio-de-mediacion-con-el-nombramiento-de-marlen-estevez-como-presidenta\\\/\"]}]},{\"@type\":\"ImageObject\",\"inLanguage\":\"en-US\",\"@id\":\"https:\\\/\\\/ciiam.org\\\/en\\\/CIIAM-impulsa-su-servicio-de-mediacion-con-el-nombramiento-de-marlen-estevez-como-presidenta\\\/#primaryimage\",\"url\":\"https:\\\/\\\/ciiam.org\\\/wp-content\\\/uploads\\\/2025\\\/02\\\/PHOTO-2025-01-31-14-05-29-1.jpg\",\"contentUrl\":\"https:\\\/\\\/ciiam.org\\\/wp-content\\\/uploads\\\/2025\\\/02\\\/PHOTO-2025-01-31-14-05-29-1.jpg\",\"width\":1066,\"height\":1206,\"caption\":\"Marlen Est\u00e9vez\"},{\"@type\":\"BreadcrumbList\",\"@id\":\"https:\\\/\\\/ciiam.org\\\/en\\\/CIIAM-impulsa-su-servicio-de-mediacion-con-el-nombramiento-de-marlen-estevez-como-presidenta\\\/#breadcrumb\",\"itemListElement\":[{\"@type\":\"ListItem\",\"position\":1,\"name\":\"CIAM\",\"item\":\"https:\\\/\\\/ciiam.org\\\/en\\\/\"},{\"@type\":\"ListItem\",\"position\":2,\"name\":\"CIIAM impulsa su servicio de mediaci\u00f3n con el nombramiento de Marlen Est\u00e9vez como presidenta\"}]},{\"@type\":\"WebSite\",\"@id\":\"https:\\\/\\\/ciiam.org\\\/en\\\/#website\",\"url\":\"https:\\\/\\\/ciiam.org\\\/en\\\/\",\"name\":\"CIIAM\",\"description\":\"Centro Internacional e Iberoamericano de Arbitraje de Madrid\",\"publisher\":{\"@id\":\"https:\\\/\\\/ciiam.org\\\/en\\\/#organization\"},\"potentialAction\":[{\"@type\":\"SearchAction\",\"target\":{\"@type\":\"EntryPoint\",\"urlTemplate\":\"https:\\\/\\\/ciiam.org\\\/en\\\/?s={search_term_string}\"},\"query-input\":{\"@type\":\"PropertyValueSpecification\",\"valueRequired\":true,\"valueName\":\"search_term_string\"}}],\"inLanguage\":\"en-US\"},{\"@type\":\"Organization\",\"@id\":\"https:\\\/\\\/ciiam.org\\\/en\\\/#organization\",\"name\":\"Centro Internacional e Iberoamericano de Arbitraje de Madrid\",\"alternateName\":\"CIIAM\",\"url\":\"https:\\\/\\\/ciiam.org\\\/en\\\/\",\"logo\":{\"@type\":\"ImageObject\",\"inLanguage\":\"en-US\",\"@id\":\"https:\\\/\\\/ciiam.org\\\/en\\\/#\\\/schema\\\/logo\\\/image\\\/\",\"url\":\"https:\\\/\\\/ciiam.org\\\/wp-content\\\/uploads\\\/2026\\\/01\\\/favicon.png\",\"contentUrl\":\"https:\\\/\\\/ciiam.org\\\/wp-content\\\/uploads\\\/2026\\\/01\\\/favicon.png\",\"width\":500,\"height\":500,\"caption\":\"Centro Internacional e Iberoamericano de Arbitraje de Madrid\"},\"image\":{\"@id\":\"https:\\\/\\\/ciiam.org\\\/en\\\/#\\\/schema\\\/logo\\\/image\\\/\"},\"sameAs\":[\"https:\\\/\\\/www.linkedin.com\\\/company\\\/ciam-centro-internacional-arbitraje-madrid?trk=d_public_post_image\",\"https:\\\/\\\/www.youtube.com\\\/channel\\\/UCU2OI7SAQFv5uXAZ4qO4ALg\"]},{\"@type\":\"Person\",\"@id\":\"https:\\\/\\\/ciiam.org\\\/en\\\/#\\\/schema\\\/person\\\/d11b69fd6be9dfb32edb8758b44c599f\",\"name\":\"P. Moraleda\",\"image\":{\"@type\":\"ImageObject\",\"inLanguage\":\"en-US\",\"@id\":\"https:\\\/\\\/secure.gravatar.com\\\/avatar\\\/fe6c4f5a609355ad487e648d2b4aebf57a2fa1e7508fc4a6bd1d2b5420b286df?s=96&d=mm&r=g\",\"url\":\"https:\\\/\\\/secure.gravatar.com\\\/avatar\\\/fe6c4f5a609355ad487e648d2b4aebf57a2fa1e7508fc4a6bd1d2b5420b286df?s=96&d=mm&r=g\",\"contentUrl\":\"https:\\\/\\\/secure.gravatar.com\\\/avatar\\\/fe6c4f5a609355ad487e648d2b4aebf57a2fa1e7508fc4a6bd1d2b5420b286df?s=96&d=mm&r=g\",\"caption\":\"P. Moraleda\"},\"url\":\"https:\\\/\\\/ciiam.org\\\/en\\\/author\\\/3on1a-0sed-24\\\/\"}]}<\/script>\n<!-- \/ Yoast SEO plugin. -->","yoast_head_json":{"title":"CIIAM impulsa su servicio de mediaci\u00f3n con el nombramiento de Marlen Est\u00e9vez como presidenta","description":"CIIAM ha nombrado a Marlen Est\u00e9vez presidenta de su servicio de mediaci\u00f3n, reforzando su autonom\u00eda como instituci\u00f3n clave para la resoluci\u00f3n de conflictos en Iberoam\u00e9rica.","robots":{"index":"index","follow":"follow","max-snippet":"max-snippet:-1","max-image-preview":"max-image-preview:large","max-video-preview":"max-video-preview:-1"},"canonical":"https:\/\/ciiam.org\/en\/CIIAM-impulsa-su-servicio-de-mediacion-con-el-nombramiento-de-marlen-estevez-como-presidenta\/","og_locale":"en_US","og_type":"article","og_title":"CIIAM impulsa su servicio de mediaci\u00f3n con el nombramiento de Marlen Est\u00e9vez como presidenta","og_description":"CIIAM ha nombrado a Marlen Est\u00e9vez presidenta de su servicio de mediaci\u00f3n, reforzando su autonom\u00eda como instituci\u00f3n clave para la resoluci\u00f3n de conflictos en Iberoam\u00e9rica.","og_url":"https:\/\/ciiam.org\/en\/CIIAM-impulsa-su-servicio-de-mediacion-con-el-nombramiento-de-marlen-estevez-como-presidenta\/","og_site_name":"CIIAM","article_published_time":"2025-02-06T08:08:54+00:00","article_modified_time":"2025-02-06T08:10:45+00:00","og_image":[{"width":1066,"height":1206,"url":"https:\/\/ciiam.org\/wp-content\/uploads\/2025\/02\/PHOTO-2025-01-31-14-05-29-1.jpg","type":"image\/jpeg"}],"author":"P. Moraleda","twitter_card":"summary_large_image","twitter_misc":{"Written by":"P. Moraleda","Est. reading time":"2 minutes"},"schema":{"@context":"https:\/\/schema.org","@graph":[{"@type":"Article","@id":"https:\/\/ciiam.org\/en\/CIIAM-impulsa-su-servicio-de-mediacion-con-el-nombramiento-de-marlen-estevez-como-presidenta\/#article","isPartOf":{"@id":"https:\/\/ciiam.org\/en\/CIIAM-impulsa-su-servicio-de-mediacion-con-el-nombramiento-de-marlen-estevez-como-presidenta\/"},"author":{"name":"P. Moraleda","@id":"https:\/\/ciiam.org\/en\/#\/schema\/person\/d11b69fd6be9dfb32edb8758b44c599f"},"headline":"CIIAM impulsa su servicio de mediaci\u00f3n con el nombramiento de Marlen Est\u00e9vez como presidenta","datePublished":"2025-02-06T08:08:54+00:00","dateModified":"2025-02-06T08:10:45+00:00","mainEntityOfPage":{"@id":"https:\/\/ciiam.org\/en\/CIIAM-impulsa-su-servicio-de-mediacion-con-el-nombramiento-de-marlen-estevez-como-presidenta\/"},"wordCount":375,"publisher":{"@id":"https:\/\/ciiam.org\/en\/#organization"},"image":{"@id":"https:\/\/ciiam.org\/en\/CIIAM-impulsa-su-servicio-de-mediacion-con-el-nombramiento-de-marlen-estevez-como-presidenta\/#primaryimage"},"thumbnailUrl":"https:\/\/ciiam.org\/wp-content\/uploads\/2025\/02\/PHOTO-2025-01-31-14-05-29-1.jpg","articleSection":["Actualidad"],"inLanguage":"en-US"},{"@type":"WebPage","@id":"https:\/\/ciiam.org\/en\/CIIAM-impulsa-su-servicio-de-mediacion-con-el-nombramiento-de-marlen-estevez-como-presidenta\/","url":"https:\/\/ciiam.org\/en\/CIIAM-impulsa-su-servicio-de-mediacion-con-el-nombramiento-de-marlen-estevez-como-presidenta\/","name":"CIIAM impulsa su servicio de mediaci\u00f3n con el nombramiento de Marlen Est\u00e9vez como presidenta","isPartOf":{"@id":"https:\/\/ciiam.org\/en\/#website"},"primaryImageOfPage":{"@id":"https:\/\/ciiam.org\/en\/CIIAM-impulsa-su-servicio-de-mediacion-con-el-nombramiento-de-marlen-estevez-como-presidenta\/#primaryimage"},"image":{"@id":"https:\/\/ciiam.org\/en\/CIIAM-impulsa-su-servicio-de-mediacion-con-el-nombramiento-de-marlen-estevez-como-presidenta\/#primaryimage"},"thumbnailUrl":"https:\/\/ciiam.org\/wp-content\/uploads\/2025\/02\/PHOTO-2025-01-31-14-05-29-1.jpg","datePublished":"2025-02-06T08:08:54+00:00","dateModified":"2025-02-06T08:10:45+00:00","description":"CIIAM ha nombrado a Marlen Est\u00e9vez presidenta de su servicio de mediaci\u00f3n, reforzando su autonom\u00eda como instituci\u00f3n clave para la resoluci\u00f3n de conflictos en Iberoam\u00e9rica.","breadcrumb":{"@id":"https:\/\/ciiam.org\/en\/CIIAM-impulsa-su-servicio-de-mediacion-con-el-nombramiento-de-marlen-estevez-como-presidenta\/#breadcrumb"},"inLanguage":"en-US","potentialAction":[{"@type":"ReadAction","target":["https:\/\/ciiam.org\/en\/CIIAM-impulsa-su-servicio-de-mediacion-con-el-nombramiento-de-marlen-estevez-como-presidenta\/"]}]},{"@type":"ImageObject","inLanguage":"en-US","@id":"https:\/\/ciiam.org\/en\/CIIAM-impulsa-su-servicio-de-mediacion-con-el-nombramiento-de-marlen-estevez-como-presidenta\/#primaryimage","url":"https:\/\/ciiam.org\/wp-content\/uploads\/2025\/02\/PHOTO-2025-01-31-14-05-29-1.jpg","contentUrl":"https:\/\/ciiam.org\/wp-content\/uploads\/2025\/02\/PHOTO-2025-01-31-14-05-29-1.jpg","width":1066,"height":1206,"caption":"Marlen Est\u00e9vez"},{"@type":"BreadcrumbList","@id":"https:\/\/ciiam.org\/en\/CIIAM-impulsa-su-servicio-de-mediacion-con-el-nombramiento-de-marlen-estevez-como-presidenta\/#breadcrumb","itemListElement":[{"@type":"ListItem","position":1,"name":"CIAM","item":"https:\/\/ciiam.org\/en\/"},{"@type":"ListItem","position":2,"name":"CIIAM impulsa su servicio de mediaci\u00f3n con el nombramiento de Marlen Est\u00e9vez como presidenta"}]},{"@type":"WebSite","@id":"https:\/\/ciiam.org\/en\/#website","url":"https:\/\/ciiam.org\/en\/","name":"CIIAM","description":"Centro Internacional e Iberoamericano de Arbitraje de Madrid","publisher":{"@id":"https:\/\/ciiam.org\/en\/#organization"},"potentialAction":[{"@type":"SearchAction","target":{"@type":"EntryPoint","urlTemplate":"https:\/\/ciiam.org\/en\/?s={search_term_string}"},"query-input":{"@type":"PropertyValueSpecification","valueRequired":true,"valueName":"search_term_string"}}],"inLanguage":"en-US"},{"@type":"Organization","@id":"https:\/\/ciiam.org\/en\/#organization","name":"Centro Internacional e Iberoamericano de Arbitraje de Madrid","alternateName":"CIIAM","url":"https:\/\/ciiam.org\/en\/","logo":{"@type":"ImageObject","inLanguage":"en-US","@id":"https:\/\/ciiam.org\/en\/#\/schema\/logo\/image\/","url":"https:\/\/ciiam.org\/wp-content\/uploads\/2026\/01\/favicon.png","contentUrl":"https:\/\/ciiam.org\/wp-content\/uploads\/2026\/01\/favicon.png","width":500,"height":500,"caption":"Centro Internacional e Iberoamericano de Arbitraje de Madrid"},"image":{"@id":"https:\/\/ciiam.org\/en\/#\/schema\/logo\/image\/"},"sameAs":["https:\/\/www.linkedin.com\/company\/ciam-centro-internacional-arbitraje-madrid?trk=d_public_post_image","https:\/\/www.youtube.com\/channel\/UCU2OI7SAQFv5uXAZ4qO4ALg"]},{"@type":"Person","@id":"https:\/\/ciiam.org\/en\/#\/schema\/person\/d11b69fd6be9dfb32edb8758b44c599f","name":"P. Moraleda","image":{"@type":"ImageObject","inLanguage":"en-US","@id":"https:\/\/secure.gravatar.com\/avatar\/fe6c4f5a609355ad487e648d2b4aebf57a2fa1e7508fc4a6bd1d2b5420b286df?s=96&d=mm&r=g","url":"https:\/\/secure.gravatar.com\/avatar\/fe6c4f5a609355ad487e648d2b4aebf57a2fa1e7508fc4a6bd1d2b5420b286df?s=96&d=mm&r=g","contentUrl":"https:\/\/secure.gravatar.com\/avatar\/fe6c4f5a609355ad487e648d2b4aebf57a2fa1e7508fc4a6bd1d2b5420b286df?s=96&d=mm&r=g","caption":"P. Moraleda"},"url":"https:\/\/ciiam.org\/en\/author\/3on1a-0sed-24\/"}]}},"_links":{"self":[{"href":"https:\/\/ciiam.org\/en\/wp-json\/wp\/v2\/posts\/29984","targetHints":{"allow":["GET"]}}],"collection":[{"href":"https:\/\/ciiam.org\/en\/wp-json\/wp\/v2\/posts"}],"about":[{"href":"https:\/\/ciiam.org\/en\/wp-json\/wp\/v2\/types\/post"}],"author":[{"embeddable":true,"href":"https:\/\/ciiam.org\/en\/wp-json\/wp\/v2\/users\/18"}],"replies":[{"embeddable":true,"href":"https:\/\/ciiam.org\/en\/wp-json\/wp\/v2\/comments?post=29984"}],"version-history":[{"count":2,"href":"https:\/\/ciiam.org\/en\/wp-json\/wp\/v2\/posts\/29984\/revisions"}],"predecessor-version":[{"id":29990,"href":"https:\/\/ciiam.org\/en\/wp-json\/wp\/v2\/posts\/29984\/revisions\/29990"}],"wp:featuredmedia":[{"embeddable":true,"href":"https:\/\/ciiam.org\/en\/wp-json\/wp\/v2\/media\/29988"}],"wp:attachment":[{"href":"https:\/\/ciiam.org\/en\/wp-json\/wp\/v2\/media?parent=29984"}],"wp:term":[{"taxonomy":"category","embeddable":true,"href":"https:\/\/ciiam.org\/en\/wp-json\/wp\/v2\/categories?post=29984"},{"taxonomy":"post_tag","embeddable":true,"href":"https:\/\/ciiam.org\/en\/wp-json\/wp\/v2\/tags?post=29984"}],"curies":[{"name":"wp","href":"https:\/\/api.w.org\/{rel}","templated":true}]}}