{"id":30718,"date":"2025-04-03T14:56:14","date_gmt":"2025-04-03T14:56:14","guid":{"rendered":"https:\/\/ciiam.org\/?p=30718"},"modified":"2025-04-08T07:28:33","modified_gmt":"2025-04-08T07:28:33","slug":"CIIAM-y-cam-santiago-firman-su-alianza-para-desarrollar-su-actividad-internacional","status":"publish","type":"post","link":"https:\/\/ciiam.org\/en\/CIIAM-y-cam-santiago-firman-su-alianza-para-desarrollar-su-actividad-internacional\/","title":{"rendered":"CIIAM y CAM Santiago firman su alianza para desarrollar de manera conjunta el arbitraje internacional"},"content":{"rendered":"<p><strong>Santiago de Chile, 03\/04\/2025<\/strong>.- El Centro de Arbitraje y Mediaci\u00f3n (CAM Santiago) de la C\u00e1mara de Comercio de Santiago (CCS) y el Centro Internacional e Iberoamericano de Arbitraje de Madrid (CIIAM) han firmado su acuerdo para desarrollar de manera conjunta el arbitraje internacional.<\/p>\n<p>Esta alianza supone un paso decisivo hacia la integraci\u00f3n institucional en el arbitraje internacional y marcar\u00e1 un antes y un despu\u00e9s para ambos centros, para la regi\u00f3n iberoamericana y para el ecosistema del arbitraje comercial internacional.<\/p>\n<p>Jos\u00e9 Mar\u00eda Alonso, presidente de CIIAM, y Mar\u00eda Agnes Salah Abusleme, presidenta de CAM Santiago, han firmado el acuerdo durante el III Encuentro de Arbitraje en Santiago de Chile. Para Jos\u00e9 Mar\u00eda Alonso, con esta alianza \u201cse alcanza el objetivo fundacional de esta de convertirse en una corte verdaderamente iberoamericana. No estamos ante una simple suma aritm\u00e9tica, sino ante un proyecto que permitir\u00e1 un desarrollo exponencial de la pr\u00e1ctica internacional de CIIAM, a trav\u00e9s de la asociaci\u00f3n con CAM Santiago\u201d.<\/p>\n<p>Por su parte, Mar\u00eda Agnes Salah Abusleme, ha realzado \u201csu gran optimismo con el \u00e9xito que tendr\u00e1 esta alianza, respaldada por el profesionalismo que distingue tanto a CIIAM como al CAM Santiago, as\u00ed como la s\u00f3lida comunidad arbitral que las rodea. Desde una perspectiva global, confiamos en que este acuerdo contribuir\u00e1 significativamente al fortalecimiento del arbitraje y permitir\u00e1 responder de manera eficaz a las necesidades del comercio internacional\u201d.<\/p>\n<p>CAM Santiago se integrar\u00e1 como socio en igualdad de condiciones con los dem\u00e1s fundadores de CIIAM, participando activamente en su estructura de gobierno. Asimismo, CAM Santiago se unir\u00e1 al equipo de CIIAM para administrar conjuntamente los procedimientos arbitrales.<\/p>\n<p>De esta manera, se fortalece la verdadera naturaleza iberoamericana de CIIAM y se refuerza el compromiso de las c\u00e1maras de comercio espa\u00f1olas y latinoamericanas de impulsar una instituci\u00f3n arbitral de referencia para la resoluci\u00f3n de controversias internacionales.<\/p>\n<p>El CAM Santiago es una instituci\u00f3n referente de soluci\u00f3n de controversias en Chile y Latinoam\u00e9rica, tanto por el n\u00famero y la naturaleza de sus casos internacionales, como por su profesionalismo y transparencia. Con este acuerdo se fortalece la verdadera naturaleza iberoamericana de CIIAM y se refuerza el compromiso de las c\u00e1maras de comercio espa\u00f1olas y latinoamericanas de impulsar una instituci\u00f3n arbitral de referencia para la resoluci\u00f3n de controversias con componente internacional.<\/p>\n<p>A partir de la formalizaci\u00f3n de la firma, el CAM Santiago entra a formar parte de CIIAM en lo que respecta a su actividad de arbitraje internacional, con el mismo estatus que sus cortes fundadoras: la Corte de Arbitraje de Madrid (CAM) de la C\u00e1mara de Comercio de Madrid, la Corte Espa\u00f1ola de Arbitraje (CEA) de la C\u00e1mara de Comercio de Espa\u00f1a y la Corte Civil y Mercantil de Arbitraje (CIMA). Adem\u00e1s, est\u00e1n incorporados como socios estrat\u00e9gicos el Ilustre Colegio de la Abogac\u00eda de Madrid (ICAM) y el Centro Internacional Iberoamericano de Arbitraje (CIAR).<\/p>\n<p>El acuerdo establece que los contratos firmados a partir del 1 de julio de 2025 que contengan la cl\u00e1usula arbitral del CAM Santiago se remitir\u00e1n al CIIAM mediante una regla de reenv\u00edo que ser\u00e1 incluida en su Reglamento. Respecto a los contratos suscritos con anterioridad a dicha fecha, las partes podr\u00e1n optar por derivarlos voluntariamente al CIIAM. El CAM Santiago seguir\u00e1 desarrollando sus actividades de arbitraje en el \u00e1mbito dom\u00e9stico.<\/p>\n<p>La instituci\u00f3n chilena ocupar\u00e1 una vocal\u00eda en el Consejo de Gobierno del CIIAM, que ser\u00e1 ocupada por Mar\u00eda Teresa Vial, presidenta de la CCS. Asimismo, contar\u00e1 con dos vocal\u00edas en el Pleno de CIIAM, ocupadas por Mar\u00eda Agnes Salah, presidenta de CAM Santiago, y Ximena Vial, directora ejecutiva de la misma instituci\u00f3n.<\/p>\n<p>Adem\u00e1s, Mar\u00eda Agnes Salah ocupar\u00e1 el cargo de vicepresidenta del CIIAM, junto a los actuales vicepresidentes y, por su parte, Laura Aguilera, actual subdirectora ejecutiva del CAM Santiago, ser\u00e1 nombrada vicesecretaria del Centro, junto con los tres vicesecretarios actuales en CIIAM.<\/p>\n<p>Este convenio encarna los valores de accesibilidad, eficiencia, diversidad y sostenibilidad -que comparten ambas instituciones- y permitir\u00e1 al CIIAM, ahora con su socio chileno, consolidarse como un referente iberoamericano en materia de arbitraje internacional y contribuir a consolidar una comunidad arbitral unida por una cultura y desaf\u00edos compartidos. Adem\u00e1s, una de las consecuencias esperadas de este acuerdo es que Chile se posicionar\u00e1, a\u00fan m\u00e1s, como una sede segura de arbitraje internacional en Latinoam\u00e9rica.<\/p>\n<p>A ra\u00edz de este acuerdo, entre el 27 y el 31 de mayo tendr\u00e1 lugar en Madrid un Encuentro Legal Empresarial, en el que participar\u00e1n empresarios a trav\u00e9s de la Misi\u00f3n Empresarial Espa\u00f1a 2025 -organizada por la SOFOFA, la CPC y el Consejo Empresarial Chile-Espa\u00f1a- y la comunidad jur\u00eddica chilena, con la celebraci\u00f3n de reuniones de trabajo para fortalecer los v\u00ednculos entre ambos pa\u00edses.<\/p>\n","protected":false},"excerpt":{"rendered":"<p>Santiago de Chile, 03\/04\/2025.- El Centro de Arbitraje y Mediaci\u00f3n (CAM Santiago) de la C\u00e1mara de Comercio de Santiago (CCS) y el Centro Internacional e Iberoamericano de Arbitraje de Madrid (CIIAM) han firmado su acuerdo para desarrollar de manera conjunta el arbitraje internacional. Esta alianza supone un paso decisivo hacia la integraci\u00f3n institucional en el [&hellip;]<\/p>\n","protected":false},"author":18,"featured_media":30775,"comment_status":"closed","ping_status":"open","sticky":false,"template":"","format":"standard","meta":{"footnotes":""},"categories":[17],"tags":[],"class_list":["post-30718","post","type-post","status-publish","format-standard","has-post-thumbnail","hentry","category-actualidad"],"yoast_head":"<!-- This site is optimized with the Yoast SEO plugin v27.3 - https:\/\/yoast.com\/product\/yoast-seo-wordpress\/ -->\n<title>CIIAM y CAM Santiago firman su alianza para desarrollar de manera conjunta el arbitraje internacional<\/title>\n<meta name=\"description\" content=\"CIIAM y CAM Santiago han firmado formalmente su alianza con la que CAM Santiago integra su actividad arbitral internacional en CIIAM\" \/>\n<meta name=\"robots\" content=\"index, follow, max-snippet:-1, max-image-preview:large, max-video-preview:-1\" \/>\n<link rel=\"canonical\" href=\"https:\/\/ciiam.org\/en\/CIIAM-y-cam-santiago-firman-su-alianza-para-desarrollar-su-actividad-internacional\/\" \/>\n<meta property=\"og:locale\" content=\"en_US\" \/>\n<meta property=\"og:type\" content=\"article\" \/>\n<meta property=\"og:title\" content=\"CIIAM y CAM Santiago firman su alianza para desarrollar de manera conjunta el arbitraje internacional\" \/>\n<meta property=\"og:description\" content=\"CIIAM y CAM Santiago han firmado formalmente su alianza con la que CAM Santiago integra su actividad arbitral internacional en CIIAM\" \/>\n<meta property=\"og:url\" content=\"https:\/\/ciiam.org\/en\/CIIAM-y-cam-santiago-firman-su-alianza-para-desarrollar-su-actividad-internacional\/\" \/>\n<meta property=\"og:site_name\" content=\"CIIAM\" \/>\n<meta property=\"article:published_time\" content=\"2025-04-03T14:56:14+00:00\" \/>\n<meta property=\"article:modified_time\" content=\"2025-04-08T07:28:33+00:00\" \/>\n<meta property=\"og:image\" content=\"https:\/\/ciiam.org\/wp-content\/uploads\/2025\/04\/DSC_1538-scaled.jpg\" \/>\n\t<meta property=\"og:image:width\" content=\"2560\" \/>\n\t<meta property=\"og:image:height\" content=\"1707\" \/>\n\t<meta property=\"og:image:type\" content=\"image\/jpeg\" \/>\n<meta name=\"author\" content=\"P. Moraleda\" \/>\n<meta name=\"twitter:card\" content=\"summary_large_image\" \/>\n<meta name=\"twitter:label1\" content=\"Written by\" \/>\n\t<meta name=\"twitter:data1\" content=\"P. Moraleda\" \/>\n\t<meta name=\"twitter:label2\" content=\"Est. reading time\" \/>\n\t<meta name=\"twitter:data2\" content=\"4 minutes\" \/>\n<script type=\"application\/ld+json\" class=\"yoast-schema-graph\">{\"@context\":\"https:\\\/\\\/schema.org\",\"@graph\":[{\"@type\":\"Article\",\"@id\":\"https:\\\/\\\/ciiam.org\\\/en\\\/CIIAM-y-cam-santiago-firman-su-alianza-para-desarrollar-su-actividad-internacional\\\/#article\",\"isPartOf\":{\"@id\":\"https:\\\/\\\/ciiam.org\\\/en\\\/CIIAM-y-cam-santiago-firman-su-alianza-para-desarrollar-su-actividad-internacional\\\/\"},\"author\":{\"name\":\"P. Moraleda\",\"@id\":\"https:\\\/\\\/ciiam.org\\\/en\\\/#\\\/schema\\\/person\\\/d11b69fd6be9dfb32edb8758b44c599f\"},\"headline\":\"CIIAM y CAM Santiago firman su alianza para desarrollar de manera conjunta el arbitraje internacional\",\"datePublished\":\"2025-04-03T14:56:14+00:00\",\"dateModified\":\"2025-04-08T07:28:33+00:00\",\"mainEntityOfPage\":{\"@id\":\"https:\\\/\\\/ciiam.org\\\/en\\\/CIIAM-y-cam-santiago-firman-su-alianza-para-desarrollar-su-actividad-internacional\\\/\"},\"wordCount\":841,\"publisher\":{\"@id\":\"https:\\\/\\\/ciiam.org\\\/en\\\/#organization\"},\"image\":{\"@id\":\"https:\\\/\\\/ciiam.org\\\/en\\\/CIIAM-y-cam-santiago-firman-su-alianza-para-desarrollar-su-actividad-internacional\\\/#primaryimage\"},\"thumbnailUrl\":\"https:\\\/\\\/ciiam.org\\\/wp-content\\\/uploads\\\/2025\\\/04\\\/DSC_1538-scaled.jpg\",\"articleSection\":[\"Actualidad\"],\"inLanguage\":\"en-US\"},{\"@type\":\"WebPage\",\"@id\":\"https:\\\/\\\/ciiam.org\\\/en\\\/CIIAM-y-cam-santiago-firman-su-alianza-para-desarrollar-su-actividad-internacional\\\/\",\"url\":\"https:\\\/\\\/ciiam.org\\\/en\\\/CIIAM-y-cam-santiago-firman-su-alianza-para-desarrollar-su-actividad-internacional\\\/\",\"name\":\"CIIAM y CAM Santiago firman su alianza para desarrollar de manera conjunta el arbitraje internacional\",\"isPartOf\":{\"@id\":\"https:\\\/\\\/ciiam.org\\\/en\\\/#website\"},\"primaryImageOfPage\":{\"@id\":\"https:\\\/\\\/ciiam.org\\\/en\\\/CIIAM-y-cam-santiago-firman-su-alianza-para-desarrollar-su-actividad-internacional\\\/#primaryimage\"},\"image\":{\"@id\":\"https:\\\/\\\/ciiam.org\\\/en\\\/CIIAM-y-cam-santiago-firman-su-alianza-para-desarrollar-su-actividad-internacional\\\/#primaryimage\"},\"thumbnailUrl\":\"https:\\\/\\\/ciiam.org\\\/wp-content\\\/uploads\\\/2025\\\/04\\\/DSC_1538-scaled.jpg\",\"datePublished\":\"2025-04-03T14:56:14+00:00\",\"dateModified\":\"2025-04-08T07:28:33+00:00\",\"description\":\"CIIAM y CAM Santiago han firmado formalmente su alianza con la que CAM Santiago integra su actividad arbitral internacional en CIIAM\",\"breadcrumb\":{\"@id\":\"https:\\\/\\\/ciiam.org\\\/en\\\/CIIAM-y-cam-santiago-firman-su-alianza-para-desarrollar-su-actividad-internacional\\\/#breadcrumb\"},\"inLanguage\":\"en-US\",\"potentialAction\":[{\"@type\":\"ReadAction\",\"target\":[\"https:\\\/\\\/ciiam.org\\\/en\\\/CIIAM-y-cam-santiago-firman-su-alianza-para-desarrollar-su-actividad-internacional\\\/\"]}]},{\"@type\":\"ImageObject\",\"inLanguage\":\"en-US\",\"@id\":\"https:\\\/\\\/ciiam.org\\\/en\\\/CIIAM-y-cam-santiago-firman-su-alianza-para-desarrollar-su-actividad-internacional\\\/#primaryimage\",\"url\":\"https:\\\/\\\/ciiam.org\\\/wp-content\\\/uploads\\\/2025\\\/04\\\/DSC_1538-scaled.jpg\",\"contentUrl\":\"https:\\\/\\\/ciiam.org\\\/wp-content\\\/uploads\\\/2025\\\/04\\\/DSC_1538-scaled.jpg\",\"width\":2560,\"height\":1707},{\"@type\":\"BreadcrumbList\",\"@id\":\"https:\\\/\\\/ciiam.org\\\/en\\\/CIIAM-y-cam-santiago-firman-su-alianza-para-desarrollar-su-actividad-internacional\\\/#breadcrumb\",\"itemListElement\":[{\"@type\":\"ListItem\",\"position\":1,\"name\":\"CIAM\",\"item\":\"https:\\\/\\\/ciiam.org\\\/en\\\/\"},{\"@type\":\"ListItem\",\"position\":2,\"name\":\"CIIAM y CAM Santiago firman su alianza para desarrollar de manera conjunta el arbitraje internacional\"}]},{\"@type\":\"WebSite\",\"@id\":\"https:\\\/\\\/ciiam.org\\\/en\\\/#website\",\"url\":\"https:\\\/\\\/ciiam.org\\\/en\\\/\",\"name\":\"CIIAM\",\"description\":\"Centro Internacional e Iberoamericano de Arbitraje de Madrid\",\"publisher\":{\"@id\":\"https:\\\/\\\/ciiam.org\\\/en\\\/#organization\"},\"potentialAction\":[{\"@type\":\"SearchAction\",\"target\":{\"@type\":\"EntryPoint\",\"urlTemplate\":\"https:\\\/\\\/ciiam.org\\\/en\\\/?s={search_term_string}\"},\"query-input\":{\"@type\":\"PropertyValueSpecification\",\"valueRequired\":true,\"valueName\":\"search_term_string\"}}],\"inLanguage\":\"en-US\"},{\"@type\":\"Organization\",\"@id\":\"https:\\\/\\\/ciiam.org\\\/en\\\/#organization\",\"name\":\"Centro Internacional e Iberoamericano de Arbitraje de Madrid\",\"alternateName\":\"CIIAM\",\"url\":\"https:\\\/\\\/ciiam.org\\\/en\\\/\",\"logo\":{\"@type\":\"ImageObject\",\"inLanguage\":\"en-US\",\"@id\":\"https:\\\/\\\/ciiam.org\\\/en\\\/#\\\/schema\\\/logo\\\/image\\\/\",\"url\":\"https:\\\/\\\/ciiam.org\\\/wp-content\\\/uploads\\\/2026\\\/01\\\/favicon.png\",\"contentUrl\":\"https:\\\/\\\/ciiam.org\\\/wp-content\\\/uploads\\\/2026\\\/01\\\/favicon.png\",\"width\":500,\"height\":500,\"caption\":\"Centro Internacional e Iberoamericano de Arbitraje de Madrid\"},\"image\":{\"@id\":\"https:\\\/\\\/ciiam.org\\\/en\\\/#\\\/schema\\\/logo\\\/image\\\/\"},\"sameAs\":[\"https:\\\/\\\/www.linkedin.com\\\/company\\\/ciam-centro-internacional-arbitraje-madrid?trk=d_public_post_image\",\"https:\\\/\\\/www.youtube.com\\\/channel\\\/UCU2OI7SAQFv5uXAZ4qO4ALg\"]},{\"@type\":\"Person\",\"@id\":\"https:\\\/\\\/ciiam.org\\\/en\\\/#\\\/schema\\\/person\\\/d11b69fd6be9dfb32edb8758b44c599f\",\"name\":\"P. Moraleda\",\"image\":{\"@type\":\"ImageObject\",\"inLanguage\":\"en-US\",\"@id\":\"https:\\\/\\\/secure.gravatar.com\\\/avatar\\\/fe6c4f5a609355ad487e648d2b4aebf57a2fa1e7508fc4a6bd1d2b5420b286df?s=96&d=mm&r=g\",\"url\":\"https:\\\/\\\/secure.gravatar.com\\\/avatar\\\/fe6c4f5a609355ad487e648d2b4aebf57a2fa1e7508fc4a6bd1d2b5420b286df?s=96&d=mm&r=g\",\"contentUrl\":\"https:\\\/\\\/secure.gravatar.com\\\/avatar\\\/fe6c4f5a609355ad487e648d2b4aebf57a2fa1e7508fc4a6bd1d2b5420b286df?s=96&d=mm&r=g\",\"caption\":\"P. Moraleda\"},\"url\":\"https:\\\/\\\/ciiam.org\\\/en\\\/author\\\/3on1a-0sed-24\\\/\"}]}<\/script>\n<!-- \/ Yoast SEO plugin. -->","yoast_head_json":{"title":"CIIAM y CAM Santiago firman su alianza para desarrollar de manera conjunta el arbitraje internacional","description":"CIIAM y CAM Santiago han firmado formalmente su alianza con la que CAM Santiago integra su actividad arbitral internacional en CIIAM","robots":{"index":"index","follow":"follow","max-snippet":"max-snippet:-1","max-image-preview":"max-image-preview:large","max-video-preview":"max-video-preview:-1"},"canonical":"https:\/\/ciiam.org\/en\/CIIAM-y-cam-santiago-firman-su-alianza-para-desarrollar-su-actividad-internacional\/","og_locale":"en_US","og_type":"article","og_title":"CIIAM y CAM Santiago firman su alianza para desarrollar de manera conjunta el arbitraje internacional","og_description":"CIIAM y CAM Santiago han firmado formalmente su alianza con la que CAM Santiago integra su actividad arbitral internacional en CIIAM","og_url":"https:\/\/ciiam.org\/en\/CIIAM-y-cam-santiago-firman-su-alianza-para-desarrollar-su-actividad-internacional\/","og_site_name":"CIIAM","article_published_time":"2025-04-03T14:56:14+00:00","article_modified_time":"2025-04-08T07:28:33+00:00","og_image":[{"width":2560,"height":1707,"url":"https:\/\/ciiam.org\/wp-content\/uploads\/2025\/04\/DSC_1538-scaled.jpg","type":"image\/jpeg"}],"author":"P. Moraleda","twitter_card":"summary_large_image","twitter_misc":{"Written by":"P. Moraleda","Est. reading time":"4 minutes"},"schema":{"@context":"https:\/\/schema.org","@graph":[{"@type":"Article","@id":"https:\/\/ciiam.org\/en\/CIIAM-y-cam-santiago-firman-su-alianza-para-desarrollar-su-actividad-internacional\/#article","isPartOf":{"@id":"https:\/\/ciiam.org\/en\/CIIAM-y-cam-santiago-firman-su-alianza-para-desarrollar-su-actividad-internacional\/"},"author":{"name":"P. Moraleda","@id":"https:\/\/ciiam.org\/en\/#\/schema\/person\/d11b69fd6be9dfb32edb8758b44c599f"},"headline":"CIIAM y CAM Santiago firman su alianza para desarrollar de manera conjunta el arbitraje internacional","datePublished":"2025-04-03T14:56:14+00:00","dateModified":"2025-04-08T07:28:33+00:00","mainEntityOfPage":{"@id":"https:\/\/ciiam.org\/en\/CIIAM-y-cam-santiago-firman-su-alianza-para-desarrollar-su-actividad-internacional\/"},"wordCount":841,"publisher":{"@id":"https:\/\/ciiam.org\/en\/#organization"},"image":{"@id":"https:\/\/ciiam.org\/en\/CIIAM-y-cam-santiago-firman-su-alianza-para-desarrollar-su-actividad-internacional\/#primaryimage"},"thumbnailUrl":"https:\/\/ciiam.org\/wp-content\/uploads\/2025\/04\/DSC_1538-scaled.jpg","articleSection":["Actualidad"],"inLanguage":"en-US"},{"@type":"WebPage","@id":"https:\/\/ciiam.org\/en\/CIIAM-y-cam-santiago-firman-su-alianza-para-desarrollar-su-actividad-internacional\/","url":"https:\/\/ciiam.org\/en\/CIIAM-y-cam-santiago-firman-su-alianza-para-desarrollar-su-actividad-internacional\/","name":"CIIAM y CAM Santiago firman su alianza para desarrollar de manera conjunta el arbitraje internacional","isPartOf":{"@id":"https:\/\/ciiam.org\/en\/#website"},"primaryImageOfPage":{"@id":"https:\/\/ciiam.org\/en\/CIIAM-y-cam-santiago-firman-su-alianza-para-desarrollar-su-actividad-internacional\/#primaryimage"},"image":{"@id":"https:\/\/ciiam.org\/en\/CIIAM-y-cam-santiago-firman-su-alianza-para-desarrollar-su-actividad-internacional\/#primaryimage"},"thumbnailUrl":"https:\/\/ciiam.org\/wp-content\/uploads\/2025\/04\/DSC_1538-scaled.jpg","datePublished":"2025-04-03T14:56:14+00:00","dateModified":"2025-04-08T07:28:33+00:00","description":"CIIAM y CAM Santiago han firmado formalmente su alianza con la que CAM Santiago integra su actividad arbitral internacional en CIIAM","breadcrumb":{"@id":"https:\/\/ciiam.org\/en\/CIIAM-y-cam-santiago-firman-su-alianza-para-desarrollar-su-actividad-internacional\/#breadcrumb"},"inLanguage":"en-US","potentialAction":[{"@type":"ReadAction","target":["https:\/\/ciiam.org\/en\/CIIAM-y-cam-santiago-firman-su-alianza-para-desarrollar-su-actividad-internacional\/"]}]},{"@type":"ImageObject","inLanguage":"en-US","@id":"https:\/\/ciiam.org\/en\/CIIAM-y-cam-santiago-firman-su-alianza-para-desarrollar-su-actividad-internacional\/#primaryimage","url":"https:\/\/ciiam.org\/wp-content\/uploads\/2025\/04\/DSC_1538-scaled.jpg","contentUrl":"https:\/\/ciiam.org\/wp-content\/uploads\/2025\/04\/DSC_1538-scaled.jpg","width":2560,"height":1707},{"@type":"BreadcrumbList","@id":"https:\/\/ciiam.org\/en\/CIIAM-y-cam-santiago-firman-su-alianza-para-desarrollar-su-actividad-internacional\/#breadcrumb","itemListElement":[{"@type":"ListItem","position":1,"name":"CIAM","item":"https:\/\/ciiam.org\/en\/"},{"@type":"ListItem","position":2,"name":"CIIAM y CAM Santiago firman su alianza para desarrollar de manera conjunta el arbitraje internacional"}]},{"@type":"WebSite","@id":"https:\/\/ciiam.org\/en\/#website","url":"https:\/\/ciiam.org\/en\/","name":"CIIAM","description":"Centro Internacional e Iberoamericano de Arbitraje de Madrid","publisher":{"@id":"https:\/\/ciiam.org\/en\/#organization"},"potentialAction":[{"@type":"SearchAction","target":{"@type":"EntryPoint","urlTemplate":"https:\/\/ciiam.org\/en\/?s={search_term_string}"},"query-input":{"@type":"PropertyValueSpecification","valueRequired":true,"valueName":"search_term_string"}}],"inLanguage":"en-US"},{"@type":"Organization","@id":"https:\/\/ciiam.org\/en\/#organization","name":"Centro Internacional e Iberoamericano de Arbitraje de Madrid","alternateName":"CIIAM","url":"https:\/\/ciiam.org\/en\/","logo":{"@type":"ImageObject","inLanguage":"en-US","@id":"https:\/\/ciiam.org\/en\/#\/schema\/logo\/image\/","url":"https:\/\/ciiam.org\/wp-content\/uploads\/2026\/01\/favicon.png","contentUrl":"https:\/\/ciiam.org\/wp-content\/uploads\/2026\/01\/favicon.png","width":500,"height":500,"caption":"Centro Internacional e Iberoamericano de Arbitraje de Madrid"},"image":{"@id":"https:\/\/ciiam.org\/en\/#\/schema\/logo\/image\/"},"sameAs":["https:\/\/www.linkedin.com\/company\/ciam-centro-internacional-arbitraje-madrid?trk=d_public_post_image","https:\/\/www.youtube.com\/channel\/UCU2OI7SAQFv5uXAZ4qO4ALg"]},{"@type":"Person","@id":"https:\/\/ciiam.org\/en\/#\/schema\/person\/d11b69fd6be9dfb32edb8758b44c599f","name":"P. Moraleda","image":{"@type":"ImageObject","inLanguage":"en-US","@id":"https:\/\/secure.gravatar.com\/avatar\/fe6c4f5a609355ad487e648d2b4aebf57a2fa1e7508fc4a6bd1d2b5420b286df?s=96&d=mm&r=g","url":"https:\/\/secure.gravatar.com\/avatar\/fe6c4f5a609355ad487e648d2b4aebf57a2fa1e7508fc4a6bd1d2b5420b286df?s=96&d=mm&r=g","contentUrl":"https:\/\/secure.gravatar.com\/avatar\/fe6c4f5a609355ad487e648d2b4aebf57a2fa1e7508fc4a6bd1d2b5420b286df?s=96&d=mm&r=g","caption":"P. Moraleda"},"url":"https:\/\/ciiam.org\/en\/author\/3on1a-0sed-24\/"}]}},"_links":{"self":[{"href":"https:\/\/ciiam.org\/en\/wp-json\/wp\/v2\/posts\/30718","targetHints":{"allow":["GET"]}}],"collection":[{"href":"https:\/\/ciiam.org\/en\/wp-json\/wp\/v2\/posts"}],"about":[{"href":"https:\/\/ciiam.org\/en\/wp-json\/wp\/v2\/types\/post"}],"author":[{"embeddable":true,"href":"https:\/\/ciiam.org\/en\/wp-json\/wp\/v2\/users\/18"}],"replies":[{"embeddable":true,"href":"https:\/\/ciiam.org\/en\/wp-json\/wp\/v2\/comments?post=30718"}],"version-history":[{"count":5,"href":"https:\/\/ciiam.org\/en\/wp-json\/wp\/v2\/posts\/30718\/revisions"}],"predecessor-version":[{"id":30777,"href":"https:\/\/ciiam.org\/en\/wp-json\/wp\/v2\/posts\/30718\/revisions\/30777"}],"wp:featuredmedia":[{"embeddable":true,"href":"https:\/\/ciiam.org\/en\/wp-json\/wp\/v2\/media\/30775"}],"wp:attachment":[{"href":"https:\/\/ciiam.org\/en\/wp-json\/wp\/v2\/media?parent=30718"}],"wp:term":[{"taxonomy":"category","embeddable":true,"href":"https:\/\/ciiam.org\/en\/wp-json\/wp\/v2\/categories?post=30718"},{"taxonomy":"post_tag","embeddable":true,"href":"https:\/\/ciiam.org\/en\/wp-json\/wp\/v2\/tags?post=30718"}],"curies":[{"name":"wp","href":"https:\/\/api.w.org\/{rel}","templated":true}]}}