{"id":30880,"date":"2025-05-16T11:19:33","date_gmt":"2025-05-16T11:19:33","guid":{"rendered":"https:\/\/ciiam.org\/?p=30880"},"modified":"2026-03-27T13:34:47","modified_gmt":"2026-03-27T13:34:47","slug":"ciiam-celebra-el-iii-encuentro-de-los-grupos-de-trabajo","status":"publish","type":"post","link":"https:\/\/ciiam.org\/en\/ciiam-celebra-el-iii-encuentro-de-los-grupos-de-trabajo\/","title":{"rendered":"CIIAM celebra el III Encuentro de los Grupos de Trabajo"},"content":{"rendered":"<p>El Centro Internacional de Arbitraje de Madrid y Centro Iberoamericano de Arbitraje (CIIAM) celebra los pr\u00f3ximos 30 y 31 de mayo el III Encuentro de los Grupos de Trabajo en el Palacio de Santo\u00f1a (Madrid).<\/p>\n<p>En estas jornadas, que reunir\u00e1n a numerosos expertos y profesionales nacionales e internacionales, se abordar\u00e1n las claves del arbitraje desde el punto de vista de los usuarios finales de relevantes e importantes sectores econ\u00f3micos. Entre ellos, construcci\u00f3n e ingenier\u00eda, corporativo, econom\u00eda digital y propiedad intelectual, energ\u00eda, mar\u00edtimo, seguros y reaseguros, deportivo y entretenimiento, peritaje, e inversiones y arbitraje con Estados.<\/p>\n<p>El inicio de esta tercera edici\u00f3n ser\u00e1 inaugurada por Susana Sumelzo, secretaria\u200b\u00a0de Estado para Iberoam\u00e9rica y el Caribe y el Espa\u00f1ol en el Mundo; Daniel Rodr\u00edguez Asensio, viceconsejero de Econom\u00eda y Empleo de la Comunidad de Madrid; Inmaculada S\u00e1nchez-Cervera, coordinadora general de Alcald\u00eda del Ayuntamiento de Madrid; Jos\u00e9 Mar\u00eda Alonso, presidente de CIIAM; Adolfo D\u00edaz-Ambrona, presidente de la Asociaci\u00f3n para el Arbitraje Internacional de Madrid, y \u00c1ngel Asensio, presidente de la C\u00e1mara de Comercio de Madrid.<\/p>\n<p>Tambi\u00e9n se dedicar\u00e1 un espacio a la reciente firma de la alianza entre CIIAM y el Centro de Arbitraje y Mediaci\u00f3n (CAM Santiago)\u00a0para desarrollar de manera conjunta el arbitraje internacional.<\/p>\n<p>Los Grupos de Trabajo est\u00e1n formados por abogados, peritos y \u00e1rbitros de gran prestigio que analizan los retos de los distintos sectores y presentan propuestas para que el CIIAM brinde un servicio especializado y adaptado a las necesidades de sus usuarios.<\/p>\n<p>El evento cuenta como patrocinadores principales con RBB Economics, Banco Santander, Howden y Mart\u00ednez Quintero Mendoza Gonz\u00e1lez Laguado &amp; De la Rosa. Adem\u00e1s, patrocinan tambi\u00e9n el encuentro Martins de Lima, Ur\u00eda Men\u00e9ndez, KPMG, Herbert Smith Freehills, Accuracy, Andersen, Cuatrecasas, \u00c1lvarez &amp; Marsal, Torres y Torres Lara Abogados, Garrigues, White &amp; Case, GNCI, Freshfields, HKA, Iberdrola, Broseta, P\u00e9rez-Llorca, Conexig, A&amp;O Shearman, Jones Walker, PDND Abogados y Bird &amp; Bird. El Ayuntamiento de Madrid, el Club Espa\u00f1ol e Iberoamericano del Arbitraje (CEIA) y la C\u00e1mara de Comercio de Madrid participan como colaboradores institucionales.<\/p>\n<p>Puede consultar el programa de ambas jornadas <a href=\"https:\/\/ciiam.org\/iii-encuentro-de-los-grupos-de-trabajo-de-CIIAM\/\">aqu\u00ed<\/a>.<\/p>\n","protected":false},"excerpt":{"rendered":"<p>El Centro Internacional de Arbitraje de Madrid y Centro Iberoamericano de Arbitraje (CIIAM) celebra los pr\u00f3ximos 30 y 31 de mayo el III Encuentro de los Grupos de Trabajo en el Palacio de Santo\u00f1a (Madrid). En estas jornadas, que reunir\u00e1n a numerosos expertos y profesionales nacionales e internacionales, se abordar\u00e1n las claves del arbitraje desde [&hellip;]<\/p>\n","protected":false},"author":18,"featured_media":30881,"comment_status":"closed","ping_status":"closed","sticky":false,"template":"","format":"standard","meta":{"footnotes":""},"categories":[17],"tags":[],"class_list":["post-30880","post","type-post","status-publish","format-standard","has-post-thumbnail","hentry","category-actualidad"],"yoast_head":"<!-- This site is optimized with the Yoast SEO plugin v27.3 - https:\/\/yoast.com\/product\/yoast-seo-wordpress\/ -->\n<title>CIIAM celebra el III Encuentro de los Grupos de Trabajo - CIIAM<\/title>\n<meta name=\"description\" content=\"CIIAM celebra los pr\u00f3ximos 30 y 31 de mayo el III Encuentro de los Grupos de Trabajo en el Palacio de Santo\u00f1a (Madrid).\" \/>\n<meta name=\"robots\" content=\"index, follow, max-snippet:-1, max-image-preview:large, max-video-preview:-1\" \/>\n<link rel=\"canonical\" href=\"https:\/\/ciiam.org\/en\/ciiam-celebra-el-iii-encuentro-de-los-grupos-de-trabajo\/\" \/>\n<meta property=\"og:locale\" content=\"en_US\" \/>\n<meta property=\"og:type\" content=\"article\" \/>\n<meta property=\"og:title\" content=\"CIIAM celebra el III Encuentro de los Grupos de Trabajo - CIIAM\" \/>\n<meta property=\"og:description\" content=\"CIIAM celebra los pr\u00f3ximos 30 y 31 de mayo el III Encuentro de los Grupos de Trabajo en el Palacio de Santo\u00f1a (Madrid).\" \/>\n<meta property=\"og:url\" content=\"https:\/\/ciiam.org\/en\/ciiam-celebra-el-iii-encuentro-de-los-grupos-de-trabajo\/\" \/>\n<meta property=\"og:site_name\" content=\"CIIAM\" \/>\n<meta property=\"article:published_time\" content=\"2025-05-16T11:19:33+00:00\" \/>\n<meta property=\"article:modified_time\" content=\"2026-03-27T13:34:47+00:00\" \/>\n<meta property=\"og:image\" content=\"https:\/\/ciiam.org\/wp-content\/uploads\/2025\/05\/III-Encuentro-de-Grupos-de-Trabajo.png\" \/>\n\t<meta property=\"og:image:width\" content=\"789\" \/>\n\t<meta property=\"og:image:height\" content=\"507\" \/>\n\t<meta property=\"og:image:type\" content=\"image\/png\" \/>\n<meta name=\"author\" content=\"P. Moraleda\" \/>\n<meta name=\"twitter:card\" content=\"summary_large_image\" \/>\n<meta name=\"twitter:label1\" content=\"Written by\" \/>\n\t<meta name=\"twitter:data1\" content=\"P. Moraleda\" \/>\n\t<meta name=\"twitter:label2\" content=\"Est. reading time\" \/>\n\t<meta name=\"twitter:data2\" content=\"2 minutes\" \/>\n<script type=\"application\/ld+json\" class=\"yoast-schema-graph\">{\"@context\":\"https:\\\/\\\/schema.org\",\"@graph\":[{\"@type\":\"Article\",\"@id\":\"https:\\\/\\\/ciiam.org\\\/en\\\/ciiam-celebra-el-iii-encuentro-de-los-grupos-de-trabajo\\\/#article\",\"isPartOf\":{\"@id\":\"https:\\\/\\\/ciiam.org\\\/en\\\/ciiam-celebra-el-iii-encuentro-de-los-grupos-de-trabajo\\\/\"},\"author\":{\"name\":\"P. Moraleda\",\"@id\":\"https:\\\/\\\/ciiam.org\\\/en\\\/#\\\/schema\\\/person\\\/d11b69fd6be9dfb32edb8758b44c599f\"},\"headline\":\"CIIAM celebra el III Encuentro de los Grupos de Trabajo\",\"datePublished\":\"2025-05-16T11:19:33+00:00\",\"dateModified\":\"2026-03-27T13:34:47+00:00\",\"mainEntityOfPage\":{\"@id\":\"https:\\\/\\\/ciiam.org\\\/en\\\/ciiam-celebra-el-iii-encuentro-de-los-grupos-de-trabajo\\\/\"},\"wordCount\":386,\"publisher\":{\"@id\":\"https:\\\/\\\/ciiam.org\\\/en\\\/#organization\"},\"image\":{\"@id\":\"https:\\\/\\\/ciiam.org\\\/en\\\/ciiam-celebra-el-iii-encuentro-de-los-grupos-de-trabajo\\\/#primaryimage\"},\"thumbnailUrl\":\"https:\\\/\\\/ciiam.org\\\/wp-content\\\/uploads\\\/2025\\\/05\\\/III-Encuentro-de-Grupos-de-Trabajo.png\",\"articleSection\":[\"Actualidad\"],\"inLanguage\":\"en-US\"},{\"@type\":\"WebPage\",\"@id\":\"https:\\\/\\\/ciiam.org\\\/en\\\/ciiam-celebra-el-iii-encuentro-de-los-grupos-de-trabajo\\\/\",\"url\":\"https:\\\/\\\/ciiam.org\\\/en\\\/ciiam-celebra-el-iii-encuentro-de-los-grupos-de-trabajo\\\/\",\"name\":\"CIIAM celebra el III Encuentro de los Grupos de Trabajo - CIIAM\",\"isPartOf\":{\"@id\":\"https:\\\/\\\/ciiam.org\\\/en\\\/#website\"},\"primaryImageOfPage\":{\"@id\":\"https:\\\/\\\/ciiam.org\\\/en\\\/ciiam-celebra-el-iii-encuentro-de-los-grupos-de-trabajo\\\/#primaryimage\"},\"image\":{\"@id\":\"https:\\\/\\\/ciiam.org\\\/en\\\/ciiam-celebra-el-iii-encuentro-de-los-grupos-de-trabajo\\\/#primaryimage\"},\"thumbnailUrl\":\"https:\\\/\\\/ciiam.org\\\/wp-content\\\/uploads\\\/2025\\\/05\\\/III-Encuentro-de-Grupos-de-Trabajo.png\",\"datePublished\":\"2025-05-16T11:19:33+00:00\",\"dateModified\":\"2026-03-27T13:34:47+00:00\",\"description\":\"CIIAM celebra los pr\u00f3ximos 30 y 31 de mayo el III Encuentro de los Grupos de Trabajo en el Palacio de Santo\u00f1a (Madrid).\",\"breadcrumb\":{\"@id\":\"https:\\\/\\\/ciiam.org\\\/en\\\/ciiam-celebra-el-iii-encuentro-de-los-grupos-de-trabajo\\\/#breadcrumb\"},\"inLanguage\":\"en-US\",\"potentialAction\":[{\"@type\":\"ReadAction\",\"target\":[\"https:\\\/\\\/ciiam.org\\\/en\\\/ciiam-celebra-el-iii-encuentro-de-los-grupos-de-trabajo\\\/\"]}]},{\"@type\":\"ImageObject\",\"inLanguage\":\"en-US\",\"@id\":\"https:\\\/\\\/ciiam.org\\\/en\\\/ciiam-celebra-el-iii-encuentro-de-los-grupos-de-trabajo\\\/#primaryimage\",\"url\":\"https:\\\/\\\/ciiam.org\\\/wp-content\\\/uploads\\\/2025\\\/05\\\/III-Encuentro-de-Grupos-de-Trabajo.png\",\"contentUrl\":\"https:\\\/\\\/ciiam.org\\\/wp-content\\\/uploads\\\/2025\\\/05\\\/III-Encuentro-de-Grupos-de-Trabajo.png\",\"width\":789,\"height\":507,\"caption\":\"grupos de trabajo\"},{\"@type\":\"BreadcrumbList\",\"@id\":\"https:\\\/\\\/ciiam.org\\\/en\\\/ciiam-celebra-el-iii-encuentro-de-los-grupos-de-trabajo\\\/#breadcrumb\",\"itemListElement\":[{\"@type\":\"ListItem\",\"position\":1,\"name\":\"CIAM\",\"item\":\"https:\\\/\\\/ciiam.org\\\/en\\\/\"},{\"@type\":\"ListItem\",\"position\":2,\"name\":\"CIIAM celebra el III Encuentro de los Grupos de Trabajo\"}]},{\"@type\":\"WebSite\",\"@id\":\"https:\\\/\\\/ciiam.org\\\/en\\\/#website\",\"url\":\"https:\\\/\\\/ciiam.org\\\/en\\\/\",\"name\":\"CIIAM\",\"description\":\"Centro Internacional e Iberoamericano de Arbitraje de Madrid\",\"publisher\":{\"@id\":\"https:\\\/\\\/ciiam.org\\\/en\\\/#organization\"},\"potentialAction\":[{\"@type\":\"SearchAction\",\"target\":{\"@type\":\"EntryPoint\",\"urlTemplate\":\"https:\\\/\\\/ciiam.org\\\/en\\\/?s={search_term_string}\"},\"query-input\":{\"@type\":\"PropertyValueSpecification\",\"valueRequired\":true,\"valueName\":\"search_term_string\"}}],\"inLanguage\":\"en-US\"},{\"@type\":\"Organization\",\"@id\":\"https:\\\/\\\/ciiam.org\\\/en\\\/#organization\",\"name\":\"Centro Internacional e Iberoamericano de Arbitraje de Madrid\",\"alternateName\":\"CIIAM\",\"url\":\"https:\\\/\\\/ciiam.org\\\/en\\\/\",\"logo\":{\"@type\":\"ImageObject\",\"inLanguage\":\"en-US\",\"@id\":\"https:\\\/\\\/ciiam.org\\\/en\\\/#\\\/schema\\\/logo\\\/image\\\/\",\"url\":\"https:\\\/\\\/ciiam.org\\\/wp-content\\\/uploads\\\/2026\\\/01\\\/favicon.png\",\"contentUrl\":\"https:\\\/\\\/ciiam.org\\\/wp-content\\\/uploads\\\/2026\\\/01\\\/favicon.png\",\"width\":500,\"height\":500,\"caption\":\"Centro Internacional e Iberoamericano de Arbitraje de Madrid\"},\"image\":{\"@id\":\"https:\\\/\\\/ciiam.org\\\/en\\\/#\\\/schema\\\/logo\\\/image\\\/\"},\"sameAs\":[\"https:\\\/\\\/www.linkedin.com\\\/company\\\/ciam-centro-internacional-arbitraje-madrid?trk=d_public_post_image\",\"https:\\\/\\\/www.youtube.com\\\/channel\\\/UCU2OI7SAQFv5uXAZ4qO4ALg\"]},{\"@type\":\"Person\",\"@id\":\"https:\\\/\\\/ciiam.org\\\/en\\\/#\\\/schema\\\/person\\\/d11b69fd6be9dfb32edb8758b44c599f\",\"name\":\"P. Moraleda\",\"image\":{\"@type\":\"ImageObject\",\"inLanguage\":\"en-US\",\"@id\":\"https:\\\/\\\/secure.gravatar.com\\\/avatar\\\/fe6c4f5a609355ad487e648d2b4aebf57a2fa1e7508fc4a6bd1d2b5420b286df?s=96&d=mm&r=g\",\"url\":\"https:\\\/\\\/secure.gravatar.com\\\/avatar\\\/fe6c4f5a609355ad487e648d2b4aebf57a2fa1e7508fc4a6bd1d2b5420b286df?s=96&d=mm&r=g\",\"contentUrl\":\"https:\\\/\\\/secure.gravatar.com\\\/avatar\\\/fe6c4f5a609355ad487e648d2b4aebf57a2fa1e7508fc4a6bd1d2b5420b286df?s=96&d=mm&r=g\",\"caption\":\"P. Moraleda\"},\"url\":\"https:\\\/\\\/ciiam.org\\\/en\\\/author\\\/3on1a-0sed-24\\\/\"}]}<\/script>\n<!-- \/ Yoast SEO plugin. -->","yoast_head_json":{"title":"CIIAM celebra el III Encuentro de los Grupos de Trabajo - CIIAM","description":"CIIAM celebra los pr\u00f3ximos 30 y 31 de mayo el III Encuentro de los Grupos de Trabajo en el Palacio de Santo\u00f1a (Madrid).","robots":{"index":"index","follow":"follow","max-snippet":"max-snippet:-1","max-image-preview":"max-image-preview:large","max-video-preview":"max-video-preview:-1"},"canonical":"https:\/\/ciiam.org\/en\/ciiam-celebra-el-iii-encuentro-de-los-grupos-de-trabajo\/","og_locale":"en_US","og_type":"article","og_title":"CIIAM celebra el III Encuentro de los Grupos de Trabajo - CIIAM","og_description":"CIIAM celebra los pr\u00f3ximos 30 y 31 de mayo el III Encuentro de los Grupos de Trabajo en el Palacio de Santo\u00f1a (Madrid).","og_url":"https:\/\/ciiam.org\/en\/ciiam-celebra-el-iii-encuentro-de-los-grupos-de-trabajo\/","og_site_name":"CIIAM","article_published_time":"2025-05-16T11:19:33+00:00","article_modified_time":"2026-03-27T13:34:47+00:00","og_image":[{"width":789,"height":507,"url":"https:\/\/ciiam.org\/wp-content\/uploads\/2025\/05\/III-Encuentro-de-Grupos-de-Trabajo.png","type":"image\/png"}],"author":"P. Moraleda","twitter_card":"summary_large_image","twitter_misc":{"Written by":"P. Moraleda","Est. reading time":"2 minutes"},"schema":{"@context":"https:\/\/schema.org","@graph":[{"@type":"Article","@id":"https:\/\/ciiam.org\/en\/ciiam-celebra-el-iii-encuentro-de-los-grupos-de-trabajo\/#article","isPartOf":{"@id":"https:\/\/ciiam.org\/en\/ciiam-celebra-el-iii-encuentro-de-los-grupos-de-trabajo\/"},"author":{"name":"P. Moraleda","@id":"https:\/\/ciiam.org\/en\/#\/schema\/person\/d11b69fd6be9dfb32edb8758b44c599f"},"headline":"CIIAM celebra el III Encuentro de los Grupos de Trabajo","datePublished":"2025-05-16T11:19:33+00:00","dateModified":"2026-03-27T13:34:47+00:00","mainEntityOfPage":{"@id":"https:\/\/ciiam.org\/en\/ciiam-celebra-el-iii-encuentro-de-los-grupos-de-trabajo\/"},"wordCount":386,"publisher":{"@id":"https:\/\/ciiam.org\/en\/#organization"},"image":{"@id":"https:\/\/ciiam.org\/en\/ciiam-celebra-el-iii-encuentro-de-los-grupos-de-trabajo\/#primaryimage"},"thumbnailUrl":"https:\/\/ciiam.org\/wp-content\/uploads\/2025\/05\/III-Encuentro-de-Grupos-de-Trabajo.png","articleSection":["Actualidad"],"inLanguage":"en-US"},{"@type":"WebPage","@id":"https:\/\/ciiam.org\/en\/ciiam-celebra-el-iii-encuentro-de-los-grupos-de-trabajo\/","url":"https:\/\/ciiam.org\/en\/ciiam-celebra-el-iii-encuentro-de-los-grupos-de-trabajo\/","name":"CIIAM celebra el III Encuentro de los Grupos de Trabajo - CIIAM","isPartOf":{"@id":"https:\/\/ciiam.org\/en\/#website"},"primaryImageOfPage":{"@id":"https:\/\/ciiam.org\/en\/ciiam-celebra-el-iii-encuentro-de-los-grupos-de-trabajo\/#primaryimage"},"image":{"@id":"https:\/\/ciiam.org\/en\/ciiam-celebra-el-iii-encuentro-de-los-grupos-de-trabajo\/#primaryimage"},"thumbnailUrl":"https:\/\/ciiam.org\/wp-content\/uploads\/2025\/05\/III-Encuentro-de-Grupos-de-Trabajo.png","datePublished":"2025-05-16T11:19:33+00:00","dateModified":"2026-03-27T13:34:47+00:00","description":"CIIAM celebra los pr\u00f3ximos 30 y 31 de mayo el III Encuentro de los Grupos de Trabajo en el Palacio de Santo\u00f1a (Madrid).","breadcrumb":{"@id":"https:\/\/ciiam.org\/en\/ciiam-celebra-el-iii-encuentro-de-los-grupos-de-trabajo\/#breadcrumb"},"inLanguage":"en-US","potentialAction":[{"@type":"ReadAction","target":["https:\/\/ciiam.org\/en\/ciiam-celebra-el-iii-encuentro-de-los-grupos-de-trabajo\/"]}]},{"@type":"ImageObject","inLanguage":"en-US","@id":"https:\/\/ciiam.org\/en\/ciiam-celebra-el-iii-encuentro-de-los-grupos-de-trabajo\/#primaryimage","url":"https:\/\/ciiam.org\/wp-content\/uploads\/2025\/05\/III-Encuentro-de-Grupos-de-Trabajo.png","contentUrl":"https:\/\/ciiam.org\/wp-content\/uploads\/2025\/05\/III-Encuentro-de-Grupos-de-Trabajo.png","width":789,"height":507,"caption":"grupos de trabajo"},{"@type":"BreadcrumbList","@id":"https:\/\/ciiam.org\/en\/ciiam-celebra-el-iii-encuentro-de-los-grupos-de-trabajo\/#breadcrumb","itemListElement":[{"@type":"ListItem","position":1,"name":"CIAM","item":"https:\/\/ciiam.org\/en\/"},{"@type":"ListItem","position":2,"name":"CIIAM celebra el III Encuentro de los Grupos de Trabajo"}]},{"@type":"WebSite","@id":"https:\/\/ciiam.org\/en\/#website","url":"https:\/\/ciiam.org\/en\/","name":"CIIAM","description":"Centro Internacional e Iberoamericano de Arbitraje de Madrid","publisher":{"@id":"https:\/\/ciiam.org\/en\/#organization"},"potentialAction":[{"@type":"SearchAction","target":{"@type":"EntryPoint","urlTemplate":"https:\/\/ciiam.org\/en\/?s={search_term_string}"},"query-input":{"@type":"PropertyValueSpecification","valueRequired":true,"valueName":"search_term_string"}}],"inLanguage":"en-US"},{"@type":"Organization","@id":"https:\/\/ciiam.org\/en\/#organization","name":"Centro Internacional e Iberoamericano de Arbitraje de Madrid","alternateName":"CIIAM","url":"https:\/\/ciiam.org\/en\/","logo":{"@type":"ImageObject","inLanguage":"en-US","@id":"https:\/\/ciiam.org\/en\/#\/schema\/logo\/image\/","url":"https:\/\/ciiam.org\/wp-content\/uploads\/2026\/01\/favicon.png","contentUrl":"https:\/\/ciiam.org\/wp-content\/uploads\/2026\/01\/favicon.png","width":500,"height":500,"caption":"Centro Internacional e Iberoamericano de Arbitraje de Madrid"},"image":{"@id":"https:\/\/ciiam.org\/en\/#\/schema\/logo\/image\/"},"sameAs":["https:\/\/www.linkedin.com\/company\/ciam-centro-internacional-arbitraje-madrid?trk=d_public_post_image","https:\/\/www.youtube.com\/channel\/UCU2OI7SAQFv5uXAZ4qO4ALg"]},{"@type":"Person","@id":"https:\/\/ciiam.org\/en\/#\/schema\/person\/d11b69fd6be9dfb32edb8758b44c599f","name":"P. Moraleda","image":{"@type":"ImageObject","inLanguage":"en-US","@id":"https:\/\/secure.gravatar.com\/avatar\/fe6c4f5a609355ad487e648d2b4aebf57a2fa1e7508fc4a6bd1d2b5420b286df?s=96&d=mm&r=g","url":"https:\/\/secure.gravatar.com\/avatar\/fe6c4f5a609355ad487e648d2b4aebf57a2fa1e7508fc4a6bd1d2b5420b286df?s=96&d=mm&r=g","contentUrl":"https:\/\/secure.gravatar.com\/avatar\/fe6c4f5a609355ad487e648d2b4aebf57a2fa1e7508fc4a6bd1d2b5420b286df?s=96&d=mm&r=g","caption":"P. Moraleda"},"url":"https:\/\/ciiam.org\/en\/author\/3on1a-0sed-24\/"}]}},"_links":{"self":[{"href":"https:\/\/ciiam.org\/en\/wp-json\/wp\/v2\/posts\/30880","targetHints":{"allow":["GET"]}}],"collection":[{"href":"https:\/\/ciiam.org\/en\/wp-json\/wp\/v2\/posts"}],"about":[{"href":"https:\/\/ciiam.org\/en\/wp-json\/wp\/v2\/types\/post"}],"author":[{"embeddable":true,"href":"https:\/\/ciiam.org\/en\/wp-json\/wp\/v2\/users\/18"}],"replies":[{"embeddable":true,"href":"https:\/\/ciiam.org\/en\/wp-json\/wp\/v2\/comments?post=30880"}],"version-history":[{"count":1,"href":"https:\/\/ciiam.org\/en\/wp-json\/wp\/v2\/posts\/30880\/revisions"}],"predecessor-version":[{"id":30883,"href":"https:\/\/ciiam.org\/en\/wp-json\/wp\/v2\/posts\/30880\/revisions\/30883"}],"wp:featuredmedia":[{"embeddable":true,"href":"https:\/\/ciiam.org\/en\/wp-json\/wp\/v2\/media\/30881"}],"wp:attachment":[{"href":"https:\/\/ciiam.org\/en\/wp-json\/wp\/v2\/media?parent=30880"}],"wp:term":[{"taxonomy":"category","embeddable":true,"href":"https:\/\/ciiam.org\/en\/wp-json\/wp\/v2\/categories?post=30880"},{"taxonomy":"post_tag","embeddable":true,"href":"https:\/\/ciiam.org\/en\/wp-json\/wp\/v2\/tags?post=30880"}],"curies":[{"name":"wp","href":"https:\/\/api.w.org\/{rel}","templated":true}]}}