{"id":30890,"date":"2025-05-14T12:00:32","date_gmt":"2025-05-14T12:00:32","guid":{"rendered":"https:\/\/ciiam.org\/?p=30890"},"modified":"2025-05-19T12:03:18","modified_gmt":"2025-05-19T12:03:18","slug":"CIIAM-y-cam-santiago-organizan-un-webinar-informativo-sobre-su-reciente-alianza","status":"publish","type":"post","link":"https:\/\/ciiam.org\/en\/CIIAM-y-cam-santiago-organizan-un-webinar-informativo-sobre-su-reciente-alianza\/","title":{"rendered":"CIIAM y CAM Santiago organizan un webinar informativo sobre su reciente alianza"},"content":{"rendered":"<p>CIIAM y el Centro de Arbitraje y Mediaci\u00f3n (CAM Santiago) de la C\u00e1mara de Comercio de Santiago han celebrado el webinar <em>\u201cAlianza CAM Santiago y CIIAM: Conoce todos los detalles\u201d<\/em>, una sesi\u00f3n informativa que ha reunido a m\u00e1s de 60 participantes interesados en conocer el alcance de esta uni\u00f3n estrat\u00e9gica, concebida para desarrollar de manera conjunta el arbitraje internacional.<\/p>\n<p>El encuentro ha contado con la participaci\u00f3n de Ximena Vial, directora ejecutiva de CAM Santiago y vocal del Pleno de CIIAM; Marta Lalaguna, secretaria general de CIIAM; Laura Aguilera, subdirectora ejecutiva de CAM Santiago y vicesecretaria de CIIAM; Mar\u00eda Arias, letrada de CIIAM, y Antonia Alemparte, letrada de CAM Santiago.<\/p>\n<p>Esta alianza, firmada el pasado mes de abril, supone un paso decisivo hacia la integraci\u00f3n institucional en el arbitraje internacional, que marca un antes y un despu\u00e9s para ambos centros, para la regi\u00f3n iberoamericana y para el ecosistema del arbitraje comercial internacional.<\/p>\n<p>Todas las ponentes han subrayado el car\u00e1cter integrador y operativo de este acuerdo, nacido del convencimiento mutuo de que ambas instituciones comparten una misma forma de hacer las cosas y una visi\u00f3n com\u00fan: construir una corte con vocaci\u00f3n internacional y foco en Iberoam\u00e9rica, basada en los valores de transparencia, digitalizaci\u00f3n, diversidad e igualdad y sostenibilidad.<\/p>\n<p>Durante el webinar, se abordaron aspectos clave de su funcionamiento, los \u00f3rganos y sus miembros, los Grupos de Trabajo formados por expertos en arbitraje que, coordinados por el Centro, analizan los retos de cada sector, as\u00ed como las distintas comisiones integradas en CIIAM: Comisi\u00f3n de Designaci\u00f3n de \u00c1rbitros, Comisi\u00f3n de Examen Previo de Laudos, Comisi\u00f3n de Buenas Pr\u00e1cticas y Comisi\u00f3n de Recusaci\u00f3n.<\/p>\n<p>En relaci\u00f3n con la designaci\u00f3n de \u00e1rbitros, se ha explicado que CIIAM no opera con una lista cerrada. Se fomenta el acuerdo entre las partes para nombrar al \u00e1rbitro \u00fanico, y solo en caso de desacuerdo, interviene el centro.<\/p>\n<p>Las participantes tambi\u00e9n han destacado que la sede de los arbitrajes es de libre elecci\u00f3n por las partes, lo que permite una gran flexibilidad. En cuanto a los aspectos log\u00edsticos, los casos se gestionan \u00edntegramente a trav\u00e9s de una \u00fanica plataforma digital, lo que garantiza una visi\u00f3n 360\u00ba de cada procedimiento y refuerza el compromiso del centro con la eficiencia y la digitalizaci\u00f3n.<\/p>\n<p>Asimismo, se han aclarado cuestiones relativas a honorarios y tasas administrativas, y se ha puesto en valor la pol\u00edtica progresiva de CIIAM respecto a la publicaci\u00f3n de laudos, que busca favorecer la creaci\u00f3n de una jurisprudencia arbitral s\u00f3lida.<\/p>\n<p>Tambi\u00e9n se han abordado las principales claves del Reglamento CIIAM 2024, que incorpora las \u00faltimas novedades en la pr\u00e1ctica arbitral internacional, fruto del trabajo conjunto de la Comisi\u00f3n de Buenas Pr\u00e1cticas y de los Grupos de Trabajo.<\/p>\n","protected":false},"excerpt":{"rendered":"<p>CIIAM y el Centro de Arbitraje y Mediaci\u00f3n (CAM Santiago) de la C\u00e1mara de Comercio de Santiago han celebrado el webinar \u201cAlianza CAM Santiago y CIIAM: Conoce todos los detalles\u201d, una sesi\u00f3n informativa que ha reunido a m\u00e1s de 60 participantes interesados en conocer el alcance de esta uni\u00f3n estrat\u00e9gica, concebida para desarrollar de manera [&hellip;]<\/p>\n","protected":false},"author":18,"featured_media":30891,"comment_status":"closed","ping_status":"open","sticky":false,"template":"","format":"standard","meta":{"footnotes":""},"categories":[17],"tags":[],"class_list":["post-30890","post","type-post","status-publish","format-standard","has-post-thumbnail","hentry","category-actualidad"],"yoast_head":"<!-- This site is optimized with the Yoast SEO plugin v27.3 - https:\/\/yoast.com\/product\/yoast-seo-wordpress\/ -->\n<title>CIIAM y CAM Santiago organizan un webinar informativo sobre su reciente alianza -<\/title>\n<meta name=\"description\" content=\"CIIAM y CAM Santiago han celebrado el webinar \u201cAlianza CAM Santiago y CIIAM: Conoce todos los detalles\u201d.\" \/>\n<meta name=\"robots\" content=\"index, follow, max-snippet:-1, max-image-preview:large, max-video-preview:-1\" \/>\n<link rel=\"canonical\" href=\"https:\/\/ciiam.org\/en\/CIIAM-y-cam-santiago-organizan-un-webinar-informativo-sobre-su-reciente-alianza\/\" \/>\n<meta property=\"og:locale\" content=\"en_US\" \/>\n<meta property=\"og:type\" content=\"article\" \/>\n<meta property=\"og:title\" content=\"CIIAM y CAM Santiago organizan un webinar informativo sobre su reciente alianza -\" \/>\n<meta property=\"og:description\" content=\"CIIAM y CAM Santiago han celebrado el webinar \u201cAlianza CAM Santiago y CIIAM: Conoce todos los detalles\u201d.\" \/>\n<meta property=\"og:url\" content=\"https:\/\/ciiam.org\/en\/CIIAM-y-cam-santiago-organizan-un-webinar-informativo-sobre-su-reciente-alianza\/\" \/>\n<meta property=\"og:site_name\" content=\"CIIAM\" \/>\n<meta property=\"article:published_time\" content=\"2025-05-14T12:00:32+00:00\" \/>\n<meta property=\"article:modified_time\" content=\"2025-05-19T12:03:18+00:00\" \/>\n<meta property=\"og:image\" content=\"https:\/\/ciiam.org\/wp-content\/uploads\/2025\/05\/Webinar-CAM-Santiago.jpg\" \/>\n\t<meta property=\"og:image:width\" content=\"1084\" \/>\n\t<meta property=\"og:image:height\" content=\"896\" \/>\n\t<meta property=\"og:image:type\" content=\"image\/jpeg\" \/>\n<meta name=\"author\" content=\"P. Moraleda\" \/>\n<meta name=\"twitter:card\" content=\"summary_large_image\" \/>\n<meta name=\"twitter:label1\" content=\"Written by\" \/>\n\t<meta name=\"twitter:data1\" content=\"P. Moraleda\" \/>\n\t<meta name=\"twitter:label2\" content=\"Est. reading time\" \/>\n\t<meta name=\"twitter:data2\" content=\"3 minutes\" \/>\n<script type=\"application\/ld+json\" class=\"yoast-schema-graph\">{\"@context\":\"https:\\\/\\\/schema.org\",\"@graph\":[{\"@type\":\"Article\",\"@id\":\"https:\\\/\\\/ciiam.org\\\/en\\\/CIIAM-y-cam-santiago-organizan-un-webinar-informativo-sobre-su-reciente-alianza\\\/#article\",\"isPartOf\":{\"@id\":\"https:\\\/\\\/ciiam.org\\\/en\\\/CIIAM-y-cam-santiago-organizan-un-webinar-informativo-sobre-su-reciente-alianza\\\/\"},\"author\":{\"name\":\"P. Moraleda\",\"@id\":\"https:\\\/\\\/ciiam.org\\\/en\\\/#\\\/schema\\\/person\\\/d11b69fd6be9dfb32edb8758b44c599f\"},\"headline\":\"CIIAM y CAM Santiago organizan un webinar informativo sobre su reciente alianza\",\"datePublished\":\"2025-05-14T12:00:32+00:00\",\"dateModified\":\"2025-05-19T12:03:18+00:00\",\"mainEntityOfPage\":{\"@id\":\"https:\\\/\\\/ciiam.org\\\/en\\\/CIIAM-y-cam-santiago-organizan-un-webinar-informativo-sobre-su-reciente-alianza\\\/\"},\"wordCount\":494,\"publisher\":{\"@id\":\"https:\\\/\\\/ciiam.org\\\/en\\\/#organization\"},\"image\":{\"@id\":\"https:\\\/\\\/ciiam.org\\\/en\\\/CIIAM-y-cam-santiago-organizan-un-webinar-informativo-sobre-su-reciente-alianza\\\/#primaryimage\"},\"thumbnailUrl\":\"https:\\\/\\\/ciiam.org\\\/wp-content\\\/uploads\\\/2025\\\/05\\\/Webinar-CAM-Santiago.jpg\",\"articleSection\":[\"Actualidad\"],\"inLanguage\":\"en-US\"},{\"@type\":\"WebPage\",\"@id\":\"https:\\\/\\\/ciiam.org\\\/en\\\/CIIAM-y-cam-santiago-organizan-un-webinar-informativo-sobre-su-reciente-alianza\\\/\",\"url\":\"https:\\\/\\\/ciiam.org\\\/en\\\/CIIAM-y-cam-santiago-organizan-un-webinar-informativo-sobre-su-reciente-alianza\\\/\",\"name\":\"CIIAM y CAM Santiago organizan un webinar informativo sobre su reciente alianza -\",\"isPartOf\":{\"@id\":\"https:\\\/\\\/ciiam.org\\\/en\\\/#website\"},\"primaryImageOfPage\":{\"@id\":\"https:\\\/\\\/ciiam.org\\\/en\\\/CIIAM-y-cam-santiago-organizan-un-webinar-informativo-sobre-su-reciente-alianza\\\/#primaryimage\"},\"image\":{\"@id\":\"https:\\\/\\\/ciiam.org\\\/en\\\/CIIAM-y-cam-santiago-organizan-un-webinar-informativo-sobre-su-reciente-alianza\\\/#primaryimage\"},\"thumbnailUrl\":\"https:\\\/\\\/ciiam.org\\\/wp-content\\\/uploads\\\/2025\\\/05\\\/Webinar-CAM-Santiago.jpg\",\"datePublished\":\"2025-05-14T12:00:32+00:00\",\"dateModified\":\"2025-05-19T12:03:18+00:00\",\"description\":\"CIIAM y CAM Santiago han celebrado el webinar \u201cAlianza CAM Santiago y CIIAM: Conoce todos los detalles\u201d.\",\"breadcrumb\":{\"@id\":\"https:\\\/\\\/ciiam.org\\\/en\\\/CIIAM-y-cam-santiago-organizan-un-webinar-informativo-sobre-su-reciente-alianza\\\/#breadcrumb\"},\"inLanguage\":\"en-US\",\"potentialAction\":[{\"@type\":\"ReadAction\",\"target\":[\"https:\\\/\\\/ciiam.org\\\/en\\\/CIIAM-y-cam-santiago-organizan-un-webinar-informativo-sobre-su-reciente-alianza\\\/\"]}]},{\"@type\":\"ImageObject\",\"inLanguage\":\"en-US\",\"@id\":\"https:\\\/\\\/ciiam.org\\\/en\\\/CIIAM-y-cam-santiago-organizan-un-webinar-informativo-sobre-su-reciente-alianza\\\/#primaryimage\",\"url\":\"https:\\\/\\\/ciiam.org\\\/wp-content\\\/uploads\\\/2025\\\/05\\\/Webinar-CAM-Santiago.jpg\",\"contentUrl\":\"https:\\\/\\\/ciiam.org\\\/wp-content\\\/uploads\\\/2025\\\/05\\\/Webinar-CAM-Santiago.jpg\",\"width\":1084,\"height\":896,\"caption\":\"webinar\"},{\"@type\":\"BreadcrumbList\",\"@id\":\"https:\\\/\\\/ciiam.org\\\/en\\\/CIIAM-y-cam-santiago-organizan-un-webinar-informativo-sobre-su-reciente-alianza\\\/#breadcrumb\",\"itemListElement\":[{\"@type\":\"ListItem\",\"position\":1,\"name\":\"CIAM\",\"item\":\"https:\\\/\\\/ciiam.org\\\/en\\\/\"},{\"@type\":\"ListItem\",\"position\":2,\"name\":\"CIIAM y CAM Santiago organizan un webinar informativo sobre su reciente alianza\"}]},{\"@type\":\"WebSite\",\"@id\":\"https:\\\/\\\/ciiam.org\\\/en\\\/#website\",\"url\":\"https:\\\/\\\/ciiam.org\\\/en\\\/\",\"name\":\"CIIAM\",\"description\":\"Centro Internacional e Iberoamericano de Arbitraje de Madrid\",\"publisher\":{\"@id\":\"https:\\\/\\\/ciiam.org\\\/en\\\/#organization\"},\"potentialAction\":[{\"@type\":\"SearchAction\",\"target\":{\"@type\":\"EntryPoint\",\"urlTemplate\":\"https:\\\/\\\/ciiam.org\\\/en\\\/?s={search_term_string}\"},\"query-input\":{\"@type\":\"PropertyValueSpecification\",\"valueRequired\":true,\"valueName\":\"search_term_string\"}}],\"inLanguage\":\"en-US\"},{\"@type\":\"Organization\",\"@id\":\"https:\\\/\\\/ciiam.org\\\/en\\\/#organization\",\"name\":\"Centro Internacional e Iberoamericano de Arbitraje de Madrid\",\"alternateName\":\"CIIAM\",\"url\":\"https:\\\/\\\/ciiam.org\\\/en\\\/\",\"logo\":{\"@type\":\"ImageObject\",\"inLanguage\":\"en-US\",\"@id\":\"https:\\\/\\\/ciiam.org\\\/en\\\/#\\\/schema\\\/logo\\\/image\\\/\",\"url\":\"https:\\\/\\\/ciiam.org\\\/wp-content\\\/uploads\\\/2026\\\/01\\\/favicon.png\",\"contentUrl\":\"https:\\\/\\\/ciiam.org\\\/wp-content\\\/uploads\\\/2026\\\/01\\\/favicon.png\",\"width\":500,\"height\":500,\"caption\":\"Centro Internacional e Iberoamericano de Arbitraje de Madrid\"},\"image\":{\"@id\":\"https:\\\/\\\/ciiam.org\\\/en\\\/#\\\/schema\\\/logo\\\/image\\\/\"},\"sameAs\":[\"https:\\\/\\\/www.linkedin.com\\\/company\\\/ciam-centro-internacional-arbitraje-madrid?trk=d_public_post_image\",\"https:\\\/\\\/www.youtube.com\\\/channel\\\/UCU2OI7SAQFv5uXAZ4qO4ALg\"]},{\"@type\":\"Person\",\"@id\":\"https:\\\/\\\/ciiam.org\\\/en\\\/#\\\/schema\\\/person\\\/d11b69fd6be9dfb32edb8758b44c599f\",\"name\":\"P. Moraleda\",\"image\":{\"@type\":\"ImageObject\",\"inLanguage\":\"en-US\",\"@id\":\"https:\\\/\\\/secure.gravatar.com\\\/avatar\\\/fe6c4f5a609355ad487e648d2b4aebf57a2fa1e7508fc4a6bd1d2b5420b286df?s=96&d=mm&r=g\",\"url\":\"https:\\\/\\\/secure.gravatar.com\\\/avatar\\\/fe6c4f5a609355ad487e648d2b4aebf57a2fa1e7508fc4a6bd1d2b5420b286df?s=96&d=mm&r=g\",\"contentUrl\":\"https:\\\/\\\/secure.gravatar.com\\\/avatar\\\/fe6c4f5a609355ad487e648d2b4aebf57a2fa1e7508fc4a6bd1d2b5420b286df?s=96&d=mm&r=g\",\"caption\":\"P. Moraleda\"},\"url\":\"https:\\\/\\\/ciiam.org\\\/en\\\/author\\\/3on1a-0sed-24\\\/\"}]}<\/script>\n<!-- \/ Yoast SEO plugin. -->","yoast_head_json":{"title":"CIIAM y CAM Santiago organizan un webinar informativo sobre su reciente alianza -","description":"CIIAM y CAM Santiago han celebrado el webinar \u201cAlianza CAM Santiago y CIIAM: Conoce todos los detalles\u201d.","robots":{"index":"index","follow":"follow","max-snippet":"max-snippet:-1","max-image-preview":"max-image-preview:large","max-video-preview":"max-video-preview:-1"},"canonical":"https:\/\/ciiam.org\/en\/CIIAM-y-cam-santiago-organizan-un-webinar-informativo-sobre-su-reciente-alianza\/","og_locale":"en_US","og_type":"article","og_title":"CIIAM y CAM Santiago organizan un webinar informativo sobre su reciente alianza -","og_description":"CIIAM y CAM Santiago han celebrado el webinar \u201cAlianza CAM Santiago y CIIAM: Conoce todos los detalles\u201d.","og_url":"https:\/\/ciiam.org\/en\/CIIAM-y-cam-santiago-organizan-un-webinar-informativo-sobre-su-reciente-alianza\/","og_site_name":"CIIAM","article_published_time":"2025-05-14T12:00:32+00:00","article_modified_time":"2025-05-19T12:03:18+00:00","og_image":[{"width":1084,"height":896,"url":"https:\/\/ciiam.org\/wp-content\/uploads\/2025\/05\/Webinar-CAM-Santiago.jpg","type":"image\/jpeg"}],"author":"P. Moraleda","twitter_card":"summary_large_image","twitter_misc":{"Written by":"P. Moraleda","Est. reading time":"3 minutes"},"schema":{"@context":"https:\/\/schema.org","@graph":[{"@type":"Article","@id":"https:\/\/ciiam.org\/en\/CIIAM-y-cam-santiago-organizan-un-webinar-informativo-sobre-su-reciente-alianza\/#article","isPartOf":{"@id":"https:\/\/ciiam.org\/en\/CIIAM-y-cam-santiago-organizan-un-webinar-informativo-sobre-su-reciente-alianza\/"},"author":{"name":"P. Moraleda","@id":"https:\/\/ciiam.org\/en\/#\/schema\/person\/d11b69fd6be9dfb32edb8758b44c599f"},"headline":"CIIAM y CAM Santiago organizan un webinar informativo sobre su reciente alianza","datePublished":"2025-05-14T12:00:32+00:00","dateModified":"2025-05-19T12:03:18+00:00","mainEntityOfPage":{"@id":"https:\/\/ciiam.org\/en\/CIIAM-y-cam-santiago-organizan-un-webinar-informativo-sobre-su-reciente-alianza\/"},"wordCount":494,"publisher":{"@id":"https:\/\/ciiam.org\/en\/#organization"},"image":{"@id":"https:\/\/ciiam.org\/en\/CIIAM-y-cam-santiago-organizan-un-webinar-informativo-sobre-su-reciente-alianza\/#primaryimage"},"thumbnailUrl":"https:\/\/ciiam.org\/wp-content\/uploads\/2025\/05\/Webinar-CAM-Santiago.jpg","articleSection":["Actualidad"],"inLanguage":"en-US"},{"@type":"WebPage","@id":"https:\/\/ciiam.org\/en\/CIIAM-y-cam-santiago-organizan-un-webinar-informativo-sobre-su-reciente-alianza\/","url":"https:\/\/ciiam.org\/en\/CIIAM-y-cam-santiago-organizan-un-webinar-informativo-sobre-su-reciente-alianza\/","name":"CIIAM y CAM Santiago organizan un webinar informativo sobre su reciente alianza -","isPartOf":{"@id":"https:\/\/ciiam.org\/en\/#website"},"primaryImageOfPage":{"@id":"https:\/\/ciiam.org\/en\/CIIAM-y-cam-santiago-organizan-un-webinar-informativo-sobre-su-reciente-alianza\/#primaryimage"},"image":{"@id":"https:\/\/ciiam.org\/en\/CIIAM-y-cam-santiago-organizan-un-webinar-informativo-sobre-su-reciente-alianza\/#primaryimage"},"thumbnailUrl":"https:\/\/ciiam.org\/wp-content\/uploads\/2025\/05\/Webinar-CAM-Santiago.jpg","datePublished":"2025-05-14T12:00:32+00:00","dateModified":"2025-05-19T12:03:18+00:00","description":"CIIAM y CAM Santiago han celebrado el webinar \u201cAlianza CAM Santiago y CIIAM: Conoce todos los detalles\u201d.","breadcrumb":{"@id":"https:\/\/ciiam.org\/en\/CIIAM-y-cam-santiago-organizan-un-webinar-informativo-sobre-su-reciente-alianza\/#breadcrumb"},"inLanguage":"en-US","potentialAction":[{"@type":"ReadAction","target":["https:\/\/ciiam.org\/en\/CIIAM-y-cam-santiago-organizan-un-webinar-informativo-sobre-su-reciente-alianza\/"]}]},{"@type":"ImageObject","inLanguage":"en-US","@id":"https:\/\/ciiam.org\/en\/CIIAM-y-cam-santiago-organizan-un-webinar-informativo-sobre-su-reciente-alianza\/#primaryimage","url":"https:\/\/ciiam.org\/wp-content\/uploads\/2025\/05\/Webinar-CAM-Santiago.jpg","contentUrl":"https:\/\/ciiam.org\/wp-content\/uploads\/2025\/05\/Webinar-CAM-Santiago.jpg","width":1084,"height":896,"caption":"webinar"},{"@type":"BreadcrumbList","@id":"https:\/\/ciiam.org\/en\/CIIAM-y-cam-santiago-organizan-un-webinar-informativo-sobre-su-reciente-alianza\/#breadcrumb","itemListElement":[{"@type":"ListItem","position":1,"name":"CIAM","item":"https:\/\/ciiam.org\/en\/"},{"@type":"ListItem","position":2,"name":"CIIAM y CAM Santiago organizan un webinar informativo sobre su reciente alianza"}]},{"@type":"WebSite","@id":"https:\/\/ciiam.org\/en\/#website","url":"https:\/\/ciiam.org\/en\/","name":"CIIAM","description":"Centro Internacional e Iberoamericano de Arbitraje de Madrid","publisher":{"@id":"https:\/\/ciiam.org\/en\/#organization"},"potentialAction":[{"@type":"SearchAction","target":{"@type":"EntryPoint","urlTemplate":"https:\/\/ciiam.org\/en\/?s={search_term_string}"},"query-input":{"@type":"PropertyValueSpecification","valueRequired":true,"valueName":"search_term_string"}}],"inLanguage":"en-US"},{"@type":"Organization","@id":"https:\/\/ciiam.org\/en\/#organization","name":"Centro Internacional e Iberoamericano de Arbitraje de Madrid","alternateName":"CIIAM","url":"https:\/\/ciiam.org\/en\/","logo":{"@type":"ImageObject","inLanguage":"en-US","@id":"https:\/\/ciiam.org\/en\/#\/schema\/logo\/image\/","url":"https:\/\/ciiam.org\/wp-content\/uploads\/2026\/01\/favicon.png","contentUrl":"https:\/\/ciiam.org\/wp-content\/uploads\/2026\/01\/favicon.png","width":500,"height":500,"caption":"Centro Internacional e Iberoamericano de Arbitraje de Madrid"},"image":{"@id":"https:\/\/ciiam.org\/en\/#\/schema\/logo\/image\/"},"sameAs":["https:\/\/www.linkedin.com\/company\/ciam-centro-internacional-arbitraje-madrid?trk=d_public_post_image","https:\/\/www.youtube.com\/channel\/UCU2OI7SAQFv5uXAZ4qO4ALg"]},{"@type":"Person","@id":"https:\/\/ciiam.org\/en\/#\/schema\/person\/d11b69fd6be9dfb32edb8758b44c599f","name":"P. Moraleda","image":{"@type":"ImageObject","inLanguage":"en-US","@id":"https:\/\/secure.gravatar.com\/avatar\/fe6c4f5a609355ad487e648d2b4aebf57a2fa1e7508fc4a6bd1d2b5420b286df?s=96&d=mm&r=g","url":"https:\/\/secure.gravatar.com\/avatar\/fe6c4f5a609355ad487e648d2b4aebf57a2fa1e7508fc4a6bd1d2b5420b286df?s=96&d=mm&r=g","contentUrl":"https:\/\/secure.gravatar.com\/avatar\/fe6c4f5a609355ad487e648d2b4aebf57a2fa1e7508fc4a6bd1d2b5420b286df?s=96&d=mm&r=g","caption":"P. Moraleda"},"url":"https:\/\/ciiam.org\/en\/author\/3on1a-0sed-24\/"}]}},"_links":{"self":[{"href":"https:\/\/ciiam.org\/en\/wp-json\/wp\/v2\/posts\/30890","targetHints":{"allow":["GET"]}}],"collection":[{"href":"https:\/\/ciiam.org\/en\/wp-json\/wp\/v2\/posts"}],"about":[{"href":"https:\/\/ciiam.org\/en\/wp-json\/wp\/v2\/types\/post"}],"author":[{"embeddable":true,"href":"https:\/\/ciiam.org\/en\/wp-json\/wp\/v2\/users\/18"}],"replies":[{"embeddable":true,"href":"https:\/\/ciiam.org\/en\/wp-json\/wp\/v2\/comments?post=30890"}],"version-history":[{"count":1,"href":"https:\/\/ciiam.org\/en\/wp-json\/wp\/v2\/posts\/30890\/revisions"}],"predecessor-version":[{"id":30893,"href":"https:\/\/ciiam.org\/en\/wp-json\/wp\/v2\/posts\/30890\/revisions\/30893"}],"wp:featuredmedia":[{"embeddable":true,"href":"https:\/\/ciiam.org\/en\/wp-json\/wp\/v2\/media\/30891"}],"wp:attachment":[{"href":"https:\/\/ciiam.org\/en\/wp-json\/wp\/v2\/media?parent=30890"}],"wp:term":[{"taxonomy":"category","embeddable":true,"href":"https:\/\/ciiam.org\/en\/wp-json\/wp\/v2\/categories?post=30890"},{"taxonomy":"post_tag","embeddable":true,"href":"https:\/\/ciiam.org\/en\/wp-json\/wp\/v2\/tags?post=30890"}],"curies":[{"name":"wp","href":"https:\/\/api.w.org\/{rel}","templated":true}]}}