{"id":30936,"date":"2025-05-29T08:37:21","date_gmt":"2025-05-29T08:37:21","guid":{"rendered":"https:\/\/ciiam.org\/?p=30936"},"modified":"2025-05-29T08:37:21","modified_gmt":"2025-05-29T08:37:21","slug":"CIIAM-acoge-un-encuentro-legal-con-una-delegacion-empresarial-chilena","status":"publish","type":"post","link":"https:\/\/ciiam.org\/en\/CIIAM-acoge-un-encuentro-legal-con-una-delegacion-empresarial-chilena\/","title":{"rendered":"CIIAM acoge un encuentro legal con una delegaci\u00f3n empresarial chilena"},"content":{"rendered":"<ul>\n<li>Esta actividad se inscribe en el marco de la alianza entre CIIAM y el Centro de Arbitraje y Mediaci\u00f3n (CAM Santiago) de la C\u00e1mara de Comercio de Santiago (CCS) para el fortalecimiento del desarrollo del arbitraje internacional<\/li>\n<li>El encuentro legal-empresarial forma parte de una intensa agenda institucional y jur\u00eddica, previa al III Encuentro de los Grupos de Trabajo de CIIAM, que tendr\u00e1 lugar los d\u00edas 30 y 31 de mayo<\/li>\n<\/ul>\n<p><strong>Madrid, 29\/05\/2025<\/strong>.- El Centro Internacional e Iberoamericano de Arbitraje de Madrid (CIIAM), fundado por la Corte Espa\u00f1ola de Arbitraje, la Corte de Arbitraje de Madrid y la Corte Civil y Mercantil de Arbitraje, con el Ilustre Colegio de la Abogac\u00eda de Madrid (ICAM) y CIAR, como socios estrat\u00e9gicos, ha recibido en Madrid a una delegaci\u00f3n de empresas chilenas integrada por m\u00e1s de 70 profesionales y expertos del \u00e1mbito legal. Esta actividad se inscribe en el marco de la alianza entre CIIAM y el Centro de Arbitraje y Mediaci\u00f3n (CAM Santiago) de la C\u00e1mara de Comercio de Santiago (CCS) para el fortalecimiento del desarrollo del arbitraje internacional.<\/p>\n<p>El encuentro legal-empresarial, que se ha desarrollado en el ICAM, forma parte de una intensa agenda institucional y jur\u00eddica, y se engloba en los actos previos al III Encuentro de los Grupos de Trabajo de CIIAM, que tendr\u00e1 lugar los d\u00edas 30 y 31 de mayo.<\/p>\n<p>Uno de los momentos m\u00e1s destacados ha sido la ratificaci\u00f3n del convenio de colaboraci\u00f3n entre CIIAM y CAM Santiago, tras el acuerdo firmado el pasado mes de abril. <strong>Adolfo D\u00edaz-Ambrona<\/strong>, presidente de la Asociaci\u00f3n para el Arbitraje Internacional de Madrid, que integra a las cortes fundadoras de CIIAM (Corte Espa\u00f1ola de Arbitraje, Corte de Arbitraje de Madrid, Corte Civil y Mercantil de Arbitraje y ahora tambi\u00e9n CAM Santiago), ha calificado la alianza como \u201cel hito hist\u00f3rico m\u00e1s importante\u201d del Centro. Ha subrayado que CAM Santiago cuenta con los mismos derechos y obligaciones que los miembros fundadores incluida su participaci\u00f3n en el Pleno y en la designaci\u00f3n de \u00e1rbitros. Adem\u00e1s, ha destacado que esta alianza se basa en la b\u00fasqueda de la excelencia institucional, que CAM Santiago representa por su prestigio y trayectoria, y permitir\u00e1 al Centro consolidarse como un referente global en la resoluci\u00f3n de disputas internacionales.<\/p>\n<p>Por su parte, <strong>Mar\u00eda Teresa Vial<\/strong>, presidenta de la CCS, ha puesto de manifiesto que la integraci\u00f3n operativa entre ambas instituciones est\u00e1 basada en una visi\u00f3n compartida centrada en la transparencia, la digitalizaci\u00f3n y una vocaci\u00f3n iberoamericana.<\/p>\n<p><strong>Alejandro Kawabata<\/strong>, director de Asuntos Jur\u00eddicos e Institucionales de la Secretar\u00eda General Iberoamericana (SEGIB), ha enfatizado que esa alianza permitir\u00e1 la consolidaci\u00f3n de un sistema de resoluci\u00f3n de controversias moderno, eficaz y alineado con los valores compartidos por la comunidad latinoamericana.<\/p>\n<p>Por su parte, <strong>Javier Velasco<\/strong>, embajador de Chile en Espa\u00f1a, ha destacado que la alianza representa \u201cun bien mayor\u201d para la regi\u00f3n y ha subrayado que Iberoam\u00e9rica ya es un actor global, pero que para consolidar su posici\u00f3n internacional es imprescindible fortalecer el papel del espa\u00f1ol en el mundo. En este sentido, ha se\u00f1alado que el derecho continental se apoya en esta lengua, que contin\u00faa expandi\u00e9ndose y consolid\u00e1ndose como veh\u00edculo natural del arbitraje en el \u00e1mbito iberoamericano.<\/p>\n<p>A continuaci\u00f3n, ha tenido lugar una mesa redonda, bajo el t\u00edtulo \u201cEl impacto del arbitraje y las cl\u00e1usulas arbitrales en la resoluci\u00f3n de conflictos empresariales: ventajas, estrategias y desaf\u00edos actuales\u201d, moderada por <strong>Urquiola de Palacio<\/strong>, vicepresidenta de CIIAM.<\/p>\n<p>Junto a ella, han participado <strong>Susana Jim\u00e9nez<\/strong>, presidenta de la Confederaci\u00f3n de la Producci\u00f3n y del Comercio de Chile; <strong>\u00c1lvaro Ort\u00fazar<\/strong>, socio de Ort\u00fazar Vergara Boetsch y \u00e1rbitro en CAM Santiago; <strong>Juan Serrada<\/strong>, vicepresidente de CIIAM, y <strong>Pablo L\u00f3pez-Garde<\/strong>, Head of Legal de Elecnor.<\/p>\n<p>Los ponentes han puesto de relieve c\u00f3mo el arbitraje se ha convertido en una herramienta estrat\u00e9gica que aporta seguridad jur\u00eddica y confianza a las empresas.<\/p>\n<p>Asimismo, se ha insistido en la importancia de incorporar adecuadamente cl\u00e1usulas arbitrales en los contratos, subrayando la necesidad de redactarlas con precisi\u00f3n para evitar problemas de ejecuci\u00f3n. Tambi\u00e9n, se ha resaltado el papel esencial del idioma en los procesos arbitrales y se ha apostado por el uso del espa\u00f1ol como lengua del arbitraje internacional.<\/p>\n<p>Por \u00faltimo, se ha abordado la elecci\u00f3n de la sede como un factor clave, destacando la confianza y flexibilidad que aporta contar con instituciones como CAM Santiago. Su integraci\u00f3n plena en CIIAM ha sido valorada como una garant\u00eda de uniformidad en los procedimientos, independientemente del lugar donde se celebre el arbitraje.<\/p>\n<p>Tras este primer panel de expertos, ha intervenido <strong>Alfonso Iglesia<\/strong>, presidente del Club Espa\u00f1ol e Iberoamericano del Arbitraje (CEIA), que ha subrayado la alianza de CAM Santiago y CIIAM, ampl\u00eda el alcance y proyecci\u00f3n de la instituci\u00f3n arbitral, y refuerza la construcci\u00f3n de una verdadera comunidad arbitral iberoamericana.<\/p>\n<p>La jornada ha culminado con la mesa redonda, \u201cConociendo CIIAM\u201d, que ha profundizado en el modelo, la estructura y los valores del Centro. Han intervenido <strong>Marta Lalaguna<\/strong>, secretaria general de CIIAM; <strong>Mar\u00eda Agnes Salah<\/strong>, presidenta de CAM Santiago; <strong>Javier \u00cdscar<\/strong>, vicepresidente de CIIAM; y <strong>Fernando Cabello de los Cobos<\/strong>, director de Servicios Jur\u00eddicos de la C\u00e1mara de Comercio de Espa\u00f1a.<\/p>\n<p>A lo largo de la sesi\u00f3n, los ponentes han repasado el funcionamiento interno de la instituci\u00f3n, como la designaci\u00f3n de los \u00e1rbitros y los honorarios, y el papel central que debe jugar el idioma espa\u00f1ol en el arbitraje internacional.<\/p>\n<p>Entre ellas, destacan la disponibilidad, la integridad, el conocimiento y experiencia, la independencia e imparcialidad, las excelentes habilidades de gesti\u00f3n de conflictos, el reconocimiento y la reputaci\u00f3n, la administraci\u00f3n eficiente del proceso y el conocimiento del idioma y la legislaci\u00f3n aplicable al caso.<\/p>\n<div id='gallery-1' class='gallery galleryid-30936 gallery-columns-3 gallery-size-thumbnail'><figure class='gallery-item'>\n\t\t\t<div class='gallery-icon landscape'>\n\t\t\t\t<a href='https:\/\/ciiam.org\/en\/CIIAM-acoge-un-encuentro-legal-con-una-delegacion-empresarial-chilena\/encuentro-legal-empresarial-chile-5-2\/'><img decoding=\"async\" width=\"150\" height=\"150\" src=\"https:\/\/ciiam.org\/wp-content\/uploads\/2025\/05\/Encuentro-legal-empresarial-Chile-5-150x150.jpg\" class=\"attachment-thumbnail size-thumbnail\" alt=\"\" srcset=\"https:\/\/ciiam.org\/wp-content\/uploads\/2025\/05\/Encuentro-legal-empresarial-Chile-5-150x150.jpg 150w, https:\/\/ciiam.org\/wp-content\/uploads\/2025\/05\/Encuentro-legal-empresarial-Chile-5-300x300.jpg 300w, https:\/\/ciiam.org\/wp-content\/uploads\/2025\/05\/Encuentro-legal-empresarial-Chile-5-500x500.jpg 500w\" sizes=\"(max-width: 150px) 100vw, 150px\" \/><\/a>\n\t\t\t<\/div><\/figure><figure class='gallery-item'>\n\t\t\t<div class='gallery-icon landscape'>\n\t\t\t\t<a href='https:\/\/ciiam.org\/en\/CIIAM-acoge-un-encuentro-legal-con-una-delegacion-empresarial-chilena\/encuentro-legal-empresarial-chile-4-2\/'><img decoding=\"async\" width=\"150\" height=\"150\" src=\"https:\/\/ciiam.org\/wp-content\/uploads\/2025\/05\/Encuentro-legal-empresarial-Chile-4-150x150.jpg\" class=\"attachment-thumbnail size-thumbnail\" alt=\"\" srcset=\"https:\/\/ciiam.org\/wp-content\/uploads\/2025\/05\/Encuentro-legal-empresarial-Chile-4-150x150.jpg 150w, https:\/\/ciiam.org\/wp-content\/uploads\/2025\/05\/Encuentro-legal-empresarial-Chile-4-300x300.jpg 300w, https:\/\/ciiam.org\/wp-content\/uploads\/2025\/05\/Encuentro-legal-empresarial-Chile-4-500x500.jpg 500w\" sizes=\"(max-width: 150px) 100vw, 150px\" \/><\/a>\n\t\t\t<\/div><\/figure><figure class='gallery-item'>\n\t\t\t<div class='gallery-icon landscape'>\n\t\t\t\t<a href='https:\/\/ciiam.org\/en\/CIIAM-acoge-un-encuentro-legal-con-una-delegacion-empresarial-chilena\/encuentro-legal-empresarial-chile-3-2\/'><img decoding=\"async\" width=\"150\" height=\"150\" src=\"https:\/\/ciiam.org\/wp-content\/uploads\/2025\/05\/Encuentro-legal-empresarial-Chile-3-150x150.jpg\" class=\"attachment-thumbnail size-thumbnail\" alt=\"\" srcset=\"https:\/\/ciiam.org\/wp-content\/uploads\/2025\/05\/Encuentro-legal-empresarial-Chile-3-150x150.jpg 150w, https:\/\/ciiam.org\/wp-content\/uploads\/2025\/05\/Encuentro-legal-empresarial-Chile-3-300x300.jpg 300w, https:\/\/ciiam.org\/wp-content\/uploads\/2025\/05\/Encuentro-legal-empresarial-Chile-3-500x500.jpg 500w\" sizes=\"(max-width: 150px) 100vw, 150px\" \/><\/a>\n\t\t\t<\/div><\/figure><figure class='gallery-item'>\n\t\t\t<div class='gallery-icon landscape'>\n\t\t\t\t<a href='https:\/\/ciiam.org\/en\/CIIAM-acoge-un-encuentro-legal-con-una-delegacion-empresarial-chilena\/encuentro-legal-empresarial-chile-2-2\/'><img loading=\"lazy\" decoding=\"async\" width=\"150\" height=\"150\" src=\"https:\/\/ciiam.org\/wp-content\/uploads\/2025\/05\/Encuentro-legal-empresarial-Chile-2-150x150.jpg\" class=\"attachment-thumbnail size-thumbnail\" alt=\"\" srcset=\"https:\/\/ciiam.org\/wp-content\/uploads\/2025\/05\/Encuentro-legal-empresarial-Chile-2-150x150.jpg 150w, https:\/\/ciiam.org\/wp-content\/uploads\/2025\/05\/Encuentro-legal-empresarial-Chile-2-300x300.jpg 300w, https:\/\/ciiam.org\/wp-content\/uploads\/2025\/05\/Encuentro-legal-empresarial-Chile-2-500x500.jpg 500w\" sizes=\"(max-width: 150px) 100vw, 150px\" \/><\/a>\n\t\t\t<\/div><\/figure><figure class='gallery-item'>\n\t\t\t<div class='gallery-icon landscape'>\n\t\t\t\t<a href='https:\/\/ciiam.org\/en\/CIIAM-acoge-un-encuentro-legal-con-una-delegacion-empresarial-chilena\/encuentro-legal-empresarial-chile-6-2\/'><img loading=\"lazy\" decoding=\"async\" width=\"150\" height=\"150\" src=\"https:\/\/ciiam.org\/wp-content\/uploads\/2025\/05\/Encuentro-legal-empresarial-Chile-6-150x150.jpg\" class=\"attachment-thumbnail size-thumbnail\" alt=\"\" srcset=\"https:\/\/ciiam.org\/wp-content\/uploads\/2025\/05\/Encuentro-legal-empresarial-Chile-6-150x150.jpg 150w, https:\/\/ciiam.org\/wp-content\/uploads\/2025\/05\/Encuentro-legal-empresarial-Chile-6-300x300.jpg 300w, https:\/\/ciiam.org\/wp-content\/uploads\/2025\/05\/Encuentro-legal-empresarial-Chile-6-500x500.jpg 500w\" sizes=\"(max-width: 150px) 100vw, 150px\" \/><\/a>\n\t\t\t<\/div><\/figure>\n\t\t<\/div>\n\n","protected":false},"excerpt":{"rendered":"<p>Esta actividad se inscribe en el marco de la alianza entre CIIAM y el Centro de Arbitraje y Mediaci\u00f3n (CAM Santiago) de la C\u00e1mara de Comercio de Santiago (CCS) para el fortalecimiento del desarrollo del arbitraje internacional El encuentro legal-empresarial forma parte de una intensa agenda institucional y jur\u00eddica, previa al III Encuentro de los [&hellip;]<\/p>\n","protected":false},"author":18,"featured_media":30945,"comment_status":"closed","ping_status":"open","sticky":false,"template":"","format":"standard","meta":{"footnotes":""},"categories":[17],"tags":[],"class_list":["post-30936","post","type-post","status-publish","format-standard","has-post-thumbnail","hentry","category-actualidad"],"yoast_head":"<!-- This site is optimized with the Yoast SEO plugin v27.3 - https:\/\/yoast.com\/product\/yoast-seo-wordpress\/ -->\n<title>CIIAM acoge un encuentro legal con una delegaci\u00f3n empresarial chilena - CIIAM<\/title>\n<meta name=\"robots\" content=\"index, follow, max-snippet:-1, max-image-preview:large, max-video-preview:-1\" \/>\n<link rel=\"canonical\" href=\"https:\/\/ciiam.org\/en\/CIIAM-acoge-un-encuentro-legal-con-una-delegacion-empresarial-chilena\/\" \/>\n<meta property=\"og:locale\" content=\"en_US\" \/>\n<meta property=\"og:type\" content=\"article\" \/>\n<meta property=\"og:title\" content=\"CIIAM acoge un encuentro legal con una delegaci\u00f3n empresarial chilena - CIIAM\" \/>\n<meta property=\"og:description\" content=\"Esta actividad se inscribe en el marco de la alianza entre CIIAM y el Centro de Arbitraje y Mediaci\u00f3n (CAM Santiago) de la C\u00e1mara de Comercio de Santiago (CCS) para el fortalecimiento del desarrollo del arbitraje internacional El encuentro legal-empresarial forma parte de una intensa agenda institucional y jur\u00eddica, previa al III Encuentro de los [&hellip;]\" \/>\n<meta property=\"og:url\" content=\"https:\/\/ciiam.org\/en\/CIIAM-acoge-un-encuentro-legal-con-una-delegacion-empresarial-chilena\/\" \/>\n<meta property=\"og:site_name\" content=\"CIIAM\" \/>\n<meta property=\"article:published_time\" content=\"2025-05-29T08:37:21+00:00\" \/>\n<meta property=\"og:image\" content=\"https:\/\/ciiam.org\/wp-content\/uploads\/2025\/05\/Encuentro-legal-empresarial-Chile-6.jpg\" \/>\n\t<meta property=\"og:image:width\" content=\"2319\" \/>\n\t<meta property=\"og:image:height\" content=\"999\" \/>\n\t<meta property=\"og:image:type\" content=\"image\/jpeg\" \/>\n<meta name=\"author\" content=\"P. Moraleda\" \/>\n<meta name=\"twitter:card\" content=\"summary_large_image\" \/>\n<meta name=\"twitter:label1\" content=\"Written by\" \/>\n\t<meta name=\"twitter:data1\" content=\"P. Moraleda\" \/>\n\t<meta name=\"twitter:label2\" content=\"Est. reading time\" \/>\n\t<meta name=\"twitter:data2\" content=\"5 minutes\" \/>\n<script type=\"application\/ld+json\" class=\"yoast-schema-graph\">{\"@context\":\"https:\\\/\\\/schema.org\",\"@graph\":[{\"@type\":\"Article\",\"@id\":\"https:\\\/\\\/ciiam.org\\\/en\\\/CIIAM-acoge-un-encuentro-legal-con-una-delegacion-empresarial-chilena\\\/#article\",\"isPartOf\":{\"@id\":\"https:\\\/\\\/ciiam.org\\\/en\\\/CIIAM-acoge-un-encuentro-legal-con-una-delegacion-empresarial-chilena\\\/\"},\"author\":{\"name\":\"P. Moraleda\",\"@id\":\"https:\\\/\\\/ciiam.org\\\/en\\\/#\\\/schema\\\/person\\\/d11b69fd6be9dfb32edb8758b44c599f\"},\"headline\":\"CIIAM acoge un encuentro legal con una delegaci\u00f3n empresarial chilena\",\"datePublished\":\"2025-05-29T08:37:21+00:00\",\"mainEntityOfPage\":{\"@id\":\"https:\\\/\\\/ciiam.org\\\/en\\\/CIIAM-acoge-un-encuentro-legal-con-una-delegacion-empresarial-chilena\\\/\"},\"wordCount\":1019,\"publisher\":{\"@id\":\"https:\\\/\\\/ciiam.org\\\/en\\\/#organization\"},\"image\":{\"@id\":\"https:\\\/\\\/ciiam.org\\\/en\\\/CIIAM-acoge-un-encuentro-legal-con-una-delegacion-empresarial-chilena\\\/#primaryimage\"},\"thumbnailUrl\":\"https:\\\/\\\/ciiam.org\\\/wp-content\\\/uploads\\\/2025\\\/05\\\/Encuentro-legal-empresarial-Chile-6.jpg\",\"articleSection\":[\"Actualidad\"],\"inLanguage\":\"en-US\"},{\"@type\":\"WebPage\",\"@id\":\"https:\\\/\\\/ciiam.org\\\/en\\\/CIIAM-acoge-un-encuentro-legal-con-una-delegacion-empresarial-chilena\\\/\",\"url\":\"https:\\\/\\\/ciiam.org\\\/en\\\/CIIAM-acoge-un-encuentro-legal-con-una-delegacion-empresarial-chilena\\\/\",\"name\":\"CIIAM acoge un encuentro legal con una delegaci\u00f3n empresarial chilena - CIIAM\",\"isPartOf\":{\"@id\":\"https:\\\/\\\/ciiam.org\\\/en\\\/#website\"},\"primaryImageOfPage\":{\"@id\":\"https:\\\/\\\/ciiam.org\\\/en\\\/CIIAM-acoge-un-encuentro-legal-con-una-delegacion-empresarial-chilena\\\/#primaryimage\"},\"image\":{\"@id\":\"https:\\\/\\\/ciiam.org\\\/en\\\/CIIAM-acoge-un-encuentro-legal-con-una-delegacion-empresarial-chilena\\\/#primaryimage\"},\"thumbnailUrl\":\"https:\\\/\\\/ciiam.org\\\/wp-content\\\/uploads\\\/2025\\\/05\\\/Encuentro-legal-empresarial-Chile-6.jpg\",\"datePublished\":\"2025-05-29T08:37:21+00:00\",\"breadcrumb\":{\"@id\":\"https:\\\/\\\/ciiam.org\\\/en\\\/CIIAM-acoge-un-encuentro-legal-con-una-delegacion-empresarial-chilena\\\/#breadcrumb\"},\"inLanguage\":\"en-US\",\"potentialAction\":[{\"@type\":\"ReadAction\",\"target\":[\"https:\\\/\\\/ciiam.org\\\/en\\\/CIIAM-acoge-un-encuentro-legal-con-una-delegacion-empresarial-chilena\\\/\"]}]},{\"@type\":\"ImageObject\",\"inLanguage\":\"en-US\",\"@id\":\"https:\\\/\\\/ciiam.org\\\/en\\\/CIIAM-acoge-un-encuentro-legal-con-una-delegacion-empresarial-chilena\\\/#primaryimage\",\"url\":\"https:\\\/\\\/ciiam.org\\\/wp-content\\\/uploads\\\/2025\\\/05\\\/Encuentro-legal-empresarial-Chile-6.jpg\",\"contentUrl\":\"https:\\\/\\\/ciiam.org\\\/wp-content\\\/uploads\\\/2025\\\/05\\\/Encuentro-legal-empresarial-Chile-6.jpg\",\"width\":2319,\"height\":999},{\"@type\":\"BreadcrumbList\",\"@id\":\"https:\\\/\\\/ciiam.org\\\/en\\\/CIIAM-acoge-un-encuentro-legal-con-una-delegacion-empresarial-chilena\\\/#breadcrumb\",\"itemListElement\":[{\"@type\":\"ListItem\",\"position\":1,\"name\":\"CIAM\",\"item\":\"https:\\\/\\\/ciiam.org\\\/en\\\/\"},{\"@type\":\"ListItem\",\"position\":2,\"name\":\"CIIAM acoge un encuentro legal con una delegaci\u00f3n empresarial chilena\"}]},{\"@type\":\"WebSite\",\"@id\":\"https:\\\/\\\/ciiam.org\\\/en\\\/#website\",\"url\":\"https:\\\/\\\/ciiam.org\\\/en\\\/\",\"name\":\"CIIAM\",\"description\":\"Centro Internacional e Iberoamericano de Arbitraje de Madrid\",\"publisher\":{\"@id\":\"https:\\\/\\\/ciiam.org\\\/en\\\/#organization\"},\"potentialAction\":[{\"@type\":\"SearchAction\",\"target\":{\"@type\":\"EntryPoint\",\"urlTemplate\":\"https:\\\/\\\/ciiam.org\\\/en\\\/?s={search_term_string}\"},\"query-input\":{\"@type\":\"PropertyValueSpecification\",\"valueRequired\":true,\"valueName\":\"search_term_string\"}}],\"inLanguage\":\"en-US\"},{\"@type\":\"Organization\",\"@id\":\"https:\\\/\\\/ciiam.org\\\/en\\\/#organization\",\"name\":\"Centro Internacional e Iberoamericano de Arbitraje de Madrid\",\"alternateName\":\"CIIAM\",\"url\":\"https:\\\/\\\/ciiam.org\\\/en\\\/\",\"logo\":{\"@type\":\"ImageObject\",\"inLanguage\":\"en-US\",\"@id\":\"https:\\\/\\\/ciiam.org\\\/en\\\/#\\\/schema\\\/logo\\\/image\\\/\",\"url\":\"https:\\\/\\\/ciiam.org\\\/wp-content\\\/uploads\\\/2026\\\/01\\\/favicon.png\",\"contentUrl\":\"https:\\\/\\\/ciiam.org\\\/wp-content\\\/uploads\\\/2026\\\/01\\\/favicon.png\",\"width\":500,\"height\":500,\"caption\":\"Centro Internacional e Iberoamericano de Arbitraje de Madrid\"},\"image\":{\"@id\":\"https:\\\/\\\/ciiam.org\\\/en\\\/#\\\/schema\\\/logo\\\/image\\\/\"},\"sameAs\":[\"https:\\\/\\\/www.linkedin.com\\\/company\\\/ciam-centro-internacional-arbitraje-madrid?trk=d_public_post_image\",\"https:\\\/\\\/www.youtube.com\\\/channel\\\/UCU2OI7SAQFv5uXAZ4qO4ALg\"]},{\"@type\":\"Person\",\"@id\":\"https:\\\/\\\/ciiam.org\\\/en\\\/#\\\/schema\\\/person\\\/d11b69fd6be9dfb32edb8758b44c599f\",\"name\":\"P. Moraleda\",\"image\":{\"@type\":\"ImageObject\",\"inLanguage\":\"en-US\",\"@id\":\"https:\\\/\\\/secure.gravatar.com\\\/avatar\\\/fe6c4f5a609355ad487e648d2b4aebf57a2fa1e7508fc4a6bd1d2b5420b286df?s=96&d=mm&r=g\",\"url\":\"https:\\\/\\\/secure.gravatar.com\\\/avatar\\\/fe6c4f5a609355ad487e648d2b4aebf57a2fa1e7508fc4a6bd1d2b5420b286df?s=96&d=mm&r=g\",\"contentUrl\":\"https:\\\/\\\/secure.gravatar.com\\\/avatar\\\/fe6c4f5a609355ad487e648d2b4aebf57a2fa1e7508fc4a6bd1d2b5420b286df?s=96&d=mm&r=g\",\"caption\":\"P. Moraleda\"},\"url\":\"https:\\\/\\\/ciiam.org\\\/en\\\/author\\\/3on1a-0sed-24\\\/\"}]}<\/script>\n<!-- \/ Yoast SEO plugin. -->","yoast_head_json":{"title":"CIIAM acoge un encuentro legal con una delegaci\u00f3n empresarial chilena - CIIAM","robots":{"index":"index","follow":"follow","max-snippet":"max-snippet:-1","max-image-preview":"max-image-preview:large","max-video-preview":"max-video-preview:-1"},"canonical":"https:\/\/ciiam.org\/en\/CIIAM-acoge-un-encuentro-legal-con-una-delegacion-empresarial-chilena\/","og_locale":"en_US","og_type":"article","og_title":"CIIAM acoge un encuentro legal con una delegaci\u00f3n empresarial chilena - CIIAM","og_description":"Esta actividad se inscribe en el marco de la alianza entre CIIAM y el Centro de Arbitraje y Mediaci\u00f3n (CAM Santiago) de la C\u00e1mara de Comercio de Santiago (CCS) para el fortalecimiento del desarrollo del arbitraje internacional El encuentro legal-empresarial forma parte de una intensa agenda institucional y jur\u00eddica, previa al III Encuentro de los [&hellip;]","og_url":"https:\/\/ciiam.org\/en\/CIIAM-acoge-un-encuentro-legal-con-una-delegacion-empresarial-chilena\/","og_site_name":"CIIAM","article_published_time":"2025-05-29T08:37:21+00:00","og_image":[{"width":2319,"height":999,"url":"https:\/\/ciiam.org\/wp-content\/uploads\/2025\/05\/Encuentro-legal-empresarial-Chile-6.jpg","type":"image\/jpeg"}],"author":"P. Moraleda","twitter_card":"summary_large_image","twitter_misc":{"Written by":"P. Moraleda","Est. reading time":"5 minutes"},"schema":{"@context":"https:\/\/schema.org","@graph":[{"@type":"Article","@id":"https:\/\/ciiam.org\/en\/CIIAM-acoge-un-encuentro-legal-con-una-delegacion-empresarial-chilena\/#article","isPartOf":{"@id":"https:\/\/ciiam.org\/en\/CIIAM-acoge-un-encuentro-legal-con-una-delegacion-empresarial-chilena\/"},"author":{"name":"P. Moraleda","@id":"https:\/\/ciiam.org\/en\/#\/schema\/person\/d11b69fd6be9dfb32edb8758b44c599f"},"headline":"CIIAM acoge un encuentro legal con una delegaci\u00f3n empresarial chilena","datePublished":"2025-05-29T08:37:21+00:00","mainEntityOfPage":{"@id":"https:\/\/ciiam.org\/en\/CIIAM-acoge-un-encuentro-legal-con-una-delegacion-empresarial-chilena\/"},"wordCount":1019,"publisher":{"@id":"https:\/\/ciiam.org\/en\/#organization"},"image":{"@id":"https:\/\/ciiam.org\/en\/CIIAM-acoge-un-encuentro-legal-con-una-delegacion-empresarial-chilena\/#primaryimage"},"thumbnailUrl":"https:\/\/ciiam.org\/wp-content\/uploads\/2025\/05\/Encuentro-legal-empresarial-Chile-6.jpg","articleSection":["Actualidad"],"inLanguage":"en-US"},{"@type":"WebPage","@id":"https:\/\/ciiam.org\/en\/CIIAM-acoge-un-encuentro-legal-con-una-delegacion-empresarial-chilena\/","url":"https:\/\/ciiam.org\/en\/CIIAM-acoge-un-encuentro-legal-con-una-delegacion-empresarial-chilena\/","name":"CIIAM acoge un encuentro legal con una delegaci\u00f3n empresarial chilena - CIIAM","isPartOf":{"@id":"https:\/\/ciiam.org\/en\/#website"},"primaryImageOfPage":{"@id":"https:\/\/ciiam.org\/en\/CIIAM-acoge-un-encuentro-legal-con-una-delegacion-empresarial-chilena\/#primaryimage"},"image":{"@id":"https:\/\/ciiam.org\/en\/CIIAM-acoge-un-encuentro-legal-con-una-delegacion-empresarial-chilena\/#primaryimage"},"thumbnailUrl":"https:\/\/ciiam.org\/wp-content\/uploads\/2025\/05\/Encuentro-legal-empresarial-Chile-6.jpg","datePublished":"2025-05-29T08:37:21+00:00","breadcrumb":{"@id":"https:\/\/ciiam.org\/en\/CIIAM-acoge-un-encuentro-legal-con-una-delegacion-empresarial-chilena\/#breadcrumb"},"inLanguage":"en-US","potentialAction":[{"@type":"ReadAction","target":["https:\/\/ciiam.org\/en\/CIIAM-acoge-un-encuentro-legal-con-una-delegacion-empresarial-chilena\/"]}]},{"@type":"ImageObject","inLanguage":"en-US","@id":"https:\/\/ciiam.org\/en\/CIIAM-acoge-un-encuentro-legal-con-una-delegacion-empresarial-chilena\/#primaryimage","url":"https:\/\/ciiam.org\/wp-content\/uploads\/2025\/05\/Encuentro-legal-empresarial-Chile-6.jpg","contentUrl":"https:\/\/ciiam.org\/wp-content\/uploads\/2025\/05\/Encuentro-legal-empresarial-Chile-6.jpg","width":2319,"height":999},{"@type":"BreadcrumbList","@id":"https:\/\/ciiam.org\/en\/CIIAM-acoge-un-encuentro-legal-con-una-delegacion-empresarial-chilena\/#breadcrumb","itemListElement":[{"@type":"ListItem","position":1,"name":"CIAM","item":"https:\/\/ciiam.org\/en\/"},{"@type":"ListItem","position":2,"name":"CIIAM acoge un encuentro legal con una delegaci\u00f3n empresarial chilena"}]},{"@type":"WebSite","@id":"https:\/\/ciiam.org\/en\/#website","url":"https:\/\/ciiam.org\/en\/","name":"CIIAM","description":"Centro Internacional e Iberoamericano de Arbitraje de Madrid","publisher":{"@id":"https:\/\/ciiam.org\/en\/#organization"},"potentialAction":[{"@type":"SearchAction","target":{"@type":"EntryPoint","urlTemplate":"https:\/\/ciiam.org\/en\/?s={search_term_string}"},"query-input":{"@type":"PropertyValueSpecification","valueRequired":true,"valueName":"search_term_string"}}],"inLanguage":"en-US"},{"@type":"Organization","@id":"https:\/\/ciiam.org\/en\/#organization","name":"Centro Internacional e Iberoamericano de Arbitraje de Madrid","alternateName":"CIIAM","url":"https:\/\/ciiam.org\/en\/","logo":{"@type":"ImageObject","inLanguage":"en-US","@id":"https:\/\/ciiam.org\/en\/#\/schema\/logo\/image\/","url":"https:\/\/ciiam.org\/wp-content\/uploads\/2026\/01\/favicon.png","contentUrl":"https:\/\/ciiam.org\/wp-content\/uploads\/2026\/01\/favicon.png","width":500,"height":500,"caption":"Centro Internacional e Iberoamericano de Arbitraje de Madrid"},"image":{"@id":"https:\/\/ciiam.org\/en\/#\/schema\/logo\/image\/"},"sameAs":["https:\/\/www.linkedin.com\/company\/ciam-centro-internacional-arbitraje-madrid?trk=d_public_post_image","https:\/\/www.youtube.com\/channel\/UCU2OI7SAQFv5uXAZ4qO4ALg"]},{"@type":"Person","@id":"https:\/\/ciiam.org\/en\/#\/schema\/person\/d11b69fd6be9dfb32edb8758b44c599f","name":"P. Moraleda","image":{"@type":"ImageObject","inLanguage":"en-US","@id":"https:\/\/secure.gravatar.com\/avatar\/fe6c4f5a609355ad487e648d2b4aebf57a2fa1e7508fc4a6bd1d2b5420b286df?s=96&d=mm&r=g","url":"https:\/\/secure.gravatar.com\/avatar\/fe6c4f5a609355ad487e648d2b4aebf57a2fa1e7508fc4a6bd1d2b5420b286df?s=96&d=mm&r=g","contentUrl":"https:\/\/secure.gravatar.com\/avatar\/fe6c4f5a609355ad487e648d2b4aebf57a2fa1e7508fc4a6bd1d2b5420b286df?s=96&d=mm&r=g","caption":"P. Moraleda"},"url":"https:\/\/ciiam.org\/en\/author\/3on1a-0sed-24\/"}]}},"_links":{"self":[{"href":"https:\/\/ciiam.org\/en\/wp-json\/wp\/v2\/posts\/30936","targetHints":{"allow":["GET"]}}],"collection":[{"href":"https:\/\/ciiam.org\/en\/wp-json\/wp\/v2\/posts"}],"about":[{"href":"https:\/\/ciiam.org\/en\/wp-json\/wp\/v2\/types\/post"}],"author":[{"embeddable":true,"href":"https:\/\/ciiam.org\/en\/wp-json\/wp\/v2\/users\/18"}],"replies":[{"embeddable":true,"href":"https:\/\/ciiam.org\/en\/wp-json\/wp\/v2\/comments?post=30936"}],"version-history":[{"count":2,"href":"https:\/\/ciiam.org\/en\/wp-json\/wp\/v2\/posts\/30936\/revisions"}],"predecessor-version":[{"id":30948,"href":"https:\/\/ciiam.org\/en\/wp-json\/wp\/v2\/posts\/30936\/revisions\/30948"}],"wp:featuredmedia":[{"embeddable":true,"href":"https:\/\/ciiam.org\/en\/wp-json\/wp\/v2\/media\/30945"}],"wp:attachment":[{"href":"https:\/\/ciiam.org\/en\/wp-json\/wp\/v2\/media?parent=30936"}],"wp:term":[{"taxonomy":"category","embeddable":true,"href":"https:\/\/ciiam.org\/en\/wp-json\/wp\/v2\/categories?post=30936"},{"taxonomy":"post_tag","embeddable":true,"href":"https:\/\/ciiam.org\/en\/wp-json\/wp\/v2\/tags?post=30936"}],"curies":[{"name":"wp","href":"https:\/\/api.w.org\/{rel}","templated":true}]}}