{"id":30949,"date":"2025-05-30T12:54:42","date_gmt":"2025-05-30T12:54:42","guid":{"rendered":"https:\/\/ciiam.org\/?p=30949"},"modified":"2026-01-15T19:15:52","modified_gmt":"2026-01-15T19:15:52","slug":"el-arbitraje-internacional-a-debate-en-el-iii-encuentro-de-los-grupos-de-trabajo-de-ciiam","status":"publish","type":"post","link":"https:\/\/ciiam.org\/en\/el-arbitraje-internacional-a-debate-en-el-iii-encuentro-de-los-grupos-de-trabajo-de-ciiam\/","title":{"rendered":"El arbitraje internacional, a debate en el III Encuentro de los Grupos de Trabajo de CIIAM"},"content":{"rendered":"<ul>\n<li>La jornada ha sido inaugurada por Susana Sumelzo, secretaria\u200b\u00a0de Estado para Iberoam\u00e9rica y el Caribe y el Espa\u00f1ol en el Mundo; Daniel Rodr\u00edguez Asensio, viceconsejero de Econom\u00eda y Empleo de la Comunidad de Madrid; Inmaculada S\u00e1nchez-Cervera, coordinadora general de Alcald\u00eda del Ayuntamiento de Madrid; Jos\u00e9 Mar\u00eda Alonso, presidente de CIIAM; Adolfo D\u00edaz-Ambrona, presidente de la Asociaci\u00f3n para el Arbitraje Internacional de Madrid, y Enrique Gil Botero, secretario general de la Conferencia de Ministros de Justicia de los Pa\u00edses Iberoamericanos<\/li>\n<li>Durante el Encuentro se ha presentado la reciente firma del acuerdo entre CIIAM y CAM Santiago, una alianza que supone un avance para el desarrollo del arbitraje internacional<\/li>\n<li>La tercera edici\u00f3n acoge mesas de debate de los distintos Grupos de Trabajo que conforman CIIAM: energ\u00eda, peritos, mar\u00edtimo, corporativo, deporte y entretenimiento, econom\u00eda digital y propiedad intelectual, seguros y reaseguros, construcci\u00f3n e ingenier\u00eda, e inversiones y arbitraje con Estados<\/li>\n<\/ul>\n<p><strong>Madrid, 30\/05\/2025<\/strong>.- M\u00e1s de 200 expertos y profesionales del arbitraje internacional se han dado cita en Madrid en el III Encuentro de los Grupos de Trabajo de CIIAM (Centro Internacional de Arbitraje de Madrid-Centro Iberoamericano de Arbitraje) para analizar las claves del arbitraje desde el punto de vista de los usuarios finales de los m\u00e1s relevantes.<\/p>\n<p><strong>Susana Sumelzo<\/strong>, secretaria\u200b\u00a0de Estado para Iberoam\u00e9rica y el Caribe y el Espa\u00f1ol en el Mundo, ha inaugurado este encuentro y ha reiterado el firme compromiso con la promoci\u00f3n del espa\u00f1ol como lengua de referencia en el arbitraje internacional, subrayando su papel como motor econ\u00f3mico y v\u00ednculo com\u00fan de la comunidad iberoamericana.<\/p>\n<p>En este sentido, ha puesto en valor la alianza reciente de CIIAM y CAM Santiago, y ha destacado su contribuci\u00f3n al fortalecimiento del arbitraje internacional y a la mejora de la calidad de vida de los ciudadanos de la regi\u00f3n.<\/p>\n<p>Por su parte,\u00a0<strong>Daniel Rodr\u00edguez Asensio<\/strong>, viceconsejero de Econom\u00eda y Empleo de la Comunidad de Madrid, ha agradecido a la Corte CIIAM por el \u201cgran impulso a este proyecto que va a reforzar el futuro de la regi\u00f3n\u201d.<\/p>\n<p><strong>Inmaculada S\u00e1nchez-Cervera<\/strong>, coordinadora general de la Alcald\u00eda del Ayuntamiento de Madrid, ha participado en la inauguraci\u00f3n del acto y ha se\u00f1alado que desde el Ayuntamiento de Madrid \u201cconfiamos en que este III Encuentro de los Grupos de Trabajo de CIIAM tendr\u00e1 un resultado muy fruct\u00edfero y ayudar\u00e1 a consolidar la apuesta que llevamos tiempo haciendo desde el Ayuntamiento de Madrid para consolidar a nuestra ciudad como sede para la soluci\u00f3n de conflictos internacionales, en colaboraci\u00f3n siempre con todos los agentes p\u00fablicos y privados que lo hac\u00e9is posible. Desde nuestra ciudad vamos a seguir apoyando e impulsando pol\u00edticas para el desarrollo del arbitraje internacional\u201d.<\/p>\n<p>El presidente de CIIAM, <strong>Jos\u00e9 Mar\u00eda Alonso<\/strong>, ha destacado la flexibilidad del arbitraje, que permite adaptar el procedimiento a la disputa y a las particularidades del sector de actividad. Tambi\u00e9n ha subrayado el papel clave de los Grupos de Trabajo como punto de conexi\u00f3n de\u00a0CIIAM\u00a0con los usuarios finales del arbitraje y comprender las necesidades de los distintos sectores. \u00a0Adem\u00e1s, ha subrayado que \u201cel mundo iberoamericano en el plano jur\u00eddico es signo de excelencia\u201d.<\/p>\n<p><strong>Adolfo D\u00edaz-Ambrona<\/strong>, presidente de la Asociaci\u00f3n para el Arbitraje Internacional, ha repasado los principales hitos, as\u00ed como la evoluci\u00f3n del CIIAM y la reciente incorporaci\u00f3n de CAM Santiago. Ha destacado que \u201csupone un salto cuantitativo y cualitativo\u201d, y ha recalcado que CIIAM ya es una corte de arbitraje de referencia en la comunidad iberoamericana.<\/p>\n<p>Por su parte, <strong>Enrique Gil Botero<\/strong>, secretario general de la Conferencia de Ministros de Justicia de los Pa\u00edses Iberoamericanos, ha indicado que \u201cen un mundo creciente y globalizado, donde las inversiones transcienden fronteras, la seguridad jur\u00eddica se vuelve un pilar fundamental para atraer inversi\u00f3n extranjera\u201d.<\/p>\n<p>Como anfitri\u00f3n del Encuentro, <strong>\u00c1ngel Asensio<\/strong>, presidente de la C\u00e1mara de Comercio de Madrid, ha recordado el camino iniciado hace m\u00e1s de 30 a\u00f1os con la creaci\u00f3n de la Corte de Arbitraje de Madrid y, posteriormente, con la constituci\u00f3n de CIIAM, subrayando que \u201cla uni\u00f3n de esfuerzos permite al Centro hablar con una sola voz en el \u00e1mbito internacional y responder mejor a las necesidades de las empresas\u201d.<\/p>\n<p><strong>Alianza por el arbitraje internacional<\/strong><\/p>\n<p>Tras la inauguraci\u00f3n institucional, se ha presentado la reciente firma del acuerdo entre CIIAM y el Centro de Arbitraje y Mediaci\u00f3n (CAM Santiago) de la C\u00e1mara de Comercio de Santiago (CCS), que supone un avance para el desarrollo del arbitraje internacional.<\/p>\n<p><strong>Javier Velasco<\/strong>, embajador de Chile en Espa\u00f1a<strong>; Mar\u00eda Teresa Vial<\/strong>, presidenta de la C\u00e1mara de Comercio de Santiago;<strong> Mar\u00eda Agnes Salah<\/strong>, presidenta de CAM Santiago, junto con Jos\u00e9 Mar\u00eda Alonso y Adolfo D\u00edaz-Ambrona han coincidido en que esta alianza supone un paso decisivo para el arbitraje internacional, que marca un antes y un despu\u00e9s para ambos centros, para la regi\u00f3n iberoamericana y para el ecosistema del arbitraje comercial internacional.<\/p>\n<p>Asimismo, han subrayado el car\u00e1cter integrador y operativo de este acuerdo, nacido del convencimiento mutuo de que ambas instituciones comparten una misma forma de hacer las cosas y una visi\u00f3n com\u00fan: construir una corte con vocaci\u00f3n internacional y foco en Iberoam\u00e9rica, basada en los valores de transparencia, digitalizaci\u00f3n, diversidad e igualdad y sostenibilidad<\/p>\n<p><strong>Los Grupos de Trabajo de CIIAM<\/strong><\/p>\n<p>Durante los d\u00edas 30 y 31 de mayo, el Palacio de Santo\u00f1a acoge mesas de debate de los distintos Grupos de Trabajo que conforman CIIAM: energ\u00eda, peritos, mar\u00edtimo, corporativo, deporte y entretenimiento, econom\u00eda digital y propiedad intelectual, seguros y reaseguros, construcci\u00f3n e ingenier\u00eda, e inversiones y arbitraje con Estados.<\/p>\n<p>Los Grupos de Trabajo est\u00e1n compuestos por abogados, peritos y \u00e1rbitros de gran prestigio y con experiencia reconocida en el sector de actividad de cada grupo que representan.<\/p>\n<p>El evento cuenta con el patrocinio principal de\u00a0RBB Economics, Banco Santander, Howden y Mart\u00ednez Quintero Mendoza Gonz\u00e1lez Laguado &amp; De la Rosa.\u00a0Adem\u00e1s, patrocinan tambi\u00e9n el encuentro Martins de Lima, Ur\u00eda Men\u00e9ndez, KPMG, Herbert Smith Freehills, Accuracy, Andersen, Cuatrecasas, \u00c1lvarez &amp; Marsal, Torres y Torres Lara Abogados, Garrigues, White &amp; Case, GNCI, Freshfields, HKA, Iberdrola, Broseta, P\u00e9rez-Llorca, Conexig, A&amp;O Shearman, Jones Walker, PDND Abogados y Bird &amp; Bird. El Ayuntamiento de Madrid, el Club Espa\u00f1ol e Iberoamericano del Arbitraje (CEIA), la C\u00e1mara de Comercio de Madrid y el Palacio de Santo\u00f1a, propiedad de la C\u00e1mara Oficial de Comercio, Industria y Servicios de Madrid, participan como colaboradores institucionales.<\/p>\n<p>CIIAM es una instituci\u00f3n fundada por la Corte Espa\u00f1ola de Arbitraje, la Corte de Arbitraje de Madrid y la Corte Civil y Mercantil de Arbitraje, con el Ilustre Colegio de la Abogac\u00eda de Madrid (ICAM) y CIAR, como socios estrat\u00e9gicos.<\/p>\n","protected":false},"excerpt":{"rendered":"<p>La jornada ha sido inaugurada por Susana Sumelzo, secretaria\u200b\u00a0de Estado para Iberoam\u00e9rica y el Caribe y el Espa\u00f1ol en el Mundo; Daniel Rodr\u00edguez Asensio, viceconsejero de Econom\u00eda y Empleo de la Comunidad de Madrid; Inmaculada S\u00e1nchez-Cervera, coordinadora general de Alcald\u00eda del Ayuntamiento de Madrid; Jos\u00e9 Mar\u00eda Alonso, presidente de CIIAM; Adolfo D\u00edaz-Ambrona, presidente de la [&hellip;]<\/p>\n","protected":false},"author":18,"featured_media":34863,"comment_status":"closed","ping_status":"open","sticky":false,"template":"","format":"standard","meta":{"footnotes":""},"categories":[17],"tags":[],"class_list":["post-30949","post","type-post","status-publish","format-standard","has-post-thumbnail","hentry","category-actualidad"],"yoast_head":"<!-- This site is optimized with the Yoast SEO plugin v27.3 - https:\/\/yoast.com\/product\/yoast-seo-wordpress\/ -->\n<title>El arbitraje internacional, a debate en el III Encuentro de los Grupos de Trabajo de CIIAM - CIIAM<\/title>\n<meta name=\"robots\" content=\"index, follow, max-snippet:-1, max-image-preview:large, max-video-preview:-1\" \/>\n<link rel=\"canonical\" href=\"https:\/\/ciiam.org\/en\/el-arbitraje-internacional-a-debate-en-el-iii-encuentro-de-los-grupos-de-trabajo-de-ciiam\/\" \/>\n<meta property=\"og:locale\" content=\"en_US\" \/>\n<meta property=\"og:type\" content=\"article\" \/>\n<meta property=\"og:title\" content=\"El arbitraje internacional, a debate en el III Encuentro de los Grupos de Trabajo de CIIAM - CIIAM\" \/>\n<meta property=\"og:description\" content=\"La jornada ha sido inaugurada por Susana Sumelzo, secretaria\u200b\u00a0de Estado para Iberoam\u00e9rica y el Caribe y el Espa\u00f1ol en el Mundo; Daniel Rodr\u00edguez Asensio, viceconsejero de Econom\u00eda y Empleo de la Comunidad de Madrid; Inmaculada S\u00e1nchez-Cervera, coordinadora general de Alcald\u00eda del Ayuntamiento de Madrid; Jos\u00e9 Mar\u00eda Alonso, presidente de CIIAM; Adolfo D\u00edaz-Ambrona, presidente de la [&hellip;]\" \/>\n<meta property=\"og:url\" content=\"https:\/\/ciiam.org\/en\/el-arbitraje-internacional-a-debate-en-el-iii-encuentro-de-los-grupos-de-trabajo-de-ciiam\/\" \/>\n<meta property=\"og:site_name\" content=\"CIIAM\" \/>\n<meta property=\"article:published_time\" content=\"2025-05-30T12:54:42+00:00\" \/>\n<meta property=\"article:modified_time\" content=\"2026-01-15T19:15:52+00:00\" \/>\n<meta property=\"og:image\" content=\"https:\/\/ciiam.org\/wp-content\/uploads\/2025\/05\/III-Encuentro-Grupos-de-Trabajo-CIAM-CIAR_11-1024x543-1.jpeg\" \/>\n\t<meta property=\"og:image:width\" content=\"1024\" \/>\n\t<meta property=\"og:image:height\" content=\"543\" \/>\n\t<meta property=\"og:image:type\" content=\"image\/jpeg\" \/>\n<meta name=\"author\" content=\"P. Moraleda\" \/>\n<meta name=\"twitter:card\" content=\"summary_large_image\" \/>\n<meta name=\"twitter:label1\" content=\"Written by\" \/>\n\t<meta name=\"twitter:data1\" content=\"P. Moraleda\" \/>\n\t<meta name=\"twitter:label2\" content=\"Est. reading time\" \/>\n\t<meta name=\"twitter:data2\" content=\"6 minutes\" \/>\n<script type=\"application\/ld+json\" class=\"yoast-schema-graph\">{\"@context\":\"https:\\\/\\\/schema.org\",\"@graph\":[{\"@type\":\"Article\",\"@id\":\"https:\\\/\\\/ciiam.org\\\/en\\\/el-arbitraje-internacional-a-debate-en-el-iii-encuentro-de-los-grupos-de-trabajo-de-ciiam\\\/#article\",\"isPartOf\":{\"@id\":\"https:\\\/\\\/ciiam.org\\\/en\\\/el-arbitraje-internacional-a-debate-en-el-iii-encuentro-de-los-grupos-de-trabajo-de-ciiam\\\/\"},\"author\":{\"name\":\"P. Moraleda\",\"@id\":\"https:\\\/\\\/ciiam.org\\\/en\\\/#\\\/schema\\\/person\\\/d11b69fd6be9dfb32edb8758b44c599f\"},\"headline\":\"El arbitraje internacional, a debate en el III Encuentro de los Grupos de Trabajo de CIIAM\",\"datePublished\":\"2025-05-30T12:54:42+00:00\",\"dateModified\":\"2026-01-15T19:15:52+00:00\",\"mainEntityOfPage\":{\"@id\":\"https:\\\/\\\/ciiam.org\\\/en\\\/el-arbitraje-internacional-a-debate-en-el-iii-encuentro-de-los-grupos-de-trabajo-de-ciiam\\\/\"},\"wordCount\":1191,\"publisher\":{\"@id\":\"https:\\\/\\\/ciiam.org\\\/en\\\/#organization\"},\"image\":{\"@id\":\"https:\\\/\\\/ciiam.org\\\/en\\\/el-arbitraje-internacional-a-debate-en-el-iii-encuentro-de-los-grupos-de-trabajo-de-ciiam\\\/#primaryimage\"},\"thumbnailUrl\":\"https:\\\/\\\/ciiam.org\\\/wp-content\\\/uploads\\\/2025\\\/05\\\/III-Encuentro-Grupos-de-Trabajo-CIAM-CIAR_11-1024x543-1.jpeg\",\"articleSection\":[\"Actualidad\"],\"inLanguage\":\"en-US\"},{\"@type\":\"WebPage\",\"@id\":\"https:\\\/\\\/ciiam.org\\\/en\\\/el-arbitraje-internacional-a-debate-en-el-iii-encuentro-de-los-grupos-de-trabajo-de-ciiam\\\/\",\"url\":\"https:\\\/\\\/ciiam.org\\\/en\\\/el-arbitraje-internacional-a-debate-en-el-iii-encuentro-de-los-grupos-de-trabajo-de-ciiam\\\/\",\"name\":\"El arbitraje internacional, a debate en el III Encuentro de los Grupos de Trabajo de CIIAM - CIIAM\",\"isPartOf\":{\"@id\":\"https:\\\/\\\/ciiam.org\\\/en\\\/#website\"},\"primaryImageOfPage\":{\"@id\":\"https:\\\/\\\/ciiam.org\\\/en\\\/el-arbitraje-internacional-a-debate-en-el-iii-encuentro-de-los-grupos-de-trabajo-de-ciiam\\\/#primaryimage\"},\"image\":{\"@id\":\"https:\\\/\\\/ciiam.org\\\/en\\\/el-arbitraje-internacional-a-debate-en-el-iii-encuentro-de-los-grupos-de-trabajo-de-ciiam\\\/#primaryimage\"},\"thumbnailUrl\":\"https:\\\/\\\/ciiam.org\\\/wp-content\\\/uploads\\\/2025\\\/05\\\/III-Encuentro-Grupos-de-Trabajo-CIAM-CIAR_11-1024x543-1.jpeg\",\"datePublished\":\"2025-05-30T12:54:42+00:00\",\"dateModified\":\"2026-01-15T19:15:52+00:00\",\"breadcrumb\":{\"@id\":\"https:\\\/\\\/ciiam.org\\\/en\\\/el-arbitraje-internacional-a-debate-en-el-iii-encuentro-de-los-grupos-de-trabajo-de-ciiam\\\/#breadcrumb\"},\"inLanguage\":\"en-US\",\"potentialAction\":[{\"@type\":\"ReadAction\",\"target\":[\"https:\\\/\\\/ciiam.org\\\/en\\\/el-arbitraje-internacional-a-debate-en-el-iii-encuentro-de-los-grupos-de-trabajo-de-ciiam\\\/\"]}]},{\"@type\":\"ImageObject\",\"inLanguage\":\"en-US\",\"@id\":\"https:\\\/\\\/ciiam.org\\\/en\\\/el-arbitraje-internacional-a-debate-en-el-iii-encuentro-de-los-grupos-de-trabajo-de-ciiam\\\/#primaryimage\",\"url\":\"https:\\\/\\\/ciiam.org\\\/wp-content\\\/uploads\\\/2025\\\/05\\\/III-Encuentro-Grupos-de-Trabajo-CIAM-CIAR_11-1024x543-1.jpeg\",\"contentUrl\":\"https:\\\/\\\/ciiam.org\\\/wp-content\\\/uploads\\\/2025\\\/05\\\/III-Encuentro-Grupos-de-Trabajo-CIAM-CIAR_11-1024x543-1.jpeg\",\"width\":1024,\"height\":543},{\"@type\":\"BreadcrumbList\",\"@id\":\"https:\\\/\\\/ciiam.org\\\/en\\\/el-arbitraje-internacional-a-debate-en-el-iii-encuentro-de-los-grupos-de-trabajo-de-ciiam\\\/#breadcrumb\",\"itemListElement\":[{\"@type\":\"ListItem\",\"position\":1,\"name\":\"CIAM\",\"item\":\"https:\\\/\\\/ciiam.org\\\/en\\\/\"},{\"@type\":\"ListItem\",\"position\":2,\"name\":\"El arbitraje internacional, a debate en el III Encuentro de los Grupos de Trabajo de CIIAM\"}]},{\"@type\":\"WebSite\",\"@id\":\"https:\\\/\\\/ciiam.org\\\/en\\\/#website\",\"url\":\"https:\\\/\\\/ciiam.org\\\/en\\\/\",\"name\":\"CIIAM\",\"description\":\"Centro Internacional e Iberoamericano de Arbitraje de Madrid\",\"publisher\":{\"@id\":\"https:\\\/\\\/ciiam.org\\\/en\\\/#organization\"},\"potentialAction\":[{\"@type\":\"SearchAction\",\"target\":{\"@type\":\"EntryPoint\",\"urlTemplate\":\"https:\\\/\\\/ciiam.org\\\/en\\\/?s={search_term_string}\"},\"query-input\":{\"@type\":\"PropertyValueSpecification\",\"valueRequired\":true,\"valueName\":\"search_term_string\"}}],\"inLanguage\":\"en-US\"},{\"@type\":\"Organization\",\"@id\":\"https:\\\/\\\/ciiam.org\\\/en\\\/#organization\",\"name\":\"Centro Internacional e Iberoamericano de Arbitraje de Madrid\",\"alternateName\":\"CIIAM\",\"url\":\"https:\\\/\\\/ciiam.org\\\/en\\\/\",\"logo\":{\"@type\":\"ImageObject\",\"inLanguage\":\"en-US\",\"@id\":\"https:\\\/\\\/ciiam.org\\\/en\\\/#\\\/schema\\\/logo\\\/image\\\/\",\"url\":\"https:\\\/\\\/ciiam.org\\\/wp-content\\\/uploads\\\/2026\\\/01\\\/favicon.png\",\"contentUrl\":\"https:\\\/\\\/ciiam.org\\\/wp-content\\\/uploads\\\/2026\\\/01\\\/favicon.png\",\"width\":500,\"height\":500,\"caption\":\"Centro Internacional e Iberoamericano de Arbitraje de Madrid\"},\"image\":{\"@id\":\"https:\\\/\\\/ciiam.org\\\/en\\\/#\\\/schema\\\/logo\\\/image\\\/\"},\"sameAs\":[\"https:\\\/\\\/www.linkedin.com\\\/company\\\/ciam-centro-internacional-arbitraje-madrid?trk=d_public_post_image\",\"https:\\\/\\\/www.youtube.com\\\/channel\\\/UCU2OI7SAQFv5uXAZ4qO4ALg\"]},{\"@type\":\"Person\",\"@id\":\"https:\\\/\\\/ciiam.org\\\/en\\\/#\\\/schema\\\/person\\\/d11b69fd6be9dfb32edb8758b44c599f\",\"name\":\"P. Moraleda\",\"image\":{\"@type\":\"ImageObject\",\"inLanguage\":\"en-US\",\"@id\":\"https:\\\/\\\/secure.gravatar.com\\\/avatar\\\/fe6c4f5a609355ad487e648d2b4aebf57a2fa1e7508fc4a6bd1d2b5420b286df?s=96&d=mm&r=g\",\"url\":\"https:\\\/\\\/secure.gravatar.com\\\/avatar\\\/fe6c4f5a609355ad487e648d2b4aebf57a2fa1e7508fc4a6bd1d2b5420b286df?s=96&d=mm&r=g\",\"contentUrl\":\"https:\\\/\\\/secure.gravatar.com\\\/avatar\\\/fe6c4f5a609355ad487e648d2b4aebf57a2fa1e7508fc4a6bd1d2b5420b286df?s=96&d=mm&r=g\",\"caption\":\"P. Moraleda\"},\"url\":\"https:\\\/\\\/ciiam.org\\\/en\\\/author\\\/3on1a-0sed-24\\\/\"}]}<\/script>\n<!-- \/ Yoast SEO plugin. -->","yoast_head_json":{"title":"El arbitraje internacional, a debate en el III Encuentro de los Grupos de Trabajo de CIIAM - CIIAM","robots":{"index":"index","follow":"follow","max-snippet":"max-snippet:-1","max-image-preview":"max-image-preview:large","max-video-preview":"max-video-preview:-1"},"canonical":"https:\/\/ciiam.org\/en\/el-arbitraje-internacional-a-debate-en-el-iii-encuentro-de-los-grupos-de-trabajo-de-ciiam\/","og_locale":"en_US","og_type":"article","og_title":"El arbitraje internacional, a debate en el III Encuentro de los Grupos de Trabajo de CIIAM - CIIAM","og_description":"La jornada ha sido inaugurada por Susana Sumelzo, secretaria\u200b\u00a0de Estado para Iberoam\u00e9rica y el Caribe y el Espa\u00f1ol en el Mundo; Daniel Rodr\u00edguez Asensio, viceconsejero de Econom\u00eda y Empleo de la Comunidad de Madrid; Inmaculada S\u00e1nchez-Cervera, coordinadora general de Alcald\u00eda del Ayuntamiento de Madrid; Jos\u00e9 Mar\u00eda Alonso, presidente de CIIAM; Adolfo D\u00edaz-Ambrona, presidente de la [&hellip;]","og_url":"https:\/\/ciiam.org\/en\/el-arbitraje-internacional-a-debate-en-el-iii-encuentro-de-los-grupos-de-trabajo-de-ciiam\/","og_site_name":"CIIAM","article_published_time":"2025-05-30T12:54:42+00:00","article_modified_time":"2026-01-15T19:15:52+00:00","og_image":[{"width":1024,"height":543,"url":"https:\/\/ciiam.org\/wp-content\/uploads\/2025\/05\/III-Encuentro-Grupos-de-Trabajo-CIAM-CIAR_11-1024x543-1.jpeg","type":"image\/jpeg"}],"author":"P. Moraleda","twitter_card":"summary_large_image","twitter_misc":{"Written by":"P. Moraleda","Est. reading time":"6 minutes"},"schema":{"@context":"https:\/\/schema.org","@graph":[{"@type":"Article","@id":"https:\/\/ciiam.org\/en\/el-arbitraje-internacional-a-debate-en-el-iii-encuentro-de-los-grupos-de-trabajo-de-ciiam\/#article","isPartOf":{"@id":"https:\/\/ciiam.org\/en\/el-arbitraje-internacional-a-debate-en-el-iii-encuentro-de-los-grupos-de-trabajo-de-ciiam\/"},"author":{"name":"P. Moraleda","@id":"https:\/\/ciiam.org\/en\/#\/schema\/person\/d11b69fd6be9dfb32edb8758b44c599f"},"headline":"El arbitraje internacional, a debate en el III Encuentro de los Grupos de Trabajo de CIIAM","datePublished":"2025-05-30T12:54:42+00:00","dateModified":"2026-01-15T19:15:52+00:00","mainEntityOfPage":{"@id":"https:\/\/ciiam.org\/en\/el-arbitraje-internacional-a-debate-en-el-iii-encuentro-de-los-grupos-de-trabajo-de-ciiam\/"},"wordCount":1191,"publisher":{"@id":"https:\/\/ciiam.org\/en\/#organization"},"image":{"@id":"https:\/\/ciiam.org\/en\/el-arbitraje-internacional-a-debate-en-el-iii-encuentro-de-los-grupos-de-trabajo-de-ciiam\/#primaryimage"},"thumbnailUrl":"https:\/\/ciiam.org\/wp-content\/uploads\/2025\/05\/III-Encuentro-Grupos-de-Trabajo-CIAM-CIAR_11-1024x543-1.jpeg","articleSection":["Actualidad"],"inLanguage":"en-US"},{"@type":"WebPage","@id":"https:\/\/ciiam.org\/en\/el-arbitraje-internacional-a-debate-en-el-iii-encuentro-de-los-grupos-de-trabajo-de-ciiam\/","url":"https:\/\/ciiam.org\/en\/el-arbitraje-internacional-a-debate-en-el-iii-encuentro-de-los-grupos-de-trabajo-de-ciiam\/","name":"El arbitraje internacional, a debate en el III Encuentro de los Grupos de Trabajo de CIIAM - CIIAM","isPartOf":{"@id":"https:\/\/ciiam.org\/en\/#website"},"primaryImageOfPage":{"@id":"https:\/\/ciiam.org\/en\/el-arbitraje-internacional-a-debate-en-el-iii-encuentro-de-los-grupos-de-trabajo-de-ciiam\/#primaryimage"},"image":{"@id":"https:\/\/ciiam.org\/en\/el-arbitraje-internacional-a-debate-en-el-iii-encuentro-de-los-grupos-de-trabajo-de-ciiam\/#primaryimage"},"thumbnailUrl":"https:\/\/ciiam.org\/wp-content\/uploads\/2025\/05\/III-Encuentro-Grupos-de-Trabajo-CIAM-CIAR_11-1024x543-1.jpeg","datePublished":"2025-05-30T12:54:42+00:00","dateModified":"2026-01-15T19:15:52+00:00","breadcrumb":{"@id":"https:\/\/ciiam.org\/en\/el-arbitraje-internacional-a-debate-en-el-iii-encuentro-de-los-grupos-de-trabajo-de-ciiam\/#breadcrumb"},"inLanguage":"en-US","potentialAction":[{"@type":"ReadAction","target":["https:\/\/ciiam.org\/en\/el-arbitraje-internacional-a-debate-en-el-iii-encuentro-de-los-grupos-de-trabajo-de-ciiam\/"]}]},{"@type":"ImageObject","inLanguage":"en-US","@id":"https:\/\/ciiam.org\/en\/el-arbitraje-internacional-a-debate-en-el-iii-encuentro-de-los-grupos-de-trabajo-de-ciiam\/#primaryimage","url":"https:\/\/ciiam.org\/wp-content\/uploads\/2025\/05\/III-Encuentro-Grupos-de-Trabajo-CIAM-CIAR_11-1024x543-1.jpeg","contentUrl":"https:\/\/ciiam.org\/wp-content\/uploads\/2025\/05\/III-Encuentro-Grupos-de-Trabajo-CIAM-CIAR_11-1024x543-1.jpeg","width":1024,"height":543},{"@type":"BreadcrumbList","@id":"https:\/\/ciiam.org\/en\/el-arbitraje-internacional-a-debate-en-el-iii-encuentro-de-los-grupos-de-trabajo-de-ciiam\/#breadcrumb","itemListElement":[{"@type":"ListItem","position":1,"name":"CIAM","item":"https:\/\/ciiam.org\/en\/"},{"@type":"ListItem","position":2,"name":"El arbitraje internacional, a debate en el III Encuentro de los Grupos de Trabajo de CIIAM"}]},{"@type":"WebSite","@id":"https:\/\/ciiam.org\/en\/#website","url":"https:\/\/ciiam.org\/en\/","name":"CIIAM","description":"Centro Internacional e Iberoamericano de Arbitraje de Madrid","publisher":{"@id":"https:\/\/ciiam.org\/en\/#organization"},"potentialAction":[{"@type":"SearchAction","target":{"@type":"EntryPoint","urlTemplate":"https:\/\/ciiam.org\/en\/?s={search_term_string}"},"query-input":{"@type":"PropertyValueSpecification","valueRequired":true,"valueName":"search_term_string"}}],"inLanguage":"en-US"},{"@type":"Organization","@id":"https:\/\/ciiam.org\/en\/#organization","name":"Centro Internacional e Iberoamericano de Arbitraje de Madrid","alternateName":"CIIAM","url":"https:\/\/ciiam.org\/en\/","logo":{"@type":"ImageObject","inLanguage":"en-US","@id":"https:\/\/ciiam.org\/en\/#\/schema\/logo\/image\/","url":"https:\/\/ciiam.org\/wp-content\/uploads\/2026\/01\/favicon.png","contentUrl":"https:\/\/ciiam.org\/wp-content\/uploads\/2026\/01\/favicon.png","width":500,"height":500,"caption":"Centro Internacional e Iberoamericano de Arbitraje de Madrid"},"image":{"@id":"https:\/\/ciiam.org\/en\/#\/schema\/logo\/image\/"},"sameAs":["https:\/\/www.linkedin.com\/company\/ciam-centro-internacional-arbitraje-madrid?trk=d_public_post_image","https:\/\/www.youtube.com\/channel\/UCU2OI7SAQFv5uXAZ4qO4ALg"]},{"@type":"Person","@id":"https:\/\/ciiam.org\/en\/#\/schema\/person\/d11b69fd6be9dfb32edb8758b44c599f","name":"P. Moraleda","image":{"@type":"ImageObject","inLanguage":"en-US","@id":"https:\/\/secure.gravatar.com\/avatar\/fe6c4f5a609355ad487e648d2b4aebf57a2fa1e7508fc4a6bd1d2b5420b286df?s=96&d=mm&r=g","url":"https:\/\/secure.gravatar.com\/avatar\/fe6c4f5a609355ad487e648d2b4aebf57a2fa1e7508fc4a6bd1d2b5420b286df?s=96&d=mm&r=g","contentUrl":"https:\/\/secure.gravatar.com\/avatar\/fe6c4f5a609355ad487e648d2b4aebf57a2fa1e7508fc4a6bd1d2b5420b286df?s=96&d=mm&r=g","caption":"P. Moraleda"},"url":"https:\/\/ciiam.org\/en\/author\/3on1a-0sed-24\/"}]}},"_links":{"self":[{"href":"https:\/\/ciiam.org\/en\/wp-json\/wp\/v2\/posts\/30949","targetHints":{"allow":["GET"]}}],"collection":[{"href":"https:\/\/ciiam.org\/en\/wp-json\/wp\/v2\/posts"}],"about":[{"href":"https:\/\/ciiam.org\/en\/wp-json\/wp\/v2\/types\/post"}],"author":[{"embeddable":true,"href":"https:\/\/ciiam.org\/en\/wp-json\/wp\/v2\/users\/18"}],"replies":[{"embeddable":true,"href":"https:\/\/ciiam.org\/en\/wp-json\/wp\/v2\/comments?post=30949"}],"version-history":[{"count":2,"href":"https:\/\/ciiam.org\/en\/wp-json\/wp\/v2\/posts\/30949\/revisions"}],"predecessor-version":[{"id":31098,"href":"https:\/\/ciiam.org\/en\/wp-json\/wp\/v2\/posts\/30949\/revisions\/31098"}],"wp:featuredmedia":[{"embeddable":true,"href":"https:\/\/ciiam.org\/en\/wp-json\/wp\/v2\/media\/34863"}],"wp:attachment":[{"href":"https:\/\/ciiam.org\/en\/wp-json\/wp\/v2\/media?parent=30949"}],"wp:term":[{"taxonomy":"category","embeddable":true,"href":"https:\/\/ciiam.org\/en\/wp-json\/wp\/v2\/categories?post=30949"},{"taxonomy":"post_tag","embeddable":true,"href":"https:\/\/ciiam.org\/en\/wp-json\/wp\/v2\/tags?post=30949"}],"curies":[{"name":"wp","href":"https:\/\/api.w.org\/{rel}","templated":true}]}}