{"id":31123,"date":"2025-06-02T08:12:42","date_gmt":"2025-06-02T08:12:42","guid":{"rendered":"https:\/\/ciiam.org\/?p=31123"},"modified":"2025-06-16T07:25:11","modified_gmt":"2025-06-16T07:25:11","slug":"ceia-presenta-durante-su-congreso-el-xxvii-congreso-internacional-de-arbitraje-comercial-icca","status":"publish","type":"post","link":"https:\/\/ciiam.org\/en\/ceia-presenta-durante-su-congreso-el-xxvii-congreso-internacional-de-arbitraje-comercial-icca\/","title":{"rendered":"CEIA presenta el XXVII Congreso Internacional de Arbitraje Comercial (ICCA)"},"content":{"rendered":"<p>Durante la celebraci\u00f3n del XIX Congreso Internacional del Club Espa\u00f1ol e Iberoamericano del Arbitraje (CEIA), se ha presentado el XXVII Congreso Internacional de Arbitraje Comercial (ICCA), que tendr\u00e1 lugar por primera vez en Espa\u00f1a del 12 al 15 de abril de 2026. Este congreso bienal, organizado por el International Council for Commercial Arbitration (ICCA), est\u00e1 considerado como el encuentro de referencia mundial en el \u00e1mbito del arbitraje internacional, que re\u00fane a m\u00e1s de 1.000 profesionales, abogados, \u00e1rbitros, acad\u00e9micos, representantes institucionales y empresas de m\u00e1s de un centenar de pa\u00edses.<\/p>\n<p>CEIA, junto con el Ayuntamiento de Madrid y la Asociaci\u00f3n para el Arbitraje Internacional de Madrid, formalizaron el pasado mes de abril la organizaci\u00f3n del ICCA 2026, a trav\u00e9s de la suscripci\u00f3n de un convenio firmado por Inmaculada S\u00e1nchez-Cervera, coordinadora general de la Alcald\u00eda de Madrid; Jos\u00e9 Mar\u00eda Alonso, presidente de CIIAM; Adolfo D\u00edaz-Ambrona, presidente de la Asociaci\u00f3n para el Arbitraje Internacional de Madrid, que integra a las cortes fundadoras de CIIAM (Corte Espa\u00f1ola de Arbitraje, Corte de Arbitraje de Madrid, Corte Civil y Mercantil de Arbitraje y ahora tambi\u00e9n el Centro de Arbitraje y Mediaci\u00f3n, CAM Santiago), y Alfonso Iglesia presidente del CEIA.<\/p>\n<p>Para CIIAM, la celebraci\u00f3n de este congreso es una oportunidad hist\u00f3rica para consolidar el posicionamiento de Madrid como una de las grandes capitales del arbitraje internacional. Adem\u00e1s de reforzar su visibilidad jur\u00eddica global, el congreso tendr\u00e1 un importante impacto econ\u00f3mico y tur\u00edstico para la ciudad, al atraer a miles de profesionales y generar actividad para numerosos sectores vinculados al turismo de negocios.<\/p>\n<p>Durante cuatro d\u00edas, Madrid se convertir\u00e1 en el epicentro de ponencias, mesas redondas y debates de alto nivel en los que se abordar\u00e1n los principales retos y tendencias del arbitraje internacional. Adem\u00e1s del programa acad\u00e9mico, los asistentes podr\u00e1n disfrutar de una cuidada agenda social y cultural que pondr\u00e1 en valor la riqueza hist\u00f3rica, cultural y gastron\u00f3mica de la capital.<\/p>\n<p>La celebraci\u00f3n de este congreso internacional supone un nuevo impulso para el arbitraje en Espa\u00f1a y para la proyecci\u00f3n internacional de instituciones como CIIAM, que seguir\u00e1 participando activamente en la preparaci\u00f3n de este importante encuentro global.<\/p>\n","protected":false},"excerpt":{"rendered":"<p>Durante la celebraci\u00f3n del XIX Congreso Internacional del Club Espa\u00f1ol e Iberoamericano del Arbitraje (CEIA), se ha presentado el XXVII Congreso Internacional de Arbitraje Comercial (ICCA), que tendr\u00e1 lugar por primera vez en Espa\u00f1a del 12 al 15 de abril de 2026. Este congreso bienal, organizado por el International Council for Commercial Arbitration (ICCA), est\u00e1 [&hellip;]<\/p>\n","protected":false},"author":18,"featured_media":31124,"comment_status":"closed","ping_status":"open","sticky":false,"template":"","format":"standard","meta":{"footnotes":""},"categories":[17],"tags":[],"class_list":["post-31123","post","type-post","status-publish","format-standard","has-post-thumbnail","hentry","category-actualidad"],"yoast_head":"<!-- This site is optimized with the Yoast SEO plugin v27.3 - https:\/\/yoast.com\/product\/yoast-seo-wordpress\/ -->\n<title>CEIA presenta el XXVII Congreso Internacional de Arbitraje Comercial (ICCA) - CIIAM<\/title>\n<meta name=\"description\" content=\"Durante la celebraci\u00f3n del XIX Congreso Internacional del Club Espa\u00f1ol e Iberoamericano del Arbitraje (CEIA), se ha presentado el XXVII Congreso Internacional de Arbitraje Comercial (ICCA),\" \/>\n<meta name=\"robots\" content=\"index, follow, max-snippet:-1, max-image-preview:large, max-video-preview:-1\" \/>\n<link rel=\"canonical\" href=\"https:\/\/ciiam.org\/en\/ceia-presenta-durante-su-congreso-el-xxvii-congreso-internacional-de-arbitraje-comercial-icca\/\" \/>\n<meta property=\"og:locale\" content=\"en_US\" \/>\n<meta property=\"og:type\" content=\"article\" \/>\n<meta property=\"og:title\" content=\"CEIA presenta el XXVII Congreso Internacional de Arbitraje Comercial (ICCA) - CIIAM\" \/>\n<meta property=\"og:description\" content=\"Durante la celebraci\u00f3n del XIX Congreso Internacional del Club Espa\u00f1ol e Iberoamericano del Arbitraje (CEIA), se ha presentado el XXVII Congreso Internacional de Arbitraje Comercial (ICCA),\" \/>\n<meta property=\"og:url\" content=\"https:\/\/ciiam.org\/en\/ceia-presenta-durante-su-congreso-el-xxvii-congreso-internacional-de-arbitraje-comercial-icca\/\" \/>\n<meta property=\"og:site_name\" content=\"CIIAM\" \/>\n<meta property=\"article:published_time\" content=\"2025-06-02T08:12:42+00:00\" \/>\n<meta property=\"article:modified_time\" content=\"2025-06-16T07:25:11+00:00\" \/>\n<meta property=\"og:image\" content=\"https:\/\/ciiam.org\/wp-content\/uploads\/2025\/06\/ICCA.png\" \/>\n\t<meta property=\"og:image:width\" content=\"547\" \/>\n\t<meta property=\"og:image:height\" content=\"265\" \/>\n\t<meta property=\"og:image:type\" content=\"image\/png\" \/>\n<meta name=\"author\" content=\"P. Moraleda\" \/>\n<meta name=\"twitter:card\" content=\"summary_large_image\" \/>\n<meta name=\"twitter:label1\" content=\"Written by\" \/>\n\t<meta name=\"twitter:data1\" content=\"P. Moraleda\" \/>\n\t<meta name=\"twitter:label2\" content=\"Est. reading time\" \/>\n\t<meta name=\"twitter:data2\" content=\"2 minutes\" \/>\n<script type=\"application\/ld+json\" class=\"yoast-schema-graph\">{\"@context\":\"https:\\\/\\\/schema.org\",\"@graph\":[{\"@type\":\"Article\",\"@id\":\"https:\\\/\\\/ciiam.org\\\/en\\\/ceia-presenta-durante-su-congreso-el-xxvii-congreso-internacional-de-arbitraje-comercial-icca\\\/#article\",\"isPartOf\":{\"@id\":\"https:\\\/\\\/ciiam.org\\\/en\\\/ceia-presenta-durante-su-congreso-el-xxvii-congreso-internacional-de-arbitraje-comercial-icca\\\/\"},\"author\":{\"name\":\"P. Moraleda\",\"@id\":\"https:\\\/\\\/ciiam.org\\\/en\\\/#\\\/schema\\\/person\\\/d11b69fd6be9dfb32edb8758b44c599f\"},\"headline\":\"CEIA presenta el XXVII Congreso Internacional de Arbitraje Comercial (ICCA)\",\"datePublished\":\"2025-06-02T08:12:42+00:00\",\"dateModified\":\"2025-06-16T07:25:11+00:00\",\"mainEntityOfPage\":{\"@id\":\"https:\\\/\\\/ciiam.org\\\/en\\\/ceia-presenta-durante-su-congreso-el-xxvii-congreso-internacional-de-arbitraje-comercial-icca\\\/\"},\"wordCount\":392,\"publisher\":{\"@id\":\"https:\\\/\\\/ciiam.org\\\/en\\\/#organization\"},\"image\":{\"@id\":\"https:\\\/\\\/ciiam.org\\\/en\\\/ceia-presenta-durante-su-congreso-el-xxvii-congreso-internacional-de-arbitraje-comercial-icca\\\/#primaryimage\"},\"thumbnailUrl\":\"https:\\\/\\\/ciiam.org\\\/wp-content\\\/uploads\\\/2025\\\/06\\\/ICCA.png\",\"articleSection\":[\"Actualidad\"],\"inLanguage\":\"en-US\"},{\"@type\":\"WebPage\",\"@id\":\"https:\\\/\\\/ciiam.org\\\/en\\\/ceia-presenta-durante-su-congreso-el-xxvii-congreso-internacional-de-arbitraje-comercial-icca\\\/\",\"url\":\"https:\\\/\\\/ciiam.org\\\/en\\\/ceia-presenta-durante-su-congreso-el-xxvii-congreso-internacional-de-arbitraje-comercial-icca\\\/\",\"name\":\"CEIA presenta el XXVII Congreso Internacional de Arbitraje Comercial (ICCA) - CIIAM\",\"isPartOf\":{\"@id\":\"https:\\\/\\\/ciiam.org\\\/en\\\/#website\"},\"primaryImageOfPage\":{\"@id\":\"https:\\\/\\\/ciiam.org\\\/en\\\/ceia-presenta-durante-su-congreso-el-xxvii-congreso-internacional-de-arbitraje-comercial-icca\\\/#primaryimage\"},\"image\":{\"@id\":\"https:\\\/\\\/ciiam.org\\\/en\\\/ceia-presenta-durante-su-congreso-el-xxvii-congreso-internacional-de-arbitraje-comercial-icca\\\/#primaryimage\"},\"thumbnailUrl\":\"https:\\\/\\\/ciiam.org\\\/wp-content\\\/uploads\\\/2025\\\/06\\\/ICCA.png\",\"datePublished\":\"2025-06-02T08:12:42+00:00\",\"dateModified\":\"2025-06-16T07:25:11+00:00\",\"description\":\"Durante la celebraci\u00f3n del XIX Congreso Internacional del Club Espa\u00f1ol e Iberoamericano del Arbitraje (CEIA), se ha presentado el XXVII Congreso Internacional de Arbitraje Comercial (ICCA),\",\"breadcrumb\":{\"@id\":\"https:\\\/\\\/ciiam.org\\\/en\\\/ceia-presenta-durante-su-congreso-el-xxvii-congreso-internacional-de-arbitraje-comercial-icca\\\/#breadcrumb\"},\"inLanguage\":\"en-US\",\"potentialAction\":[{\"@type\":\"ReadAction\",\"target\":[\"https:\\\/\\\/ciiam.org\\\/en\\\/ceia-presenta-durante-su-congreso-el-xxvii-congreso-internacional-de-arbitraje-comercial-icca\\\/\"]}]},{\"@type\":\"ImageObject\",\"inLanguage\":\"en-US\",\"@id\":\"https:\\\/\\\/ciiam.org\\\/en\\\/ceia-presenta-durante-su-congreso-el-xxvii-congreso-internacional-de-arbitraje-comercial-icca\\\/#primaryimage\",\"url\":\"https:\\\/\\\/ciiam.org\\\/wp-content\\\/uploads\\\/2025\\\/06\\\/ICCA.png\",\"contentUrl\":\"https:\\\/\\\/ciiam.org\\\/wp-content\\\/uploads\\\/2025\\\/06\\\/ICCA.png\",\"width\":547,\"height\":265,\"caption\":\"CEIA\"},{\"@type\":\"BreadcrumbList\",\"@id\":\"https:\\\/\\\/ciiam.org\\\/en\\\/ceia-presenta-durante-su-congreso-el-xxvii-congreso-internacional-de-arbitraje-comercial-icca\\\/#breadcrumb\",\"itemListElement\":[{\"@type\":\"ListItem\",\"position\":1,\"name\":\"CIAM\",\"item\":\"https:\\\/\\\/ciiam.org\\\/en\\\/\"},{\"@type\":\"ListItem\",\"position\":2,\"name\":\"CEIA presenta el XXVII Congreso Internacional de Arbitraje Comercial (ICCA)\"}]},{\"@type\":\"WebSite\",\"@id\":\"https:\\\/\\\/ciiam.org\\\/en\\\/#website\",\"url\":\"https:\\\/\\\/ciiam.org\\\/en\\\/\",\"name\":\"CIIAM\",\"description\":\"Centro Internacional e Iberoamericano de Arbitraje de Madrid\",\"publisher\":{\"@id\":\"https:\\\/\\\/ciiam.org\\\/en\\\/#organization\"},\"potentialAction\":[{\"@type\":\"SearchAction\",\"target\":{\"@type\":\"EntryPoint\",\"urlTemplate\":\"https:\\\/\\\/ciiam.org\\\/en\\\/?s={search_term_string}\"},\"query-input\":{\"@type\":\"PropertyValueSpecification\",\"valueRequired\":true,\"valueName\":\"search_term_string\"}}],\"inLanguage\":\"en-US\"},{\"@type\":\"Organization\",\"@id\":\"https:\\\/\\\/ciiam.org\\\/en\\\/#organization\",\"name\":\"Centro Internacional e Iberoamericano de Arbitraje de Madrid\",\"alternateName\":\"CIIAM\",\"url\":\"https:\\\/\\\/ciiam.org\\\/en\\\/\",\"logo\":{\"@type\":\"ImageObject\",\"inLanguage\":\"en-US\",\"@id\":\"https:\\\/\\\/ciiam.org\\\/en\\\/#\\\/schema\\\/logo\\\/image\\\/\",\"url\":\"https:\\\/\\\/ciiam.org\\\/wp-content\\\/uploads\\\/2026\\\/01\\\/favicon.png\",\"contentUrl\":\"https:\\\/\\\/ciiam.org\\\/wp-content\\\/uploads\\\/2026\\\/01\\\/favicon.png\",\"width\":500,\"height\":500,\"caption\":\"Centro Internacional e Iberoamericano de Arbitraje de Madrid\"},\"image\":{\"@id\":\"https:\\\/\\\/ciiam.org\\\/en\\\/#\\\/schema\\\/logo\\\/image\\\/\"},\"sameAs\":[\"https:\\\/\\\/www.linkedin.com\\\/company\\\/ciam-centro-internacional-arbitraje-madrid?trk=d_public_post_image\",\"https:\\\/\\\/www.youtube.com\\\/channel\\\/UCU2OI7SAQFv5uXAZ4qO4ALg\"]},{\"@type\":\"Person\",\"@id\":\"https:\\\/\\\/ciiam.org\\\/en\\\/#\\\/schema\\\/person\\\/d11b69fd6be9dfb32edb8758b44c599f\",\"name\":\"P. Moraleda\",\"image\":{\"@type\":\"ImageObject\",\"inLanguage\":\"en-US\",\"@id\":\"https:\\\/\\\/secure.gravatar.com\\\/avatar\\\/fe6c4f5a609355ad487e648d2b4aebf57a2fa1e7508fc4a6bd1d2b5420b286df?s=96&d=mm&r=g\",\"url\":\"https:\\\/\\\/secure.gravatar.com\\\/avatar\\\/fe6c4f5a609355ad487e648d2b4aebf57a2fa1e7508fc4a6bd1d2b5420b286df?s=96&d=mm&r=g\",\"contentUrl\":\"https:\\\/\\\/secure.gravatar.com\\\/avatar\\\/fe6c4f5a609355ad487e648d2b4aebf57a2fa1e7508fc4a6bd1d2b5420b286df?s=96&d=mm&r=g\",\"caption\":\"P. Moraleda\"},\"url\":\"https:\\\/\\\/ciiam.org\\\/en\\\/author\\\/3on1a-0sed-24\\\/\"}]}<\/script>\n<!-- \/ Yoast SEO plugin. -->","yoast_head_json":{"title":"CEIA presenta el XXVII Congreso Internacional de Arbitraje Comercial (ICCA) - CIIAM","description":"Durante la celebraci\u00f3n del XIX Congreso Internacional del Club Espa\u00f1ol e Iberoamericano del Arbitraje (CEIA), se ha presentado el XXVII Congreso Internacional de Arbitraje Comercial (ICCA),","robots":{"index":"index","follow":"follow","max-snippet":"max-snippet:-1","max-image-preview":"max-image-preview:large","max-video-preview":"max-video-preview:-1"},"canonical":"https:\/\/ciiam.org\/en\/ceia-presenta-durante-su-congreso-el-xxvii-congreso-internacional-de-arbitraje-comercial-icca\/","og_locale":"en_US","og_type":"article","og_title":"CEIA presenta el XXVII Congreso Internacional de Arbitraje Comercial (ICCA) - CIIAM","og_description":"Durante la celebraci\u00f3n del XIX Congreso Internacional del Club Espa\u00f1ol e Iberoamericano del Arbitraje (CEIA), se ha presentado el XXVII Congreso Internacional de Arbitraje Comercial (ICCA),","og_url":"https:\/\/ciiam.org\/en\/ceia-presenta-durante-su-congreso-el-xxvii-congreso-internacional-de-arbitraje-comercial-icca\/","og_site_name":"CIIAM","article_published_time":"2025-06-02T08:12:42+00:00","article_modified_time":"2025-06-16T07:25:11+00:00","og_image":[{"width":547,"height":265,"url":"https:\/\/ciiam.org\/wp-content\/uploads\/2025\/06\/ICCA.png","type":"image\/png"}],"author":"P. Moraleda","twitter_card":"summary_large_image","twitter_misc":{"Written by":"P. Moraleda","Est. reading time":"2 minutes"},"schema":{"@context":"https:\/\/schema.org","@graph":[{"@type":"Article","@id":"https:\/\/ciiam.org\/en\/ceia-presenta-durante-su-congreso-el-xxvii-congreso-internacional-de-arbitraje-comercial-icca\/#article","isPartOf":{"@id":"https:\/\/ciiam.org\/en\/ceia-presenta-durante-su-congreso-el-xxvii-congreso-internacional-de-arbitraje-comercial-icca\/"},"author":{"name":"P. Moraleda","@id":"https:\/\/ciiam.org\/en\/#\/schema\/person\/d11b69fd6be9dfb32edb8758b44c599f"},"headline":"CEIA presenta el XXVII Congreso Internacional de Arbitraje Comercial (ICCA)","datePublished":"2025-06-02T08:12:42+00:00","dateModified":"2025-06-16T07:25:11+00:00","mainEntityOfPage":{"@id":"https:\/\/ciiam.org\/en\/ceia-presenta-durante-su-congreso-el-xxvii-congreso-internacional-de-arbitraje-comercial-icca\/"},"wordCount":392,"publisher":{"@id":"https:\/\/ciiam.org\/en\/#organization"},"image":{"@id":"https:\/\/ciiam.org\/en\/ceia-presenta-durante-su-congreso-el-xxvii-congreso-internacional-de-arbitraje-comercial-icca\/#primaryimage"},"thumbnailUrl":"https:\/\/ciiam.org\/wp-content\/uploads\/2025\/06\/ICCA.png","articleSection":["Actualidad"],"inLanguage":"en-US"},{"@type":"WebPage","@id":"https:\/\/ciiam.org\/en\/ceia-presenta-durante-su-congreso-el-xxvii-congreso-internacional-de-arbitraje-comercial-icca\/","url":"https:\/\/ciiam.org\/en\/ceia-presenta-durante-su-congreso-el-xxvii-congreso-internacional-de-arbitraje-comercial-icca\/","name":"CEIA presenta el XXVII Congreso Internacional de Arbitraje Comercial (ICCA) - CIIAM","isPartOf":{"@id":"https:\/\/ciiam.org\/en\/#website"},"primaryImageOfPage":{"@id":"https:\/\/ciiam.org\/en\/ceia-presenta-durante-su-congreso-el-xxvii-congreso-internacional-de-arbitraje-comercial-icca\/#primaryimage"},"image":{"@id":"https:\/\/ciiam.org\/en\/ceia-presenta-durante-su-congreso-el-xxvii-congreso-internacional-de-arbitraje-comercial-icca\/#primaryimage"},"thumbnailUrl":"https:\/\/ciiam.org\/wp-content\/uploads\/2025\/06\/ICCA.png","datePublished":"2025-06-02T08:12:42+00:00","dateModified":"2025-06-16T07:25:11+00:00","description":"Durante la celebraci\u00f3n del XIX Congreso Internacional del Club Espa\u00f1ol e Iberoamericano del Arbitraje (CEIA), se ha presentado el XXVII Congreso Internacional de Arbitraje Comercial (ICCA),","breadcrumb":{"@id":"https:\/\/ciiam.org\/en\/ceia-presenta-durante-su-congreso-el-xxvii-congreso-internacional-de-arbitraje-comercial-icca\/#breadcrumb"},"inLanguage":"en-US","potentialAction":[{"@type":"ReadAction","target":["https:\/\/ciiam.org\/en\/ceia-presenta-durante-su-congreso-el-xxvii-congreso-internacional-de-arbitraje-comercial-icca\/"]}]},{"@type":"ImageObject","inLanguage":"en-US","@id":"https:\/\/ciiam.org\/en\/ceia-presenta-durante-su-congreso-el-xxvii-congreso-internacional-de-arbitraje-comercial-icca\/#primaryimage","url":"https:\/\/ciiam.org\/wp-content\/uploads\/2025\/06\/ICCA.png","contentUrl":"https:\/\/ciiam.org\/wp-content\/uploads\/2025\/06\/ICCA.png","width":547,"height":265,"caption":"CEIA"},{"@type":"BreadcrumbList","@id":"https:\/\/ciiam.org\/en\/ceia-presenta-durante-su-congreso-el-xxvii-congreso-internacional-de-arbitraje-comercial-icca\/#breadcrumb","itemListElement":[{"@type":"ListItem","position":1,"name":"CIAM","item":"https:\/\/ciiam.org\/en\/"},{"@type":"ListItem","position":2,"name":"CEIA presenta el XXVII Congreso Internacional de Arbitraje Comercial (ICCA)"}]},{"@type":"WebSite","@id":"https:\/\/ciiam.org\/en\/#website","url":"https:\/\/ciiam.org\/en\/","name":"CIIAM","description":"Centro Internacional e Iberoamericano de Arbitraje de Madrid","publisher":{"@id":"https:\/\/ciiam.org\/en\/#organization"},"potentialAction":[{"@type":"SearchAction","target":{"@type":"EntryPoint","urlTemplate":"https:\/\/ciiam.org\/en\/?s={search_term_string}"},"query-input":{"@type":"PropertyValueSpecification","valueRequired":true,"valueName":"search_term_string"}}],"inLanguage":"en-US"},{"@type":"Organization","@id":"https:\/\/ciiam.org\/en\/#organization","name":"Centro Internacional e Iberoamericano de Arbitraje de Madrid","alternateName":"CIIAM","url":"https:\/\/ciiam.org\/en\/","logo":{"@type":"ImageObject","inLanguage":"en-US","@id":"https:\/\/ciiam.org\/en\/#\/schema\/logo\/image\/","url":"https:\/\/ciiam.org\/wp-content\/uploads\/2026\/01\/favicon.png","contentUrl":"https:\/\/ciiam.org\/wp-content\/uploads\/2026\/01\/favicon.png","width":500,"height":500,"caption":"Centro Internacional e Iberoamericano de Arbitraje de Madrid"},"image":{"@id":"https:\/\/ciiam.org\/en\/#\/schema\/logo\/image\/"},"sameAs":["https:\/\/www.linkedin.com\/company\/ciam-centro-internacional-arbitraje-madrid?trk=d_public_post_image","https:\/\/www.youtube.com\/channel\/UCU2OI7SAQFv5uXAZ4qO4ALg"]},{"@type":"Person","@id":"https:\/\/ciiam.org\/en\/#\/schema\/person\/d11b69fd6be9dfb32edb8758b44c599f","name":"P. Moraleda","image":{"@type":"ImageObject","inLanguage":"en-US","@id":"https:\/\/secure.gravatar.com\/avatar\/fe6c4f5a609355ad487e648d2b4aebf57a2fa1e7508fc4a6bd1d2b5420b286df?s=96&d=mm&r=g","url":"https:\/\/secure.gravatar.com\/avatar\/fe6c4f5a609355ad487e648d2b4aebf57a2fa1e7508fc4a6bd1d2b5420b286df?s=96&d=mm&r=g","contentUrl":"https:\/\/secure.gravatar.com\/avatar\/fe6c4f5a609355ad487e648d2b4aebf57a2fa1e7508fc4a6bd1d2b5420b286df?s=96&d=mm&r=g","caption":"P. Moraleda"},"url":"https:\/\/ciiam.org\/en\/author\/3on1a-0sed-24\/"}]}},"_links":{"self":[{"href":"https:\/\/ciiam.org\/en\/wp-json\/wp\/v2\/posts\/31123","targetHints":{"allow":["GET"]}}],"collection":[{"href":"https:\/\/ciiam.org\/en\/wp-json\/wp\/v2\/posts"}],"about":[{"href":"https:\/\/ciiam.org\/en\/wp-json\/wp\/v2\/types\/post"}],"author":[{"embeddable":true,"href":"https:\/\/ciiam.org\/en\/wp-json\/wp\/v2\/users\/18"}],"replies":[{"embeddable":true,"href":"https:\/\/ciiam.org\/en\/wp-json\/wp\/v2\/comments?post=31123"}],"version-history":[{"count":2,"href":"https:\/\/ciiam.org\/en\/wp-json\/wp\/v2\/posts\/31123\/revisions"}],"predecessor-version":[{"id":31195,"href":"https:\/\/ciiam.org\/en\/wp-json\/wp\/v2\/posts\/31123\/revisions\/31195"}],"wp:featuredmedia":[{"embeddable":true,"href":"https:\/\/ciiam.org\/en\/wp-json\/wp\/v2\/media\/31124"}],"wp:attachment":[{"href":"https:\/\/ciiam.org\/en\/wp-json\/wp\/v2\/media?parent=31123"}],"wp:term":[{"taxonomy":"category","embeddable":true,"href":"https:\/\/ciiam.org\/en\/wp-json\/wp\/v2\/categories?post=31123"},{"taxonomy":"post_tag","embeddable":true,"href":"https:\/\/ciiam.org\/en\/wp-json\/wp\/v2\/tags?post=31123"}],"curies":[{"name":"wp","href":"https:\/\/api.w.org\/{rel}","templated":true}]}}