{"id":31128,"date":"2025-06-13T15:37:53","date_gmt":"2025-06-13T15:37:53","guid":{"rendered":"https:\/\/ciiam.org\/?p=31128"},"modified":"2025-06-13T15:57:45","modified_gmt":"2025-06-13T15:57:45","slug":"taller-internacional-de-mediacion-simc-en-madrid-24-y-25-de-septiembre","status":"publish","type":"post","link":"https:\/\/ciiam.org\/en\/taller-internacional-de-mediacion-simc-en-madrid-24-y-25-de-septiembre\/","title":{"rendered":"Taller Internacional de Mediaci\u00f3n SIMC en Madrid \u2013 24 y 25 de septiembre"},"content":{"rendered":"\t\t<div data-elementor-type=\"wp-post\" data-elementor-id=\"31128\" class=\"elementor elementor-31128\" data-elementor-post-type=\"post\">\n\t\t\t\t<div class=\"elementor-element elementor-element-0753e79 e-flex e-con-boxed e-con e-parent\" data-id=\"0753e79\" data-element_type=\"container\" data-e-type=\"container\" data-settings=\"{&quot;jet_parallax_layout_list&quot;:[]}\">\n\t\t\t\t\t<div class=\"e-con-inner\">\n\t\t\t\t<div class=\"elementor-element elementor-element-c20a3b3 elementor-widget elementor-widget-text-editor\" data-id=\"c20a3b3\" data-element_type=\"widget\" data-e-type=\"widget\" data-widget_type=\"text-editor.default\">\n\t\t\t\t<div class=\"elementor-widget-container\">\n\t\t\t\t\t\t\t\t\t<p>Los pr\u00f3ximos 24 y 25 de septiembre de 2025, se llevar\u00e1 a cabo el curso \u201cSIMC Specialist Mediators\u2019 Workshop\u201d, dirigido a profesionales con experiencia en mediaci\u00f3n. El evento se realizar\u00e1 en Madrid, de 09:00 a 18:00 horas, y ser\u00e1 coorganizado por <strong>Singapore International Mediation Centre<\/strong>, <strong>CIIAM Mediaci\u00f3n<\/strong> y <strong>M\u00e1s Cultura del Acuerdo<\/strong>.<\/p><p>En este workshop, los participantes aprender\u00e1n sobre diferentes enfoques de resoluci\u00f3n de conflictos y desarrollar\u00e1n habilidades clave en mediaci\u00f3n estructurada. El taller incluye ejercicios pr\u00e1cticos, estudios de caso y din\u00e1micas de comunicaci\u00f3n. Al finalizar, ser\u00e1n <strong>acreditados como Mediadores Especialistas del SIMC<\/strong> (Singapore International Mediation Centre).<\/p><p><strong>\u00a1Plazas limitadas!<\/strong> Para m\u00e1s informaci\u00f3n, env\u00eda un correo a <strong><a href=\"mailto:siddharth@simc.com.sg\">siddharth@simc.com.sg<\/a><\/strong><\/p>\t\t\t\t\t\t\t\t<\/div>\n\t\t\t\t<\/div>\n\t\t\t\t\t<\/div>\n\t\t\t\t<\/div>\n\t\t\t\t<section class=\"elementor-section elementor-top-section elementor-element elementor-element-41a830e elementor-section-boxed elementor-section-height-default elementor-section-height-default\" data-id=\"41a830e\" data-element_type=\"section\" data-e-type=\"section\" data-settings=\"{&quot;jet_parallax_layout_list&quot;:[]}\">\n\t\t\t\t\t\t<div class=\"elementor-container elementor-column-gap-default\">\n\t\t\t\t\t<div class=\"elementor-column elementor-col-100 elementor-top-column elementor-element elementor-element-21c888f\" data-id=\"21c888f\" data-element_type=\"column\" data-e-type=\"column\">\n\t\t\t<div class=\"elementor-widget-wrap elementor-element-populated\">\n\t\t\t\t\t\t<div class=\"elementor-element elementor-element-2409700 elementor-widget__width-initial elementor-widget elementor-widget-image\" data-id=\"2409700\" data-element_type=\"widget\" data-e-type=\"widget\" data-settings=\"{&quot;_animation&quot;:&quot;none&quot;}\" data-widget_type=\"image.default\">\n\t\t\t\t<div class=\"elementor-widget-container\">\n\t\t\t\t\t\t\t\t\t\t\t\t<figure class=\"wp-caption\">\n\t\t\t\t\t\t\t\t\t\t\t<a href=\"https:\/\/ciiam.org\/wp-content\/uploads\/2025\/06\/SMW-Spain_24_25-Sept-2025.pdf\" target=\"_blank\" rel=\"nofollow\">\n\t\t\t\t\t\t\t<img fetchpriority=\"high\" decoding=\"async\" width=\"644\" height=\"906\" src=\"https:\/\/ciiam.org\/wp-content\/uploads\/2025\/06\/portada-simc.webp\" class=\"attachment-large size-large wp-image-31140\" alt=\"\" srcset=\"https:\/\/ciiam.org\/wp-content\/uploads\/2025\/06\/portada-simc.webp 644w, https:\/\/ciiam.org\/wp-content\/uploads\/2025\/06\/portada-simc-213x300.webp 213w\" sizes=\"(max-width: 644px) 100vw, 644px\" \/>\t\t\t\t\t\t\t\t<\/a>\n\t\t\t\t\t\t\t\t\t\t\t<figcaption class=\"widget-image-caption wp-caption-text\">Folleto SIMC - Madrid 2025<\/figcaption>\n\t\t\t\t\t\t\t\t\t\t<\/figure>\n\t\t\t\t\t\t\t\t\t<\/div>\n\t\t\t\t<\/div>\n\t\t\t\t\t<\/div>\n\t\t<\/div>\n\t\t\t\t\t<\/div>\n\t\t<\/section>\n\t\t\t\t<\/div>\n\t\t","protected":false},"excerpt":{"rendered":"<p>El SIMC Specialist Mediators\u2019 Workshop se celebrar\u00e1 en Madrid los d\u00edas 24 y 25 de septiembre. Formaci\u00f3n pr\u00e1ctica en mediaci\u00f3n avanzada con acreditaci\u00f3n internacional. Plazas limitadas. <\/p>\n","protected":false},"author":2,"featured_media":27807,"comment_status":"closed","ping_status":"open","sticky":false,"template":"","format":"standard","meta":{"footnotes":""},"categories":[17],"tags":[],"class_list":["post-31128","post","type-post","status-publish","format-standard","has-post-thumbnail","hentry","category-actualidad"],"yoast_head":"<!-- This site is optimized with the Yoast SEO plugin v27.3 - https:\/\/yoast.com\/product\/yoast-seo-wordpress\/ -->\n<title>Taller Internacional de Mediaci\u00f3n SIMC en Madrid \u2013 24 y 25 de septiembre - CIIAM<\/title>\n<meta name=\"description\" content=\"El SIMC Specialist Mediators\u2019 Workshop se celebrar\u00e1 en Madrid los d\u00edas 24 y 25 de septiembre. Formaci\u00f3n pr\u00e1ctica en mediaci\u00f3n avanzada.\" \/>\n<meta name=\"robots\" content=\"index, follow, max-snippet:-1, max-image-preview:large, max-video-preview:-1\" \/>\n<link rel=\"canonical\" href=\"https:\/\/ciiam.org\/en\/taller-internacional-de-mediacion-simc-en-madrid-24-y-25-de-septiembre\/\" \/>\n<meta property=\"og:locale\" content=\"en_US\" \/>\n<meta property=\"og:type\" content=\"article\" \/>\n<meta property=\"og:title\" content=\"Taller Internacional de Mediaci\u00f3n SIMC en Madrid \u2013 24 y 25 de septiembre - CIIAM\" \/>\n<meta property=\"og:description\" content=\"El SIMC Specialist Mediators\u2019 Workshop se celebrar\u00e1 en Madrid los d\u00edas 24 y 25 de septiembre. Formaci\u00f3n pr\u00e1ctica en mediaci\u00f3n avanzada.\" \/>\n<meta property=\"og:url\" content=\"https:\/\/ciiam.org\/en\/taller-internacional-de-mediacion-simc-en-madrid-24-y-25-de-septiembre\/\" \/>\n<meta property=\"og:site_name\" content=\"CIIAM\" \/>\n<meta property=\"article:published_time\" content=\"2025-06-13T15:37:53+00:00\" \/>\n<meta property=\"article:modified_time\" content=\"2025-06-13T15:57:45+00:00\" \/>\n<meta property=\"og:image\" content=\"https:\/\/ciiam.org\/wp-content\/uploads\/2024\/10\/SANTONA1.jpg\" \/>\n\t<meta property=\"og:image:width\" content=\"1200\" \/>\n\t<meta property=\"og:image:height\" content=\"900\" \/>\n\t<meta property=\"og:image:type\" content=\"image\/jpeg\" \/>\n<meta name=\"author\" content=\"Jsc\" \/>\n<meta name=\"twitter:card\" content=\"summary_large_image\" \/>\n<meta name=\"twitter:label1\" content=\"Written by\" \/>\n\t<meta name=\"twitter:data1\" content=\"Jsc\" \/>\n\t<meta name=\"twitter:label2\" content=\"Est. reading time\" \/>\n\t<meta name=\"twitter:data2\" content=\"1 minute\" \/>\n<script type=\"application\/ld+json\" class=\"yoast-schema-graph\">{\"@context\":\"https:\\\/\\\/schema.org\",\"@graph\":[{\"@type\":\"Article\",\"@id\":\"https:\\\/\\\/ciiam.org\\\/en\\\/taller-internacional-de-mediacion-simc-en-madrid-24-y-25-de-septiembre\\\/#article\",\"isPartOf\":{\"@id\":\"https:\\\/\\\/ciiam.org\\\/en\\\/taller-internacional-de-mediacion-simc-en-madrid-24-y-25-de-septiembre\\\/\"},\"author\":{\"name\":\"Jsc\",\"@id\":\"https:\\\/\\\/ciiam.org\\\/en\\\/#\\\/schema\\\/person\\\/9dfa2f0264b8a969355ec533391826e1\"},\"headline\":\"Taller Internacional de Mediaci\u00f3n SIMC en Madrid \u2013 24 y 25 de septiembre\",\"datePublished\":\"2025-06-13T15:37:53+00:00\",\"dateModified\":\"2025-06-13T15:57:45+00:00\",\"mainEntityOfPage\":{\"@id\":\"https:\\\/\\\/ciiam.org\\\/en\\\/taller-internacional-de-mediacion-simc-en-madrid-24-y-25-de-septiembre\\\/\"},\"wordCount\":135,\"publisher\":{\"@id\":\"https:\\\/\\\/ciiam.org\\\/en\\\/#organization\"},\"image\":{\"@id\":\"https:\\\/\\\/ciiam.org\\\/en\\\/taller-internacional-de-mediacion-simc-en-madrid-24-y-25-de-septiembre\\\/#primaryimage\"},\"thumbnailUrl\":\"https:\\\/\\\/ciiam.org\\\/wp-content\\\/uploads\\\/2024\\\/10\\\/SANTONA1.jpg\",\"articleSection\":[\"Actualidad\"],\"inLanguage\":\"en-US\"},{\"@type\":\"WebPage\",\"@id\":\"https:\\\/\\\/ciiam.org\\\/en\\\/taller-internacional-de-mediacion-simc-en-madrid-24-y-25-de-septiembre\\\/\",\"url\":\"https:\\\/\\\/ciiam.org\\\/en\\\/taller-internacional-de-mediacion-simc-en-madrid-24-y-25-de-septiembre\\\/\",\"name\":\"Taller Internacional de Mediaci\u00f3n SIMC en Madrid \u2013 24 y 25 de septiembre - CIIAM\",\"isPartOf\":{\"@id\":\"https:\\\/\\\/ciiam.org\\\/en\\\/#website\"},\"primaryImageOfPage\":{\"@id\":\"https:\\\/\\\/ciiam.org\\\/en\\\/taller-internacional-de-mediacion-simc-en-madrid-24-y-25-de-septiembre\\\/#primaryimage\"},\"image\":{\"@id\":\"https:\\\/\\\/ciiam.org\\\/en\\\/taller-internacional-de-mediacion-simc-en-madrid-24-y-25-de-septiembre\\\/#primaryimage\"},\"thumbnailUrl\":\"https:\\\/\\\/ciiam.org\\\/wp-content\\\/uploads\\\/2024\\\/10\\\/SANTONA1.jpg\",\"datePublished\":\"2025-06-13T15:37:53+00:00\",\"dateModified\":\"2025-06-13T15:57:45+00:00\",\"description\":\"El SIMC Specialist Mediators\u2019 Workshop se celebrar\u00e1 en Madrid los d\u00edas 24 y 25 de septiembre. Formaci\u00f3n pr\u00e1ctica en mediaci\u00f3n avanzada.\",\"breadcrumb\":{\"@id\":\"https:\\\/\\\/ciiam.org\\\/en\\\/taller-internacional-de-mediacion-simc-en-madrid-24-y-25-de-septiembre\\\/#breadcrumb\"},\"inLanguage\":\"en-US\",\"potentialAction\":[{\"@type\":\"ReadAction\",\"target\":[\"https:\\\/\\\/ciiam.org\\\/en\\\/taller-internacional-de-mediacion-simc-en-madrid-24-y-25-de-septiembre\\\/\"]}]},{\"@type\":\"ImageObject\",\"inLanguage\":\"en-US\",\"@id\":\"https:\\\/\\\/ciiam.org\\\/en\\\/taller-internacional-de-mediacion-simc-en-madrid-24-y-25-de-septiembre\\\/#primaryimage\",\"url\":\"https:\\\/\\\/ciiam.org\\\/wp-content\\\/uploads\\\/2024\\\/10\\\/SANTONA1.jpg\",\"contentUrl\":\"https:\\\/\\\/ciiam.org\\\/wp-content\\\/uploads\\\/2024\\\/10\\\/SANTONA1.jpg\",\"width\":1200,\"height\":900},{\"@type\":\"BreadcrumbList\",\"@id\":\"https:\\\/\\\/ciiam.org\\\/en\\\/taller-internacional-de-mediacion-simc-en-madrid-24-y-25-de-septiembre\\\/#breadcrumb\",\"itemListElement\":[{\"@type\":\"ListItem\",\"position\":1,\"name\":\"CIAM\",\"item\":\"https:\\\/\\\/ciiam.org\\\/en\\\/\"},{\"@type\":\"ListItem\",\"position\":2,\"name\":\"Taller Internacional de Mediaci\u00f3n SIMC en Madrid \u2013 24 y 25 de septiembre\"}]},{\"@type\":\"WebSite\",\"@id\":\"https:\\\/\\\/ciiam.org\\\/en\\\/#website\",\"url\":\"https:\\\/\\\/ciiam.org\\\/en\\\/\",\"name\":\"CIIAM\",\"description\":\"Centro Internacional e Iberoamericano de Arbitraje de Madrid\",\"publisher\":{\"@id\":\"https:\\\/\\\/ciiam.org\\\/en\\\/#organization\"},\"potentialAction\":[{\"@type\":\"SearchAction\",\"target\":{\"@type\":\"EntryPoint\",\"urlTemplate\":\"https:\\\/\\\/ciiam.org\\\/en\\\/?s={search_term_string}\"},\"query-input\":{\"@type\":\"PropertyValueSpecification\",\"valueRequired\":true,\"valueName\":\"search_term_string\"}}],\"inLanguage\":\"en-US\"},{\"@type\":\"Organization\",\"@id\":\"https:\\\/\\\/ciiam.org\\\/en\\\/#organization\",\"name\":\"Centro Internacional e Iberoamericano de Arbitraje de Madrid\",\"alternateName\":\"CIIAM\",\"url\":\"https:\\\/\\\/ciiam.org\\\/en\\\/\",\"logo\":{\"@type\":\"ImageObject\",\"inLanguage\":\"en-US\",\"@id\":\"https:\\\/\\\/ciiam.org\\\/en\\\/#\\\/schema\\\/logo\\\/image\\\/\",\"url\":\"https:\\\/\\\/ciiam.org\\\/wp-content\\\/uploads\\\/2026\\\/01\\\/favicon.png\",\"contentUrl\":\"https:\\\/\\\/ciiam.org\\\/wp-content\\\/uploads\\\/2026\\\/01\\\/favicon.png\",\"width\":500,\"height\":500,\"caption\":\"Centro Internacional e Iberoamericano de Arbitraje de Madrid\"},\"image\":{\"@id\":\"https:\\\/\\\/ciiam.org\\\/en\\\/#\\\/schema\\\/logo\\\/image\\\/\"},\"sameAs\":[\"https:\\\/\\\/www.linkedin.com\\\/company\\\/ciam-centro-internacional-arbitraje-madrid?trk=d_public_post_image\",\"https:\\\/\\\/www.youtube.com\\\/channel\\\/UCU2OI7SAQFv5uXAZ4qO4ALg\"]},{\"@type\":\"Person\",\"@id\":\"https:\\\/\\\/ciiam.org\\\/en\\\/#\\\/schema\\\/person\\\/9dfa2f0264b8a969355ec533391826e1\",\"name\":\"Jsc\",\"image\":{\"@type\":\"ImageObject\",\"inLanguage\":\"en-US\",\"@id\":\"https:\\\/\\\/secure.gravatar.com\\\/avatar\\\/331ea6287b9b9ec3922489e3654148cbd7818e978febcf83cc1bc0613347cd16?s=96&d=mm&r=g\",\"url\":\"https:\\\/\\\/secure.gravatar.com\\\/avatar\\\/331ea6287b9b9ec3922489e3654148cbd7818e978febcf83cc1bc0613347cd16?s=96&d=mm&r=g\",\"contentUrl\":\"https:\\\/\\\/secure.gravatar.com\\\/avatar\\\/331ea6287b9b9ec3922489e3654148cbd7818e978febcf83cc1bc0613347cd16?s=96&d=mm&r=g\",\"caption\":\"Jsc\"},\"url\":\"https:\\\/\\\/ciiam.org\\\/en\\\/author\\\/yset2017\\\/\"}]}<\/script>\n<!-- \/ Yoast SEO plugin. -->","yoast_head_json":{"title":"Taller Internacional de Mediaci\u00f3n SIMC en Madrid \u2013 24 y 25 de septiembre - CIIAM","description":"El SIMC Specialist Mediators\u2019 Workshop se celebrar\u00e1 en Madrid los d\u00edas 24 y 25 de septiembre. Formaci\u00f3n pr\u00e1ctica en mediaci\u00f3n avanzada.","robots":{"index":"index","follow":"follow","max-snippet":"max-snippet:-1","max-image-preview":"max-image-preview:large","max-video-preview":"max-video-preview:-1"},"canonical":"https:\/\/ciiam.org\/en\/taller-internacional-de-mediacion-simc-en-madrid-24-y-25-de-septiembre\/","og_locale":"en_US","og_type":"article","og_title":"Taller Internacional de Mediaci\u00f3n SIMC en Madrid \u2013 24 y 25 de septiembre - CIIAM","og_description":"El SIMC Specialist Mediators\u2019 Workshop se celebrar\u00e1 en Madrid los d\u00edas 24 y 25 de septiembre. Formaci\u00f3n pr\u00e1ctica en mediaci\u00f3n avanzada.","og_url":"https:\/\/ciiam.org\/en\/taller-internacional-de-mediacion-simc-en-madrid-24-y-25-de-septiembre\/","og_site_name":"CIIAM","article_published_time":"2025-06-13T15:37:53+00:00","article_modified_time":"2025-06-13T15:57:45+00:00","og_image":[{"width":1200,"height":900,"url":"https:\/\/ciiam.org\/wp-content\/uploads\/2024\/10\/SANTONA1.jpg","type":"image\/jpeg"}],"author":"Jsc","twitter_card":"summary_large_image","twitter_misc":{"Written by":"Jsc","Est. reading time":"1 minute"},"schema":{"@context":"https:\/\/schema.org","@graph":[{"@type":"Article","@id":"https:\/\/ciiam.org\/en\/taller-internacional-de-mediacion-simc-en-madrid-24-y-25-de-septiembre\/#article","isPartOf":{"@id":"https:\/\/ciiam.org\/en\/taller-internacional-de-mediacion-simc-en-madrid-24-y-25-de-septiembre\/"},"author":{"name":"Jsc","@id":"https:\/\/ciiam.org\/en\/#\/schema\/person\/9dfa2f0264b8a969355ec533391826e1"},"headline":"Taller Internacional de Mediaci\u00f3n SIMC en Madrid \u2013 24 y 25 de septiembre","datePublished":"2025-06-13T15:37:53+00:00","dateModified":"2025-06-13T15:57:45+00:00","mainEntityOfPage":{"@id":"https:\/\/ciiam.org\/en\/taller-internacional-de-mediacion-simc-en-madrid-24-y-25-de-septiembre\/"},"wordCount":135,"publisher":{"@id":"https:\/\/ciiam.org\/en\/#organization"},"image":{"@id":"https:\/\/ciiam.org\/en\/taller-internacional-de-mediacion-simc-en-madrid-24-y-25-de-septiembre\/#primaryimage"},"thumbnailUrl":"https:\/\/ciiam.org\/wp-content\/uploads\/2024\/10\/SANTONA1.jpg","articleSection":["Actualidad"],"inLanguage":"en-US"},{"@type":"WebPage","@id":"https:\/\/ciiam.org\/en\/taller-internacional-de-mediacion-simc-en-madrid-24-y-25-de-septiembre\/","url":"https:\/\/ciiam.org\/en\/taller-internacional-de-mediacion-simc-en-madrid-24-y-25-de-septiembre\/","name":"Taller Internacional de Mediaci\u00f3n SIMC en Madrid \u2013 24 y 25 de septiembre - CIIAM","isPartOf":{"@id":"https:\/\/ciiam.org\/en\/#website"},"primaryImageOfPage":{"@id":"https:\/\/ciiam.org\/en\/taller-internacional-de-mediacion-simc-en-madrid-24-y-25-de-septiembre\/#primaryimage"},"image":{"@id":"https:\/\/ciiam.org\/en\/taller-internacional-de-mediacion-simc-en-madrid-24-y-25-de-septiembre\/#primaryimage"},"thumbnailUrl":"https:\/\/ciiam.org\/wp-content\/uploads\/2024\/10\/SANTONA1.jpg","datePublished":"2025-06-13T15:37:53+00:00","dateModified":"2025-06-13T15:57:45+00:00","description":"El SIMC Specialist Mediators\u2019 Workshop se celebrar\u00e1 en Madrid los d\u00edas 24 y 25 de septiembre. Formaci\u00f3n pr\u00e1ctica en mediaci\u00f3n avanzada.","breadcrumb":{"@id":"https:\/\/ciiam.org\/en\/taller-internacional-de-mediacion-simc-en-madrid-24-y-25-de-septiembre\/#breadcrumb"},"inLanguage":"en-US","potentialAction":[{"@type":"ReadAction","target":["https:\/\/ciiam.org\/en\/taller-internacional-de-mediacion-simc-en-madrid-24-y-25-de-septiembre\/"]}]},{"@type":"ImageObject","inLanguage":"en-US","@id":"https:\/\/ciiam.org\/en\/taller-internacional-de-mediacion-simc-en-madrid-24-y-25-de-septiembre\/#primaryimage","url":"https:\/\/ciiam.org\/wp-content\/uploads\/2024\/10\/SANTONA1.jpg","contentUrl":"https:\/\/ciiam.org\/wp-content\/uploads\/2024\/10\/SANTONA1.jpg","width":1200,"height":900},{"@type":"BreadcrumbList","@id":"https:\/\/ciiam.org\/en\/taller-internacional-de-mediacion-simc-en-madrid-24-y-25-de-septiembre\/#breadcrumb","itemListElement":[{"@type":"ListItem","position":1,"name":"CIAM","item":"https:\/\/ciiam.org\/en\/"},{"@type":"ListItem","position":2,"name":"Taller Internacional de Mediaci\u00f3n SIMC en Madrid \u2013 24 y 25 de septiembre"}]},{"@type":"WebSite","@id":"https:\/\/ciiam.org\/en\/#website","url":"https:\/\/ciiam.org\/en\/","name":"CIIAM","description":"Centro Internacional e Iberoamericano de Arbitraje de Madrid","publisher":{"@id":"https:\/\/ciiam.org\/en\/#organization"},"potentialAction":[{"@type":"SearchAction","target":{"@type":"EntryPoint","urlTemplate":"https:\/\/ciiam.org\/en\/?s={search_term_string}"},"query-input":{"@type":"PropertyValueSpecification","valueRequired":true,"valueName":"search_term_string"}}],"inLanguage":"en-US"},{"@type":"Organization","@id":"https:\/\/ciiam.org\/en\/#organization","name":"Centro Internacional e Iberoamericano de Arbitraje de Madrid","alternateName":"CIIAM","url":"https:\/\/ciiam.org\/en\/","logo":{"@type":"ImageObject","inLanguage":"en-US","@id":"https:\/\/ciiam.org\/en\/#\/schema\/logo\/image\/","url":"https:\/\/ciiam.org\/wp-content\/uploads\/2026\/01\/favicon.png","contentUrl":"https:\/\/ciiam.org\/wp-content\/uploads\/2026\/01\/favicon.png","width":500,"height":500,"caption":"Centro Internacional e Iberoamericano de Arbitraje de Madrid"},"image":{"@id":"https:\/\/ciiam.org\/en\/#\/schema\/logo\/image\/"},"sameAs":["https:\/\/www.linkedin.com\/company\/ciam-centro-internacional-arbitraje-madrid?trk=d_public_post_image","https:\/\/www.youtube.com\/channel\/UCU2OI7SAQFv5uXAZ4qO4ALg"]},{"@type":"Person","@id":"https:\/\/ciiam.org\/en\/#\/schema\/person\/9dfa2f0264b8a969355ec533391826e1","name":"Jsc","image":{"@type":"ImageObject","inLanguage":"en-US","@id":"https:\/\/secure.gravatar.com\/avatar\/331ea6287b9b9ec3922489e3654148cbd7818e978febcf83cc1bc0613347cd16?s=96&d=mm&r=g","url":"https:\/\/secure.gravatar.com\/avatar\/331ea6287b9b9ec3922489e3654148cbd7818e978febcf83cc1bc0613347cd16?s=96&d=mm&r=g","contentUrl":"https:\/\/secure.gravatar.com\/avatar\/331ea6287b9b9ec3922489e3654148cbd7818e978febcf83cc1bc0613347cd16?s=96&d=mm&r=g","caption":"Jsc"},"url":"https:\/\/ciiam.org\/en\/author\/yset2017\/"}]}},"_links":{"self":[{"href":"https:\/\/ciiam.org\/en\/wp-json\/wp\/v2\/posts\/31128","targetHints":{"allow":["GET"]}}],"collection":[{"href":"https:\/\/ciiam.org\/en\/wp-json\/wp\/v2\/posts"}],"about":[{"href":"https:\/\/ciiam.org\/en\/wp-json\/wp\/v2\/types\/post"}],"author":[{"embeddable":true,"href":"https:\/\/ciiam.org\/en\/wp-json\/wp\/v2\/users\/2"}],"replies":[{"embeddable":true,"href":"https:\/\/ciiam.org\/en\/wp-json\/wp\/v2\/comments?post=31128"}],"version-history":[{"count":47,"href":"https:\/\/ciiam.org\/en\/wp-json\/wp\/v2\/posts\/31128\/revisions"}],"predecessor-version":[{"id":31194,"href":"https:\/\/ciiam.org\/en\/wp-json\/wp\/v2\/posts\/31128\/revisions\/31194"}],"wp:featuredmedia":[{"embeddable":true,"href":"https:\/\/ciiam.org\/en\/wp-json\/wp\/v2\/media\/27807"}],"wp:attachment":[{"href":"https:\/\/ciiam.org\/en\/wp-json\/wp\/v2\/media?parent=31128"}],"wp:term":[{"taxonomy":"category","embeddable":true,"href":"https:\/\/ciiam.org\/en\/wp-json\/wp\/v2\/categories?post=31128"},{"taxonomy":"post_tag","embeddable":true,"href":"https:\/\/ciiam.org\/en\/wp-json\/wp\/v2\/tags?post=31128"}],"curies":[{"name":"wp","href":"https:\/\/api.w.org\/{rel}","templated":true}]}}