{"id":31772,"date":"2025-06-18T07:50:44","date_gmt":"2025-06-18T07:50:44","guid":{"rendered":"https:\/\/ciiam.org\/?p=31772"},"modified":"2025-06-30T07:56:16","modified_gmt":"2025-06-30T07:56:16","slug":"profesionales-alemanes-y-espanoles-comparan-estilos-arbitrales","status":"publish","type":"post","link":"https:\/\/ciiam.org\/en\/profesionales-alemanes-y-espanoles-comparan-estilos-arbitrales\/","title":{"rendered":"Profesionales alemanes y espa\u00f1oles comparan estilos arbitrales en un evento organizado por CIAM CIAR, DIS y CEIA"},"content":{"rendered":"<p>Madrid ha acogido el evento <em>\u201cArbitrators\u2019 Ways of Work &#8211; How German and Spanish Arbitrators Decide Their Cases\u201d<\/em>, organizado por el Centro Internacional e Iberoamericano de Arbitraje de Madrid (CIIAM), Deutsche Institution f\u00fcr Schiedsgerichtsbarkeit e.V. (DIS) \u2013 German Arbitration Institute, y el Club Espa\u00f1ol e Iberoamericano del Arbitraje (CEIA).<\/p>\n<p>El encuentro ha tenido como objetivo comparar los m\u00e9todos de trabajo de los \u00e1rbitros alemanes y espa\u00f1oles, fomentando el intercambio de experiencias y buenas pr\u00e1cticas entre profesionales de ambos pa\u00edses. El programa ha incluido ponencias sobre la pr\u00e1ctica alemana en procedimientos civiles, los enfoques de trabajo m\u00e1s habituales en Alemania y Espa\u00f1a, y una mesa de debate final centrada en similitudes, diferencias y retos comunes.<\/p>\n<p>Un nutrido grupo de profesionales han participado en esta sesi\u00f3n para compartir sus experiencias y visiones sobre la evoluci\u00f3n de la pr\u00e1ctica arbitral en sus respectivos contextos geogr\u00e1ficos. Entre ellos, la secretaria general de CIIAM, Marta Lalaguna, y los abogados y expertos en arbitraje Josef Fr\u00f6hlingsdorf, Sonia Gumpert, Sebastian Seelmann-Eggebert, Axel Reeg, Luis Capiel, Jes\u00fas P\u00e9rez de la Cruz O\u00f1a, Erik Sch\u00e4fer, Heidi L\u00f3pez Castro, Konstantin Tsch\u00f6pe y Deva Villan\u00faa.<\/p>\n<p>La jornada ha contribuido a reforzar el di\u00e1logo internacional en el \u00e1mbito del arbitraje, promoviendo una mayor comprensi\u00f3n entre culturas jur\u00eddicas distintas y favoreciendo la cooperaci\u00f3n entre instituciones y profesionales de referencia.<\/p>\n","protected":false},"excerpt":{"rendered":"<p>Madrid ha acogido el evento \u201cArbitrators\u2019 Ways of Work &#8211; How German and Spanish Arbitrators Decide Their Cases\u201d, organizado por el Centro Internacional e Iberoamericano de Arbitraje de Madrid (CIIAM), Deutsche Institution f\u00fcr Schiedsgerichtsbarkeit e.V. (DIS) \u2013 German Arbitration Institute, y el Club Espa\u00f1ol e Iberoamericano del Arbitraje (CEIA). El encuentro ha tenido como objetivo [&hellip;]<\/p>\n","protected":false},"author":18,"featured_media":31775,"comment_status":"closed","ping_status":"open","sticky":false,"template":"","format":"standard","meta":{"footnotes":""},"categories":[17],"tags":[],"class_list":["post-31772","post","type-post","status-publish","format-standard","has-post-thumbnail","hentry","category-actualidad"],"yoast_head":"<!-- This site is optimized with the Yoast SEO plugin v27.3 - https:\/\/yoast.com\/product\/yoast-seo-wordpress\/ -->\n<title>Profesionales alemanes y espa\u00f1oles comparan estilos arbitrales en un evento organizado por CIAM CIAR, DIS y CEIA -<\/title>\n<meta name=\"description\" content=\"Madrid ha acogido el evento Arbitrators\u2019 Ways of Work, organizado por CIIAM, DIS y CEIA.\" \/>\n<meta name=\"robots\" content=\"index, follow, max-snippet:-1, max-image-preview:large, max-video-preview:-1\" \/>\n<link rel=\"canonical\" href=\"https:\/\/ciiam.org\/en\/profesionales-alemanes-y-espanoles-comparan-estilos-arbitrales\/\" \/>\n<meta property=\"og:locale\" content=\"en_US\" \/>\n<meta property=\"og:type\" content=\"article\" \/>\n<meta property=\"og:title\" content=\"Profesionales alemanes y espa\u00f1oles comparan estilos arbitrales en un evento organizado por CIAM CIAR, DIS y CEIA -\" \/>\n<meta property=\"og:description\" content=\"Madrid ha acogido el evento Arbitrators\u2019 Ways of Work, organizado por CIIAM, DIS y CEIA.\" \/>\n<meta property=\"og:url\" content=\"https:\/\/ciiam.org\/en\/profesionales-alemanes-y-espanoles-comparan-estilos-arbitrales\/\" \/>\n<meta property=\"og:site_name\" content=\"CIIAM\" \/>\n<meta property=\"article:published_time\" content=\"2025-06-18T07:50:44+00:00\" \/>\n<meta property=\"article:modified_time\" content=\"2025-06-30T07:56:16+00:00\" \/>\n<meta property=\"og:image\" content=\"https:\/\/ciiam.org\/wp-content\/uploads\/2025\/06\/1750259414341-1.jpg\" \/>\n\t<meta property=\"og:image:width\" content=\"1955\" \/>\n\t<meta property=\"og:image:height\" content=\"1144\" \/>\n\t<meta property=\"og:image:type\" content=\"image\/jpeg\" \/>\n<meta name=\"author\" content=\"P. Moraleda\" \/>\n<meta name=\"twitter:card\" content=\"summary_large_image\" \/>\n<meta name=\"twitter:label1\" content=\"Written by\" \/>\n\t<meta name=\"twitter:data1\" content=\"P. Moraleda\" \/>\n\t<meta name=\"twitter:label2\" content=\"Est. reading time\" \/>\n\t<meta name=\"twitter:data2\" content=\"2 minutes\" \/>\n<script type=\"application\/ld+json\" class=\"yoast-schema-graph\">{\"@context\":\"https:\\\/\\\/schema.org\",\"@graph\":[{\"@type\":\"Article\",\"@id\":\"https:\\\/\\\/ciiam.org\\\/en\\\/profesionales-alemanes-y-espanoles-comparan-estilos-arbitrales\\\/#article\",\"isPartOf\":{\"@id\":\"https:\\\/\\\/ciiam.org\\\/en\\\/profesionales-alemanes-y-espanoles-comparan-estilos-arbitrales\\\/\"},\"author\":{\"name\":\"P. Moraleda\",\"@id\":\"https:\\\/\\\/ciiam.org\\\/en\\\/#\\\/schema\\\/person\\\/d11b69fd6be9dfb32edb8758b44c599f\"},\"headline\":\"Profesionales alemanes y espa\u00f1oles comparan estilos arbitrales en un evento organizado por CIAM CIAR, DIS y CEIA\",\"datePublished\":\"2025-06-18T07:50:44+00:00\",\"dateModified\":\"2025-06-30T07:56:16+00:00\",\"mainEntityOfPage\":{\"@id\":\"https:\\\/\\\/ciiam.org\\\/en\\\/profesionales-alemanes-y-espanoles-comparan-estilos-arbitrales\\\/\"},\"wordCount\":259,\"publisher\":{\"@id\":\"https:\\\/\\\/ciiam.org\\\/en\\\/#organization\"},\"image\":{\"@id\":\"https:\\\/\\\/ciiam.org\\\/en\\\/profesionales-alemanes-y-espanoles-comparan-estilos-arbitrales\\\/#primaryimage\"},\"thumbnailUrl\":\"https:\\\/\\\/ciiam.org\\\/wp-content\\\/uploads\\\/2025\\\/06\\\/1750259414341-1.jpg\",\"articleSection\":[\"Actualidad\"],\"inLanguage\":\"en-US\"},{\"@type\":\"WebPage\",\"@id\":\"https:\\\/\\\/ciiam.org\\\/en\\\/profesionales-alemanes-y-espanoles-comparan-estilos-arbitrales\\\/\",\"url\":\"https:\\\/\\\/ciiam.org\\\/en\\\/profesionales-alemanes-y-espanoles-comparan-estilos-arbitrales\\\/\",\"name\":\"Profesionales alemanes y espa\u00f1oles comparan estilos arbitrales en un evento organizado por CIAM CIAR, DIS y CEIA -\",\"isPartOf\":{\"@id\":\"https:\\\/\\\/ciiam.org\\\/en\\\/#website\"},\"primaryImageOfPage\":{\"@id\":\"https:\\\/\\\/ciiam.org\\\/en\\\/profesionales-alemanes-y-espanoles-comparan-estilos-arbitrales\\\/#primaryimage\"},\"image\":{\"@id\":\"https:\\\/\\\/ciiam.org\\\/en\\\/profesionales-alemanes-y-espanoles-comparan-estilos-arbitrales\\\/#primaryimage\"},\"thumbnailUrl\":\"https:\\\/\\\/ciiam.org\\\/wp-content\\\/uploads\\\/2025\\\/06\\\/1750259414341-1.jpg\",\"datePublished\":\"2025-06-18T07:50:44+00:00\",\"dateModified\":\"2025-06-30T07:56:16+00:00\",\"description\":\"Madrid ha acogido el evento Arbitrators\u2019 Ways of Work, organizado por CIIAM, DIS y CEIA.\",\"breadcrumb\":{\"@id\":\"https:\\\/\\\/ciiam.org\\\/en\\\/profesionales-alemanes-y-espanoles-comparan-estilos-arbitrales\\\/#breadcrumb\"},\"inLanguage\":\"en-US\",\"potentialAction\":[{\"@type\":\"ReadAction\",\"target\":[\"https:\\\/\\\/ciiam.org\\\/en\\\/profesionales-alemanes-y-espanoles-comparan-estilos-arbitrales\\\/\"]}]},{\"@type\":\"ImageObject\",\"inLanguage\":\"en-US\",\"@id\":\"https:\\\/\\\/ciiam.org\\\/en\\\/profesionales-alemanes-y-espanoles-comparan-estilos-arbitrales\\\/#primaryimage\",\"url\":\"https:\\\/\\\/ciiam.org\\\/wp-content\\\/uploads\\\/2025\\\/06\\\/1750259414341-1.jpg\",\"contentUrl\":\"https:\\\/\\\/ciiam.org\\\/wp-content\\\/uploads\\\/2025\\\/06\\\/1750259414341-1.jpg\",\"width\":1955,\"height\":1144,\"caption\":\"DIS\"},{\"@type\":\"BreadcrumbList\",\"@id\":\"https:\\\/\\\/ciiam.org\\\/en\\\/profesionales-alemanes-y-espanoles-comparan-estilos-arbitrales\\\/#breadcrumb\",\"itemListElement\":[{\"@type\":\"ListItem\",\"position\":1,\"name\":\"CIAM\",\"item\":\"https:\\\/\\\/ciiam.org\\\/en\\\/\"},{\"@type\":\"ListItem\",\"position\":2,\"name\":\"Profesionales alemanes y espa\u00f1oles comparan estilos arbitrales en un evento organizado por CIAM CIAR, DIS y CEIA\"}]},{\"@type\":\"WebSite\",\"@id\":\"https:\\\/\\\/ciiam.org\\\/en\\\/#website\",\"url\":\"https:\\\/\\\/ciiam.org\\\/en\\\/\",\"name\":\"CIIAM\",\"description\":\"Centro Internacional e Iberoamericano de Arbitraje de Madrid\",\"publisher\":{\"@id\":\"https:\\\/\\\/ciiam.org\\\/en\\\/#organization\"},\"potentialAction\":[{\"@type\":\"SearchAction\",\"target\":{\"@type\":\"EntryPoint\",\"urlTemplate\":\"https:\\\/\\\/ciiam.org\\\/en\\\/?s={search_term_string}\"},\"query-input\":{\"@type\":\"PropertyValueSpecification\",\"valueRequired\":true,\"valueName\":\"search_term_string\"}}],\"inLanguage\":\"en-US\"},{\"@type\":\"Organization\",\"@id\":\"https:\\\/\\\/ciiam.org\\\/en\\\/#organization\",\"name\":\"Centro Internacional e Iberoamericano de Arbitraje de Madrid\",\"alternateName\":\"CIIAM\",\"url\":\"https:\\\/\\\/ciiam.org\\\/en\\\/\",\"logo\":{\"@type\":\"ImageObject\",\"inLanguage\":\"en-US\",\"@id\":\"https:\\\/\\\/ciiam.org\\\/en\\\/#\\\/schema\\\/logo\\\/image\\\/\",\"url\":\"https:\\\/\\\/ciiam.org\\\/wp-content\\\/uploads\\\/2026\\\/01\\\/favicon.png\",\"contentUrl\":\"https:\\\/\\\/ciiam.org\\\/wp-content\\\/uploads\\\/2026\\\/01\\\/favicon.png\",\"width\":500,\"height\":500,\"caption\":\"Centro Internacional e Iberoamericano de Arbitraje de Madrid\"},\"image\":{\"@id\":\"https:\\\/\\\/ciiam.org\\\/en\\\/#\\\/schema\\\/logo\\\/image\\\/\"},\"sameAs\":[\"https:\\\/\\\/www.linkedin.com\\\/company\\\/ciam-centro-internacional-arbitraje-madrid?trk=d_public_post_image\",\"https:\\\/\\\/www.youtube.com\\\/channel\\\/UCU2OI7SAQFv5uXAZ4qO4ALg\"]},{\"@type\":\"Person\",\"@id\":\"https:\\\/\\\/ciiam.org\\\/en\\\/#\\\/schema\\\/person\\\/d11b69fd6be9dfb32edb8758b44c599f\",\"name\":\"P. Moraleda\",\"image\":{\"@type\":\"ImageObject\",\"inLanguage\":\"en-US\",\"@id\":\"https:\\\/\\\/secure.gravatar.com\\\/avatar\\\/fe6c4f5a609355ad487e648d2b4aebf57a2fa1e7508fc4a6bd1d2b5420b286df?s=96&d=mm&r=g\",\"url\":\"https:\\\/\\\/secure.gravatar.com\\\/avatar\\\/fe6c4f5a609355ad487e648d2b4aebf57a2fa1e7508fc4a6bd1d2b5420b286df?s=96&d=mm&r=g\",\"contentUrl\":\"https:\\\/\\\/secure.gravatar.com\\\/avatar\\\/fe6c4f5a609355ad487e648d2b4aebf57a2fa1e7508fc4a6bd1d2b5420b286df?s=96&d=mm&r=g\",\"caption\":\"P. Moraleda\"},\"url\":\"https:\\\/\\\/ciiam.org\\\/en\\\/author\\\/3on1a-0sed-24\\\/\"}]}<\/script>\n<!-- \/ Yoast SEO plugin. -->","yoast_head_json":{"title":"Profesionales alemanes y espa\u00f1oles comparan estilos arbitrales en un evento organizado por CIAM CIAR, DIS y CEIA -","description":"Madrid ha acogido el evento Arbitrators\u2019 Ways of Work, organizado por CIIAM, DIS y CEIA.","robots":{"index":"index","follow":"follow","max-snippet":"max-snippet:-1","max-image-preview":"max-image-preview:large","max-video-preview":"max-video-preview:-1"},"canonical":"https:\/\/ciiam.org\/en\/profesionales-alemanes-y-espanoles-comparan-estilos-arbitrales\/","og_locale":"en_US","og_type":"article","og_title":"Profesionales alemanes y espa\u00f1oles comparan estilos arbitrales en un evento organizado por CIAM CIAR, DIS y CEIA -","og_description":"Madrid ha acogido el evento Arbitrators\u2019 Ways of Work, organizado por CIIAM, DIS y CEIA.","og_url":"https:\/\/ciiam.org\/en\/profesionales-alemanes-y-espanoles-comparan-estilos-arbitrales\/","og_site_name":"CIIAM","article_published_time":"2025-06-18T07:50:44+00:00","article_modified_time":"2025-06-30T07:56:16+00:00","og_image":[{"width":1955,"height":1144,"url":"https:\/\/ciiam.org\/wp-content\/uploads\/2025\/06\/1750259414341-1.jpg","type":"image\/jpeg"}],"author":"P. Moraleda","twitter_card":"summary_large_image","twitter_misc":{"Written by":"P. Moraleda","Est. reading time":"2 minutes"},"schema":{"@context":"https:\/\/schema.org","@graph":[{"@type":"Article","@id":"https:\/\/ciiam.org\/en\/profesionales-alemanes-y-espanoles-comparan-estilos-arbitrales\/#article","isPartOf":{"@id":"https:\/\/ciiam.org\/en\/profesionales-alemanes-y-espanoles-comparan-estilos-arbitrales\/"},"author":{"name":"P. Moraleda","@id":"https:\/\/ciiam.org\/en\/#\/schema\/person\/d11b69fd6be9dfb32edb8758b44c599f"},"headline":"Profesionales alemanes y espa\u00f1oles comparan estilos arbitrales en un evento organizado por CIAM CIAR, DIS y CEIA","datePublished":"2025-06-18T07:50:44+00:00","dateModified":"2025-06-30T07:56:16+00:00","mainEntityOfPage":{"@id":"https:\/\/ciiam.org\/en\/profesionales-alemanes-y-espanoles-comparan-estilos-arbitrales\/"},"wordCount":259,"publisher":{"@id":"https:\/\/ciiam.org\/en\/#organization"},"image":{"@id":"https:\/\/ciiam.org\/en\/profesionales-alemanes-y-espanoles-comparan-estilos-arbitrales\/#primaryimage"},"thumbnailUrl":"https:\/\/ciiam.org\/wp-content\/uploads\/2025\/06\/1750259414341-1.jpg","articleSection":["Actualidad"],"inLanguage":"en-US"},{"@type":"WebPage","@id":"https:\/\/ciiam.org\/en\/profesionales-alemanes-y-espanoles-comparan-estilos-arbitrales\/","url":"https:\/\/ciiam.org\/en\/profesionales-alemanes-y-espanoles-comparan-estilos-arbitrales\/","name":"Profesionales alemanes y espa\u00f1oles comparan estilos arbitrales en un evento organizado por CIAM CIAR, DIS y CEIA -","isPartOf":{"@id":"https:\/\/ciiam.org\/en\/#website"},"primaryImageOfPage":{"@id":"https:\/\/ciiam.org\/en\/profesionales-alemanes-y-espanoles-comparan-estilos-arbitrales\/#primaryimage"},"image":{"@id":"https:\/\/ciiam.org\/en\/profesionales-alemanes-y-espanoles-comparan-estilos-arbitrales\/#primaryimage"},"thumbnailUrl":"https:\/\/ciiam.org\/wp-content\/uploads\/2025\/06\/1750259414341-1.jpg","datePublished":"2025-06-18T07:50:44+00:00","dateModified":"2025-06-30T07:56:16+00:00","description":"Madrid ha acogido el evento Arbitrators\u2019 Ways of Work, organizado por CIIAM, DIS y CEIA.","breadcrumb":{"@id":"https:\/\/ciiam.org\/en\/profesionales-alemanes-y-espanoles-comparan-estilos-arbitrales\/#breadcrumb"},"inLanguage":"en-US","potentialAction":[{"@type":"ReadAction","target":["https:\/\/ciiam.org\/en\/profesionales-alemanes-y-espanoles-comparan-estilos-arbitrales\/"]}]},{"@type":"ImageObject","inLanguage":"en-US","@id":"https:\/\/ciiam.org\/en\/profesionales-alemanes-y-espanoles-comparan-estilos-arbitrales\/#primaryimage","url":"https:\/\/ciiam.org\/wp-content\/uploads\/2025\/06\/1750259414341-1.jpg","contentUrl":"https:\/\/ciiam.org\/wp-content\/uploads\/2025\/06\/1750259414341-1.jpg","width":1955,"height":1144,"caption":"DIS"},{"@type":"BreadcrumbList","@id":"https:\/\/ciiam.org\/en\/profesionales-alemanes-y-espanoles-comparan-estilos-arbitrales\/#breadcrumb","itemListElement":[{"@type":"ListItem","position":1,"name":"CIAM","item":"https:\/\/ciiam.org\/en\/"},{"@type":"ListItem","position":2,"name":"Profesionales alemanes y espa\u00f1oles comparan estilos arbitrales en un evento organizado por CIAM CIAR, DIS y CEIA"}]},{"@type":"WebSite","@id":"https:\/\/ciiam.org\/en\/#website","url":"https:\/\/ciiam.org\/en\/","name":"CIIAM","description":"Centro Internacional e Iberoamericano de Arbitraje de Madrid","publisher":{"@id":"https:\/\/ciiam.org\/en\/#organization"},"potentialAction":[{"@type":"SearchAction","target":{"@type":"EntryPoint","urlTemplate":"https:\/\/ciiam.org\/en\/?s={search_term_string}"},"query-input":{"@type":"PropertyValueSpecification","valueRequired":true,"valueName":"search_term_string"}}],"inLanguage":"en-US"},{"@type":"Organization","@id":"https:\/\/ciiam.org\/en\/#organization","name":"Centro Internacional e Iberoamericano de Arbitraje de Madrid","alternateName":"CIIAM","url":"https:\/\/ciiam.org\/en\/","logo":{"@type":"ImageObject","inLanguage":"en-US","@id":"https:\/\/ciiam.org\/en\/#\/schema\/logo\/image\/","url":"https:\/\/ciiam.org\/wp-content\/uploads\/2026\/01\/favicon.png","contentUrl":"https:\/\/ciiam.org\/wp-content\/uploads\/2026\/01\/favicon.png","width":500,"height":500,"caption":"Centro Internacional e Iberoamericano de Arbitraje de Madrid"},"image":{"@id":"https:\/\/ciiam.org\/en\/#\/schema\/logo\/image\/"},"sameAs":["https:\/\/www.linkedin.com\/company\/ciam-centro-internacional-arbitraje-madrid?trk=d_public_post_image","https:\/\/www.youtube.com\/channel\/UCU2OI7SAQFv5uXAZ4qO4ALg"]},{"@type":"Person","@id":"https:\/\/ciiam.org\/en\/#\/schema\/person\/d11b69fd6be9dfb32edb8758b44c599f","name":"P. Moraleda","image":{"@type":"ImageObject","inLanguage":"en-US","@id":"https:\/\/secure.gravatar.com\/avatar\/fe6c4f5a609355ad487e648d2b4aebf57a2fa1e7508fc4a6bd1d2b5420b286df?s=96&d=mm&r=g","url":"https:\/\/secure.gravatar.com\/avatar\/fe6c4f5a609355ad487e648d2b4aebf57a2fa1e7508fc4a6bd1d2b5420b286df?s=96&d=mm&r=g","contentUrl":"https:\/\/secure.gravatar.com\/avatar\/fe6c4f5a609355ad487e648d2b4aebf57a2fa1e7508fc4a6bd1d2b5420b286df?s=96&d=mm&r=g","caption":"P. Moraleda"},"url":"https:\/\/ciiam.org\/en\/author\/3on1a-0sed-24\/"}]}},"_links":{"self":[{"href":"https:\/\/ciiam.org\/en\/wp-json\/wp\/v2\/posts\/31772","targetHints":{"allow":["GET"]}}],"collection":[{"href":"https:\/\/ciiam.org\/en\/wp-json\/wp\/v2\/posts"}],"about":[{"href":"https:\/\/ciiam.org\/en\/wp-json\/wp\/v2\/types\/post"}],"author":[{"embeddable":true,"href":"https:\/\/ciiam.org\/en\/wp-json\/wp\/v2\/users\/18"}],"replies":[{"embeddable":true,"href":"https:\/\/ciiam.org\/en\/wp-json\/wp\/v2\/comments?post=31772"}],"version-history":[{"count":2,"href":"https:\/\/ciiam.org\/en\/wp-json\/wp\/v2\/posts\/31772\/revisions"}],"predecessor-version":[{"id":31778,"href":"https:\/\/ciiam.org\/en\/wp-json\/wp\/v2\/posts\/31772\/revisions\/31778"}],"wp:featuredmedia":[{"embeddable":true,"href":"https:\/\/ciiam.org\/en\/wp-json\/wp\/v2\/media\/31775"}],"wp:attachment":[{"href":"https:\/\/ciiam.org\/en\/wp-json\/wp\/v2\/media?parent=31772"}],"wp:term":[{"taxonomy":"category","embeddable":true,"href":"https:\/\/ciiam.org\/en\/wp-json\/wp\/v2\/categories?post=31772"},{"taxonomy":"post_tag","embeddable":true,"href":"https:\/\/ciiam.org\/en\/wp-json\/wp\/v2\/tags?post=31772"}],"curies":[{"name":"wp","href":"https:\/\/api.w.org\/{rel}","templated":true}]}}