{"id":32437,"date":"2025-09-11T09:12:36","date_gmt":"2025-09-11T09:12:36","guid":{"rendered":"https:\/\/ciiam.org\/?p=32437"},"modified":"2025-09-11T09:12:36","modified_gmt":"2025-09-11T09:12:36","slug":"el-CIIAM-crece-dos-nuevas-directoras-se-incorporan-a-su-secretaria-general","status":"publish","type":"post","link":"https:\/\/ciiam.org\/en\/el-CIIAM-crece-dos-nuevas-directoras-se-incorporan-a-su-secretaria-general\/","title":{"rendered":"El CIIAM crece: dos nuevas directoras se incorporan a su Secretar\u00eda General para reforzar la gesti\u00f3n de casos y la expansi\u00f3n internacional del Centro"},"content":{"rendered":"<p style=\"text-align: center;\"><em>Con la incorporaci\u00f3n de Elisa Vicente como directora Jur\u00eddica y Michelle Vasco como directora de Desarrollo de Negocio, el CIIAM responde al previsible aumento de casos y afianza su estrategia de expansi\u00f3n internacional, tras hitos como la alianza con CAM Santiago.<\/em><\/p>\n<p>El Centro Internacional e Iberoamericano de Arbitraje de Madrid (CIIAM) avanza en su estrategia de crecimiento y excelencia con un modelo dual en su Secretar\u00eda General: una direcci\u00f3n centrada en la coordinaci\u00f3n t\u00e9cnica de los casos y otra dedicada al desarrollo de negocio y la expansi\u00f3n institucional.<\/p>\n<p>La Secretar\u00eda General continuar\u00e1 bajo la direcci\u00f3n de <strong>Marta Lalaguna<\/strong>, con <strong>Mar\u00eda Paula Jij\u00f3n<\/strong> como secretaria general adjunta y el mismo equipo letrado, que ahora se refuerza con dos nuevas directoras con una s\u00f3lida trayectoria profesional: <strong>Elisa Vicente<\/strong> como directora Jur\u00eddica, asumiendo la coordinaci\u00f3n de los casos, y <strong>Michelle Vasco <\/strong>como directora de Desarrollo de Negocio. El equipo se ampl\u00eda tambi\u00e9n con la llegada de Paula Hernando, que asumir\u00e1 funciones de apoyo administrativo del Centro.<\/p>\n<p><strong>Elisa Vicente<\/strong> cuenta con 15 a\u00f1os de experiencia en arbitraje en el despacho Garrigues. Ha participado en importantes operaciones mercantiles de gran magnitud de \u00e1mbito internacional, en las que he asesorado a clientes en procesos de negociaci\u00f3n pre-litigiosos, y en procedimientos arbitrales de gran repercusi\u00f3n, ante las instituciones internacionales arbitrales de mayor prestigio, bajo diversas legislaciones y en diversas sedes a nivel mundial (Par\u00eds, Londres, Z\u00farich, Nueva York, Doha o Shangh\u00e1i, entre otros).<\/p>\n<p>Licenciada en Derecho y Administraci\u00f3n y Direcci\u00f3n de Empresas por la Universidad Carlos III de Madrid, complet\u00f3 su formaci\u00f3n con un M\u00e1ster Executive en Derecho Empresarial en el Centro de Estudios Garrigues, en colaboraci\u00f3n con Harvard Law School. Compagina su actividad profesional con la docencia en arbitraje y Derecho procesal en instituciones como la Universidad Aut\u00f3noma de Madrid, IE University y el Centro de Estudios Garrigues, y colabora activamente con el Club Espa\u00f1ol e Iberoamericano del Arbitraje (CEIA), donde ha liderado diversos grupos de trabajo.<\/p>\n<p>Con motivo de su experiencia y trayectoria, en 2020, fue seleccionada como finalista en los V Premios Expansi\u00f3n Jur\u00eddico a la Excelencia en la Pr\u00e1ctica del Derecho de los Negocios, en la categor\u00eda de \u201cMejor abogado joven\u201d.<\/p>\n<p><strong>Michelle Vasco<\/strong>, por su parte, se une al \u00e1rea de Desarrollo de Negocio de la instituci\u00f3n.<\/p>\n<p>Es abogada especializada en arbitraje internacional, con experiencia en disputas comerciales y de inversi\u00f3n. Ha trabajado como asociada senior en firmas de prestigio como Robalino y Almeida Guzm\u00e1n &amp; Asociados (Ecuador), participando en casos bajo reglas de la CNUDMI y la CCI. Tambi\u00e9n ha formado parte de la Procuradur\u00eda General de la Rep\u00fablica de Ecuador, como abogada en la Direcci\u00f3n Nacional de Asuntos Internacionales y Arbitraje.<\/p>\n<p>Michelle Vasco cuenta con un LL.M. avanzado en soluci\u00f3n de controversias internacionales y arbitraje, por la Universidad de Leiden (Pa\u00edses Bajos), y con una especializaci\u00f3n en M&amp;A, por IE University. Comprometida con el desarrollo acad\u00e9mico y la formaci\u00f3n de j\u00f3venes profesionales, fund\u00f3 el cap\u00edtulo ecuatoriano de Very Young Arbitration Practitioners y dirige la Revista Ecuatoriana de Arbitraje REA.<\/p>\n<p>La incorporaci\u00f3n de estos perfiles altamente especializados, con visi\u00f3n global y conocimiento del entorno internacional, responde al objetivo del CIIAM de consolidarse como una de las instituciones arbitrales internacionales de referencia, con una identidad claramente iberoamericana y el compromiso de gestionar sus casos con la m\u00e1xima calidad y eficiencia.<\/p>\n","protected":false},"excerpt":{"rendered":"<p>Con la incorporaci\u00f3n de Elisa Vicente como directora Jur\u00eddica y Michelle Vasco como directora de Desarrollo de Negocio, el CIIAM responde al previsible aumento de casos y afianza su estrategia de expansi\u00f3n internacional, tras hitos como la alianza con CAM Santiago. El Centro Internacional e Iberoamericano de Arbitraje de Madrid (CIIAM) avanza en su estrategia [&hellip;]<\/p>\n","protected":false},"author":18,"featured_media":32439,"comment_status":"closed","ping_status":"open","sticky":false,"template":"","format":"standard","meta":{"footnotes":""},"categories":[17],"tags":[],"class_list":["post-32437","post","type-post","status-publish","format-standard","has-post-thumbnail","hentry","category-actualidad"],"yoast_head":"<!-- This site is optimized with the Yoast SEO plugin v27.3 - https:\/\/yoast.com\/product\/yoast-seo-wordpress\/ -->\n<title>El CIIAM crece: dos nuevas directoras se incorporan a su Secretar\u00eda General para reforzar la gesti\u00f3n de casos y la expansi\u00f3n internacional del Centro - CIIAM<\/title>\n<meta name=\"description\" content=\"La Secretar\u00eda General se refuerza con dos nuevas directoras con una s\u00f3lida trayectoria profesional: Elisa Vicente como directora Jur\u00eddica, asumiendo la coordinaci\u00f3n de los casos, y Michelle Vasco como directora de Desarrollo de Negocio.\" \/>\n<meta name=\"robots\" content=\"index, follow, max-snippet:-1, max-image-preview:large, max-video-preview:-1\" \/>\n<link rel=\"canonical\" href=\"https:\/\/ciiam.org\/en\/el-CIIAM-crece-dos-nuevas-directoras-se-incorporan-a-su-secretaria-general\/\" \/>\n<meta property=\"og:locale\" content=\"en_US\" \/>\n<meta property=\"og:type\" content=\"article\" \/>\n<meta property=\"og:title\" content=\"El CIIAM crece: dos nuevas directoras se incorporan a su Secretar\u00eda General para reforzar la gesti\u00f3n de casos y la expansi\u00f3n internacional del Centro - CIIAM\" \/>\n<meta property=\"og:description\" content=\"La Secretar\u00eda General se refuerza con dos nuevas directoras con una s\u00f3lida trayectoria profesional: Elisa Vicente como directora Jur\u00eddica, asumiendo la coordinaci\u00f3n de los casos, y Michelle Vasco como directora de Desarrollo de Negocio.\" \/>\n<meta property=\"og:url\" content=\"https:\/\/ciiam.org\/en\/el-CIIAM-crece-dos-nuevas-directoras-se-incorporan-a-su-secretaria-general\/\" \/>\n<meta property=\"og:site_name\" content=\"CIIAM\" \/>\n<meta property=\"article:published_time\" content=\"2025-09-11T09:12:36+00:00\" \/>\n<meta property=\"og:image\" content=\"https:\/\/ciiam.org\/wp-content\/uploads\/2025\/09\/Elisa-Vicente-y-Michelle-Vasco-1024x576.png\" \/>\n\t<meta property=\"og:image:width\" content=\"1024\" \/>\n\t<meta property=\"og:image:height\" content=\"576\" \/>\n\t<meta property=\"og:image:type\" content=\"image\/png\" \/>\n<meta name=\"author\" content=\"P. Moraleda\" \/>\n<meta name=\"twitter:card\" content=\"summary_large_image\" \/>\n<meta name=\"twitter:label1\" content=\"Written by\" \/>\n\t<meta name=\"twitter:data1\" content=\"P. Moraleda\" \/>\n\t<meta name=\"twitter:label2\" content=\"Est. reading time\" \/>\n\t<meta name=\"twitter:data2\" content=\"3 minutes\" \/>\n<script type=\"application\/ld+json\" class=\"yoast-schema-graph\">{\"@context\":\"https:\\\/\\\/schema.org\",\"@graph\":[{\"@type\":\"Article\",\"@id\":\"https:\\\/\\\/ciiam.org\\\/en\\\/el-CIIAM-crece-dos-nuevas-directoras-se-incorporan-a-su-secretaria-general\\\/#article\",\"isPartOf\":{\"@id\":\"https:\\\/\\\/ciiam.org\\\/en\\\/el-CIIAM-crece-dos-nuevas-directoras-se-incorporan-a-su-secretaria-general\\\/\"},\"author\":{\"name\":\"P. Moraleda\",\"@id\":\"https:\\\/\\\/ciiam.org\\\/en\\\/#\\\/schema\\\/person\\\/d11b69fd6be9dfb32edb8758b44c599f\"},\"headline\":\"El CIIAM crece: dos nuevas directoras se incorporan a su Secretar\u00eda General para reforzar la gesti\u00f3n de casos y la expansi\u00f3n internacional del Centro\",\"datePublished\":\"2025-09-11T09:12:36+00:00\",\"mainEntityOfPage\":{\"@id\":\"https:\\\/\\\/ciiam.org\\\/en\\\/el-CIIAM-crece-dos-nuevas-directoras-se-incorporan-a-su-secretaria-general\\\/\"},\"wordCount\":626,\"publisher\":{\"@id\":\"https:\\\/\\\/ciiam.org\\\/en\\\/#organization\"},\"image\":{\"@id\":\"https:\\\/\\\/ciiam.org\\\/en\\\/el-CIIAM-crece-dos-nuevas-directoras-se-incorporan-a-su-secretaria-general\\\/#primaryimage\"},\"thumbnailUrl\":\"https:\\\/\\\/ciiam.org\\\/wp-content\\\/uploads\\\/2025\\\/09\\\/Elisa-Vicente-y-Michelle-Vasco.png\",\"articleSection\":[\"Actualidad\"],\"inLanguage\":\"en-US\"},{\"@type\":\"WebPage\",\"@id\":\"https:\\\/\\\/ciiam.org\\\/en\\\/el-CIIAM-crece-dos-nuevas-directoras-se-incorporan-a-su-secretaria-general\\\/\",\"url\":\"https:\\\/\\\/ciiam.org\\\/en\\\/el-CIIAM-crece-dos-nuevas-directoras-se-incorporan-a-su-secretaria-general\\\/\",\"name\":\"El CIIAM crece: dos nuevas directoras se incorporan a su Secretar\u00eda General para reforzar la gesti\u00f3n de casos y la expansi\u00f3n internacional del Centro - CIIAM\",\"isPartOf\":{\"@id\":\"https:\\\/\\\/ciiam.org\\\/en\\\/#website\"},\"primaryImageOfPage\":{\"@id\":\"https:\\\/\\\/ciiam.org\\\/en\\\/el-CIIAM-crece-dos-nuevas-directoras-se-incorporan-a-su-secretaria-general\\\/#primaryimage\"},\"image\":{\"@id\":\"https:\\\/\\\/ciiam.org\\\/en\\\/el-CIIAM-crece-dos-nuevas-directoras-se-incorporan-a-su-secretaria-general\\\/#primaryimage\"},\"thumbnailUrl\":\"https:\\\/\\\/ciiam.org\\\/wp-content\\\/uploads\\\/2025\\\/09\\\/Elisa-Vicente-y-Michelle-Vasco.png\",\"datePublished\":\"2025-09-11T09:12:36+00:00\",\"description\":\"La Secretar\u00eda General se refuerza con dos nuevas directoras con una s\u00f3lida trayectoria profesional: Elisa Vicente como directora Jur\u00eddica, asumiendo la coordinaci\u00f3n de los casos, y Michelle Vasco como directora de Desarrollo de Negocio.\",\"breadcrumb\":{\"@id\":\"https:\\\/\\\/ciiam.org\\\/en\\\/el-CIIAM-crece-dos-nuevas-directoras-se-incorporan-a-su-secretaria-general\\\/#breadcrumb\"},\"inLanguage\":\"en-US\",\"potentialAction\":[{\"@type\":\"ReadAction\",\"target\":[\"https:\\\/\\\/ciiam.org\\\/en\\\/el-CIIAM-crece-dos-nuevas-directoras-se-incorporan-a-su-secretaria-general\\\/\"]}]},{\"@type\":\"ImageObject\",\"inLanguage\":\"en-US\",\"@id\":\"https:\\\/\\\/ciiam.org\\\/en\\\/el-CIIAM-crece-dos-nuevas-directoras-se-incorporan-a-su-secretaria-general\\\/#primaryimage\",\"url\":\"https:\\\/\\\/ciiam.org\\\/wp-content\\\/uploads\\\/2025\\\/09\\\/Elisa-Vicente-y-Michelle-Vasco.png\",\"contentUrl\":\"https:\\\/\\\/ciiam.org\\\/wp-content\\\/uploads\\\/2025\\\/09\\\/Elisa-Vicente-y-Michelle-Vasco.png\",\"width\":1920,\"height\":1080,\"caption\":\"Elisa Vicente\"},{\"@type\":\"BreadcrumbList\",\"@id\":\"https:\\\/\\\/ciiam.org\\\/en\\\/el-CIIAM-crece-dos-nuevas-directoras-se-incorporan-a-su-secretaria-general\\\/#breadcrumb\",\"itemListElement\":[{\"@type\":\"ListItem\",\"position\":1,\"name\":\"CIAM\",\"item\":\"https:\\\/\\\/ciiam.org\\\/en\\\/\"},{\"@type\":\"ListItem\",\"position\":2,\"name\":\"El CIIAM crece: dos nuevas directoras se incorporan a su Secretar\u00eda General para reforzar la gesti\u00f3n de casos y la expansi\u00f3n internacional del Centro\"}]},{\"@type\":\"WebSite\",\"@id\":\"https:\\\/\\\/ciiam.org\\\/en\\\/#website\",\"url\":\"https:\\\/\\\/ciiam.org\\\/en\\\/\",\"name\":\"CIIAM\",\"description\":\"Centro Internacional e Iberoamericano de Arbitraje de Madrid\",\"publisher\":{\"@id\":\"https:\\\/\\\/ciiam.org\\\/en\\\/#organization\"},\"potentialAction\":[{\"@type\":\"SearchAction\",\"target\":{\"@type\":\"EntryPoint\",\"urlTemplate\":\"https:\\\/\\\/ciiam.org\\\/en\\\/?s={search_term_string}\"},\"query-input\":{\"@type\":\"PropertyValueSpecification\",\"valueRequired\":true,\"valueName\":\"search_term_string\"}}],\"inLanguage\":\"en-US\"},{\"@type\":\"Organization\",\"@id\":\"https:\\\/\\\/ciiam.org\\\/en\\\/#organization\",\"name\":\"Centro Internacional e Iberoamericano de Arbitraje de Madrid\",\"alternateName\":\"CIIAM\",\"url\":\"https:\\\/\\\/ciiam.org\\\/en\\\/\",\"logo\":{\"@type\":\"ImageObject\",\"inLanguage\":\"en-US\",\"@id\":\"https:\\\/\\\/ciiam.org\\\/en\\\/#\\\/schema\\\/logo\\\/image\\\/\",\"url\":\"https:\\\/\\\/ciiam.org\\\/wp-content\\\/uploads\\\/2026\\\/01\\\/favicon.png\",\"contentUrl\":\"https:\\\/\\\/ciiam.org\\\/wp-content\\\/uploads\\\/2026\\\/01\\\/favicon.png\",\"width\":500,\"height\":500,\"caption\":\"Centro Internacional e Iberoamericano de Arbitraje de Madrid\"},\"image\":{\"@id\":\"https:\\\/\\\/ciiam.org\\\/en\\\/#\\\/schema\\\/logo\\\/image\\\/\"},\"sameAs\":[\"https:\\\/\\\/www.linkedin.com\\\/company\\\/ciam-centro-internacional-arbitraje-madrid?trk=d_public_post_image\",\"https:\\\/\\\/www.youtube.com\\\/channel\\\/UCU2OI7SAQFv5uXAZ4qO4ALg\"]},{\"@type\":\"Person\",\"@id\":\"https:\\\/\\\/ciiam.org\\\/en\\\/#\\\/schema\\\/person\\\/d11b69fd6be9dfb32edb8758b44c599f\",\"name\":\"P. Moraleda\",\"image\":{\"@type\":\"ImageObject\",\"inLanguage\":\"en-US\",\"@id\":\"https:\\\/\\\/secure.gravatar.com\\\/avatar\\\/fe6c4f5a609355ad487e648d2b4aebf57a2fa1e7508fc4a6bd1d2b5420b286df?s=96&d=mm&r=g\",\"url\":\"https:\\\/\\\/secure.gravatar.com\\\/avatar\\\/fe6c4f5a609355ad487e648d2b4aebf57a2fa1e7508fc4a6bd1d2b5420b286df?s=96&d=mm&r=g\",\"contentUrl\":\"https:\\\/\\\/secure.gravatar.com\\\/avatar\\\/fe6c4f5a609355ad487e648d2b4aebf57a2fa1e7508fc4a6bd1d2b5420b286df?s=96&d=mm&r=g\",\"caption\":\"P. Moraleda\"},\"url\":\"https:\\\/\\\/ciiam.org\\\/en\\\/author\\\/3on1a-0sed-24\\\/\"}]}<\/script>\n<!-- \/ Yoast SEO plugin. -->","yoast_head_json":{"title":"El CIIAM crece: dos nuevas directoras se incorporan a su Secretar\u00eda General para reforzar la gesti\u00f3n de casos y la expansi\u00f3n internacional del Centro - CIIAM","description":"La Secretar\u00eda General se refuerza con dos nuevas directoras con una s\u00f3lida trayectoria profesional: Elisa Vicente como directora Jur\u00eddica, asumiendo la coordinaci\u00f3n de los casos, y Michelle Vasco como directora de Desarrollo de Negocio.","robots":{"index":"index","follow":"follow","max-snippet":"max-snippet:-1","max-image-preview":"max-image-preview:large","max-video-preview":"max-video-preview:-1"},"canonical":"https:\/\/ciiam.org\/en\/el-CIIAM-crece-dos-nuevas-directoras-se-incorporan-a-su-secretaria-general\/","og_locale":"en_US","og_type":"article","og_title":"El CIIAM crece: dos nuevas directoras se incorporan a su Secretar\u00eda General para reforzar la gesti\u00f3n de casos y la expansi\u00f3n internacional del Centro - CIIAM","og_description":"La Secretar\u00eda General se refuerza con dos nuevas directoras con una s\u00f3lida trayectoria profesional: Elisa Vicente como directora Jur\u00eddica, asumiendo la coordinaci\u00f3n de los casos, y Michelle Vasco como directora de Desarrollo de Negocio.","og_url":"https:\/\/ciiam.org\/en\/el-CIIAM-crece-dos-nuevas-directoras-se-incorporan-a-su-secretaria-general\/","og_site_name":"CIIAM","article_published_time":"2025-09-11T09:12:36+00:00","og_image":[{"width":1024,"height":576,"url":"https:\/\/ciiam.org\/wp-content\/uploads\/2025\/09\/Elisa-Vicente-y-Michelle-Vasco-1024x576.png","type":"image\/png"}],"author":"P. Moraleda","twitter_card":"summary_large_image","twitter_misc":{"Written by":"P. Moraleda","Est. reading time":"3 minutes"},"schema":{"@context":"https:\/\/schema.org","@graph":[{"@type":"Article","@id":"https:\/\/ciiam.org\/en\/el-CIIAM-crece-dos-nuevas-directoras-se-incorporan-a-su-secretaria-general\/#article","isPartOf":{"@id":"https:\/\/ciiam.org\/en\/el-CIIAM-crece-dos-nuevas-directoras-se-incorporan-a-su-secretaria-general\/"},"author":{"name":"P. Moraleda","@id":"https:\/\/ciiam.org\/en\/#\/schema\/person\/d11b69fd6be9dfb32edb8758b44c599f"},"headline":"El CIIAM crece: dos nuevas directoras se incorporan a su Secretar\u00eda General para reforzar la gesti\u00f3n de casos y la expansi\u00f3n internacional del Centro","datePublished":"2025-09-11T09:12:36+00:00","mainEntityOfPage":{"@id":"https:\/\/ciiam.org\/en\/el-CIIAM-crece-dos-nuevas-directoras-se-incorporan-a-su-secretaria-general\/"},"wordCount":626,"publisher":{"@id":"https:\/\/ciiam.org\/en\/#organization"},"image":{"@id":"https:\/\/ciiam.org\/en\/el-CIIAM-crece-dos-nuevas-directoras-se-incorporan-a-su-secretaria-general\/#primaryimage"},"thumbnailUrl":"https:\/\/ciiam.org\/wp-content\/uploads\/2025\/09\/Elisa-Vicente-y-Michelle-Vasco.png","articleSection":["Actualidad"],"inLanguage":"en-US"},{"@type":"WebPage","@id":"https:\/\/ciiam.org\/en\/el-CIIAM-crece-dos-nuevas-directoras-se-incorporan-a-su-secretaria-general\/","url":"https:\/\/ciiam.org\/en\/el-CIIAM-crece-dos-nuevas-directoras-se-incorporan-a-su-secretaria-general\/","name":"El CIIAM crece: dos nuevas directoras se incorporan a su Secretar\u00eda General para reforzar la gesti\u00f3n de casos y la expansi\u00f3n internacional del Centro - CIIAM","isPartOf":{"@id":"https:\/\/ciiam.org\/en\/#website"},"primaryImageOfPage":{"@id":"https:\/\/ciiam.org\/en\/el-CIIAM-crece-dos-nuevas-directoras-se-incorporan-a-su-secretaria-general\/#primaryimage"},"image":{"@id":"https:\/\/ciiam.org\/en\/el-CIIAM-crece-dos-nuevas-directoras-se-incorporan-a-su-secretaria-general\/#primaryimage"},"thumbnailUrl":"https:\/\/ciiam.org\/wp-content\/uploads\/2025\/09\/Elisa-Vicente-y-Michelle-Vasco.png","datePublished":"2025-09-11T09:12:36+00:00","description":"La Secretar\u00eda General se refuerza con dos nuevas directoras con una s\u00f3lida trayectoria profesional: Elisa Vicente como directora Jur\u00eddica, asumiendo la coordinaci\u00f3n de los casos, y Michelle Vasco como directora de Desarrollo de Negocio.","breadcrumb":{"@id":"https:\/\/ciiam.org\/en\/el-CIIAM-crece-dos-nuevas-directoras-se-incorporan-a-su-secretaria-general\/#breadcrumb"},"inLanguage":"en-US","potentialAction":[{"@type":"ReadAction","target":["https:\/\/ciiam.org\/en\/el-CIIAM-crece-dos-nuevas-directoras-se-incorporan-a-su-secretaria-general\/"]}]},{"@type":"ImageObject","inLanguage":"en-US","@id":"https:\/\/ciiam.org\/en\/el-CIIAM-crece-dos-nuevas-directoras-se-incorporan-a-su-secretaria-general\/#primaryimage","url":"https:\/\/ciiam.org\/wp-content\/uploads\/2025\/09\/Elisa-Vicente-y-Michelle-Vasco.png","contentUrl":"https:\/\/ciiam.org\/wp-content\/uploads\/2025\/09\/Elisa-Vicente-y-Michelle-Vasco.png","width":1920,"height":1080,"caption":"Elisa Vicente"},{"@type":"BreadcrumbList","@id":"https:\/\/ciiam.org\/en\/el-CIIAM-crece-dos-nuevas-directoras-se-incorporan-a-su-secretaria-general\/#breadcrumb","itemListElement":[{"@type":"ListItem","position":1,"name":"CIAM","item":"https:\/\/ciiam.org\/en\/"},{"@type":"ListItem","position":2,"name":"El CIIAM crece: dos nuevas directoras se incorporan a su Secretar\u00eda General para reforzar la gesti\u00f3n de casos y la expansi\u00f3n internacional del Centro"}]},{"@type":"WebSite","@id":"https:\/\/ciiam.org\/en\/#website","url":"https:\/\/ciiam.org\/en\/","name":"CIIAM","description":"Centro Internacional e Iberoamericano de Arbitraje de Madrid","publisher":{"@id":"https:\/\/ciiam.org\/en\/#organization"},"potentialAction":[{"@type":"SearchAction","target":{"@type":"EntryPoint","urlTemplate":"https:\/\/ciiam.org\/en\/?s={search_term_string}"},"query-input":{"@type":"PropertyValueSpecification","valueRequired":true,"valueName":"search_term_string"}}],"inLanguage":"en-US"},{"@type":"Organization","@id":"https:\/\/ciiam.org\/en\/#organization","name":"Centro Internacional e Iberoamericano de Arbitraje de Madrid","alternateName":"CIIAM","url":"https:\/\/ciiam.org\/en\/","logo":{"@type":"ImageObject","inLanguage":"en-US","@id":"https:\/\/ciiam.org\/en\/#\/schema\/logo\/image\/","url":"https:\/\/ciiam.org\/wp-content\/uploads\/2026\/01\/favicon.png","contentUrl":"https:\/\/ciiam.org\/wp-content\/uploads\/2026\/01\/favicon.png","width":500,"height":500,"caption":"Centro Internacional e Iberoamericano de Arbitraje de Madrid"},"image":{"@id":"https:\/\/ciiam.org\/en\/#\/schema\/logo\/image\/"},"sameAs":["https:\/\/www.linkedin.com\/company\/ciam-centro-internacional-arbitraje-madrid?trk=d_public_post_image","https:\/\/www.youtube.com\/channel\/UCU2OI7SAQFv5uXAZ4qO4ALg"]},{"@type":"Person","@id":"https:\/\/ciiam.org\/en\/#\/schema\/person\/d11b69fd6be9dfb32edb8758b44c599f","name":"P. Moraleda","image":{"@type":"ImageObject","inLanguage":"en-US","@id":"https:\/\/secure.gravatar.com\/avatar\/fe6c4f5a609355ad487e648d2b4aebf57a2fa1e7508fc4a6bd1d2b5420b286df?s=96&d=mm&r=g","url":"https:\/\/secure.gravatar.com\/avatar\/fe6c4f5a609355ad487e648d2b4aebf57a2fa1e7508fc4a6bd1d2b5420b286df?s=96&d=mm&r=g","contentUrl":"https:\/\/secure.gravatar.com\/avatar\/fe6c4f5a609355ad487e648d2b4aebf57a2fa1e7508fc4a6bd1d2b5420b286df?s=96&d=mm&r=g","caption":"P. Moraleda"},"url":"https:\/\/ciiam.org\/en\/author\/3on1a-0sed-24\/"}]}},"_links":{"self":[{"href":"https:\/\/ciiam.org\/en\/wp-json\/wp\/v2\/posts\/32437","targetHints":{"allow":["GET"]}}],"collection":[{"href":"https:\/\/ciiam.org\/en\/wp-json\/wp\/v2\/posts"}],"about":[{"href":"https:\/\/ciiam.org\/en\/wp-json\/wp\/v2\/types\/post"}],"author":[{"embeddable":true,"href":"https:\/\/ciiam.org\/en\/wp-json\/wp\/v2\/users\/18"}],"replies":[{"embeddable":true,"href":"https:\/\/ciiam.org\/en\/wp-json\/wp\/v2\/comments?post=32437"}],"version-history":[{"count":2,"href":"https:\/\/ciiam.org\/en\/wp-json\/wp\/v2\/posts\/32437\/revisions"}],"predecessor-version":[{"id":32445,"href":"https:\/\/ciiam.org\/en\/wp-json\/wp\/v2\/posts\/32437\/revisions\/32445"}],"wp:featuredmedia":[{"embeddable":true,"href":"https:\/\/ciiam.org\/en\/wp-json\/wp\/v2\/media\/32439"}],"wp:attachment":[{"href":"https:\/\/ciiam.org\/en\/wp-json\/wp\/v2\/media?parent=32437"}],"wp:term":[{"taxonomy":"category","embeddable":true,"href":"https:\/\/ciiam.org\/en\/wp-json\/wp\/v2\/categories?post=32437"},{"taxonomy":"post_tag","embeddable":true,"href":"https:\/\/ciiam.org\/en\/wp-json\/wp\/v2\/tags?post=32437"}],"curies":[{"name":"wp","href":"https:\/\/api.w.org\/{rel}","templated":true}]}}