{"id":32721,"date":"2025-09-29T16:18:05","date_gmt":"2025-09-29T16:18:05","guid":{"rendered":"https:\/\/ciiam.org\/?p=32721"},"modified":"2025-09-29T16:18:05","modified_gmt":"2025-09-29T16:18:05","slug":"CIIAM-presente-en-berlin-dispute-resolution-days-2025","status":"publish","type":"post","link":"https:\/\/ciiam.org\/en\/CIIAM-presente-en-berlin-dispute-resolution-days-2025\/","title":{"rendered":"CIIAM, presente en Berlin Dispute Resolution Days 2025"},"content":{"rendered":"<p style=\"text-align: center;\"><em>La secretaria general adjunta de CIIAM, Mar\u00eda Paula Jij\u00f3n, ha intervenido en el evento \u201cA comparative look at the arbitration practice in Spain, Germany and Iberoamerica (Part 3)\u201d.<\/em><\/p>\n<p>El Centro Internacional e Iberoamericano de Arbitraje de Madrid (CIIAM) ha participado un a\u00f1o m\u00e1s en los <em>Berlin Dispute Resolution Days 2025<\/em>, uno de los encuentros europeos de referencia en el \u00e1mbito de la resoluci\u00f3n de conflictos.<\/p>\n<p>En este marco, CIIAM, Deutsche Institution f\u00fcr Schiedsgerichtsbarkeit e.V. (DIS) y el Club Espa\u00f1ol e Iberoamericano del Arbitraje (CEIA), han coorganizado el evento \u201c<em>A comparative look at the arbitration practice in Spain, Germany and Iberoamerica (Part 3)<\/em>\u201d, en la sede del despacho de abogados Noerr.<\/p>\n<p>La sesi\u00f3n, inaugurada por <strong>Josef Fr\u00f6hlingsdorf<\/strong>, ha dado continuidad al intercambio de ediciones anteriores sobre pr\u00e1cticas y conceptos sobre arbitraje en Espa\u00f1a, Alemania e Iberoam\u00e9rica. Esta tercera convocatoria se ha centrado en el proceso de decisi\u00f3n y el papel del \u00e1rbitro.<\/p>\n<p><strong>Alfredo Bullard<\/strong> ha ofrecido un discurso en el que ha analizado la influencia de las emociones de los tribunales arbitrales en el proceso de deliberaci\u00f3n. Tras esta charla, el primer panel de expertos, quienes han abordado el tema del conflicto de intereses desde una doble perspectiva: institucional y pr\u00e1ctica.<\/p>\n<p>Luego, los ponentes han discutido sobre los mecanismos existentes para garantizar la independencia e integridad de los \u00e1rbitros. <strong>Mar\u00eda Paula Jij\u00f3n<\/strong>, secretaria general adjunta de CIIAM, ha intervenido en este panel junto con <strong>Carina Alcoberro Llivina<\/strong>, <strong>Ricardo Aprigliano<\/strong>, <strong>Gebhard B\u00fccheler<\/strong>, <strong>Alfonso G\u00f3mez-Acebo <\/strong>y <strong>Paul Salazar<\/strong>.<\/p>\n<p>El siguiente panel, moderado por <strong>Meike von Levetzow,<\/strong> ha contado con la participaci\u00f3n de <strong>Manuel Conthe<\/strong> y <strong>Franz X. Stirnimann<\/strong>. Los expertos han analizado el papel que debe desempe\u00f1ar el presidente durante el arbitraje, las deliberaciones y la redacci\u00f3n del laudo. Asimismo, se ha debatido sobre el sentido de las opiniones contrarias: si revelan un fallo de presidencia o si son un cauce necesario para expresar desacuerdos.<\/p>\n<p>Finalmente,<strong> Erik Sch\u00e4fer<\/strong> ha clausurado esta jornada que ha contribuido a profundizar el di\u00e1logo intercultural entre Alemania, Espa\u00f1a e Iberoam\u00e9rica, consolidando as\u00ed la cooperaci\u00f3n entre instituciones y profesionales que impulsan est\u00e1ndares de calidad comunes en la resoluci\u00f3n internacional de conflictos.<\/p>\n","protected":false},"excerpt":{"rendered":"<p>La secretaria general adjunta de CIIAM, Mar\u00eda Paula Jij\u00f3n, ha intervenido en el evento \u201cA comparative look at the arbitration practice in Spain, Germany and Iberoamerica (Part 3)\u201d. El Centro Internacional e Iberoamericano de Arbitraje de Madrid (CIIAM) ha participado un a\u00f1o m\u00e1s en los Berlin Dispute Resolution Days 2025, uno de los encuentros europeos [&hellip;]<\/p>\n","protected":false},"author":18,"featured_media":32722,"comment_status":"closed","ping_status":"open","sticky":false,"template":"","format":"standard","meta":{"footnotes":""},"categories":[17],"tags":[],"class_list":["post-32721","post","type-post","status-publish","format-standard","has-post-thumbnail","hentry","category-actualidad"],"yoast_head":"<!-- This site is optimized with the Yoast SEO plugin v27.3 - https:\/\/yoast.com\/product\/yoast-seo-wordpress\/ -->\n<title>CIIAM, presente en Berlin Dispute Resolution Days 2025 - CIIAM<\/title>\n<meta name=\"description\" content=\"El Centro Internacional e Iberoamericano de Arbitraje de Madrid (CIIAM) ha participado un a\u00f1o m\u00e1s en los Berlin Dispute Resolution Days 2025, uno de los encuentros europeos de referencia en el \u00e1mbito de la resoluci\u00f3n de conflictos.\" \/>\n<meta name=\"robots\" content=\"index, follow, max-snippet:-1, max-image-preview:large, max-video-preview:-1\" \/>\n<link rel=\"canonical\" href=\"https:\/\/ciiam.org\/en\/CIIAM-presente-en-berlin-dispute-resolution-days-2025\/\" \/>\n<meta property=\"og:locale\" content=\"en_US\" \/>\n<meta property=\"og:type\" content=\"article\" \/>\n<meta property=\"og:title\" content=\"CIIAM, presente en Berlin Dispute Resolution Days 2025 - CIIAM\" \/>\n<meta property=\"og:description\" content=\"El Centro Internacional e Iberoamericano de Arbitraje de Madrid (CIIAM) ha participado un a\u00f1o m\u00e1s en los Berlin Dispute Resolution Days 2025, uno de los encuentros europeos de referencia en el \u00e1mbito de la resoluci\u00f3n de conflictos.\" \/>\n<meta property=\"og:url\" content=\"https:\/\/ciiam.org\/en\/CIIAM-presente-en-berlin-dispute-resolution-days-2025\/\" \/>\n<meta property=\"og:site_name\" content=\"CIIAM\" \/>\n<meta property=\"article:published_time\" content=\"2025-09-29T16:18:05+00:00\" \/>\n<meta property=\"og:image\" content=\"https:\/\/ciiam.org\/wp-content\/uploads\/2025\/09\/Group-foto-scaled.jpg\" \/>\n\t<meta property=\"og:image:width\" content=\"2560\" \/>\n\t<meta property=\"og:image:height\" content=\"2126\" \/>\n\t<meta property=\"og:image:type\" content=\"image\/jpeg\" \/>\n<meta name=\"author\" content=\"P. Moraleda\" \/>\n<meta name=\"twitter:card\" content=\"summary_large_image\" \/>\n<meta name=\"twitter:label1\" content=\"Written by\" \/>\n\t<meta name=\"twitter:data1\" content=\"P. Moraleda\" \/>\n\t<meta name=\"twitter:label2\" content=\"Est. reading time\" \/>\n\t<meta name=\"twitter:data2\" content=\"2 minutes\" \/>\n<script type=\"application\/ld+json\" class=\"yoast-schema-graph\">{\"@context\":\"https:\\\/\\\/schema.org\",\"@graph\":[{\"@type\":\"Article\",\"@id\":\"https:\\\/\\\/ciiam.org\\\/en\\\/CIIAM-presente-en-berlin-dispute-resolution-days-2025\\\/#article\",\"isPartOf\":{\"@id\":\"https:\\\/\\\/ciiam.org\\\/en\\\/CIIAM-presente-en-berlin-dispute-resolution-days-2025\\\/\"},\"author\":{\"name\":\"P. Moraleda\",\"@id\":\"https:\\\/\\\/ciiam.org\\\/en\\\/#\\\/schema\\\/person\\\/d11b69fd6be9dfb32edb8758b44c599f\"},\"headline\":\"CIIAM, presente en Berlin Dispute Resolution Days 2025\",\"datePublished\":\"2025-09-29T16:18:05+00:00\",\"mainEntityOfPage\":{\"@id\":\"https:\\\/\\\/ciiam.org\\\/en\\\/CIIAM-presente-en-berlin-dispute-resolution-days-2025\\\/\"},\"wordCount\":386,\"publisher\":{\"@id\":\"https:\\\/\\\/ciiam.org\\\/en\\\/#organization\"},\"image\":{\"@id\":\"https:\\\/\\\/ciiam.org\\\/en\\\/CIIAM-presente-en-berlin-dispute-resolution-days-2025\\\/#primaryimage\"},\"thumbnailUrl\":\"https:\\\/\\\/ciiam.org\\\/wp-content\\\/uploads\\\/2025\\\/09\\\/Group-foto-scaled.jpg\",\"articleSection\":[\"Actualidad\"],\"inLanguage\":\"en-US\"},{\"@type\":\"WebPage\",\"@id\":\"https:\\\/\\\/ciiam.org\\\/en\\\/CIIAM-presente-en-berlin-dispute-resolution-days-2025\\\/\",\"url\":\"https:\\\/\\\/ciiam.org\\\/en\\\/CIIAM-presente-en-berlin-dispute-resolution-days-2025\\\/\",\"name\":\"CIIAM, presente en Berlin Dispute Resolution Days 2025 - CIIAM\",\"isPartOf\":{\"@id\":\"https:\\\/\\\/ciiam.org\\\/en\\\/#website\"},\"primaryImageOfPage\":{\"@id\":\"https:\\\/\\\/ciiam.org\\\/en\\\/CIIAM-presente-en-berlin-dispute-resolution-days-2025\\\/#primaryimage\"},\"image\":{\"@id\":\"https:\\\/\\\/ciiam.org\\\/en\\\/CIIAM-presente-en-berlin-dispute-resolution-days-2025\\\/#primaryimage\"},\"thumbnailUrl\":\"https:\\\/\\\/ciiam.org\\\/wp-content\\\/uploads\\\/2025\\\/09\\\/Group-foto-scaled.jpg\",\"datePublished\":\"2025-09-29T16:18:05+00:00\",\"description\":\"El Centro Internacional e Iberoamericano de Arbitraje de Madrid (CIIAM) ha participado un a\u00f1o m\u00e1s en los Berlin Dispute Resolution Days 2025, uno de los encuentros europeos de referencia en el \u00e1mbito de la resoluci\u00f3n de conflictos.\",\"breadcrumb\":{\"@id\":\"https:\\\/\\\/ciiam.org\\\/en\\\/CIIAM-presente-en-berlin-dispute-resolution-days-2025\\\/#breadcrumb\"},\"inLanguage\":\"en-US\",\"potentialAction\":[{\"@type\":\"ReadAction\",\"target\":[\"https:\\\/\\\/ciiam.org\\\/en\\\/CIIAM-presente-en-berlin-dispute-resolution-days-2025\\\/\"]}]},{\"@type\":\"ImageObject\",\"inLanguage\":\"en-US\",\"@id\":\"https:\\\/\\\/ciiam.org\\\/en\\\/CIIAM-presente-en-berlin-dispute-resolution-days-2025\\\/#primaryimage\",\"url\":\"https:\\\/\\\/ciiam.org\\\/wp-content\\\/uploads\\\/2025\\\/09\\\/Group-foto-scaled.jpg\",\"contentUrl\":\"https:\\\/\\\/ciiam.org\\\/wp-content\\\/uploads\\\/2025\\\/09\\\/Group-foto-scaled.jpg\",\"width\":2560,\"height\":2126,\"caption\":\"Berlin\"},{\"@type\":\"BreadcrumbList\",\"@id\":\"https:\\\/\\\/ciiam.org\\\/en\\\/CIIAM-presente-en-berlin-dispute-resolution-days-2025\\\/#breadcrumb\",\"itemListElement\":[{\"@type\":\"ListItem\",\"position\":1,\"name\":\"CIAM\",\"item\":\"https:\\\/\\\/ciiam.org\\\/en\\\/\"},{\"@type\":\"ListItem\",\"position\":2,\"name\":\"CIIAM, presente en Berlin Dispute Resolution Days 2025\"}]},{\"@type\":\"WebSite\",\"@id\":\"https:\\\/\\\/ciiam.org\\\/en\\\/#website\",\"url\":\"https:\\\/\\\/ciiam.org\\\/en\\\/\",\"name\":\"CIIAM\",\"description\":\"Centro Internacional e Iberoamericano de Arbitraje de Madrid\",\"publisher\":{\"@id\":\"https:\\\/\\\/ciiam.org\\\/en\\\/#organization\"},\"potentialAction\":[{\"@type\":\"SearchAction\",\"target\":{\"@type\":\"EntryPoint\",\"urlTemplate\":\"https:\\\/\\\/ciiam.org\\\/en\\\/?s={search_term_string}\"},\"query-input\":{\"@type\":\"PropertyValueSpecification\",\"valueRequired\":true,\"valueName\":\"search_term_string\"}}],\"inLanguage\":\"en-US\"},{\"@type\":\"Organization\",\"@id\":\"https:\\\/\\\/ciiam.org\\\/en\\\/#organization\",\"name\":\"Centro Internacional e Iberoamericano de Arbitraje de Madrid\",\"alternateName\":\"CIIAM\",\"url\":\"https:\\\/\\\/ciiam.org\\\/en\\\/\",\"logo\":{\"@type\":\"ImageObject\",\"inLanguage\":\"en-US\",\"@id\":\"https:\\\/\\\/ciiam.org\\\/en\\\/#\\\/schema\\\/logo\\\/image\\\/\",\"url\":\"https:\\\/\\\/ciiam.org\\\/wp-content\\\/uploads\\\/2026\\\/01\\\/favicon.png\",\"contentUrl\":\"https:\\\/\\\/ciiam.org\\\/wp-content\\\/uploads\\\/2026\\\/01\\\/favicon.png\",\"width\":500,\"height\":500,\"caption\":\"Centro Internacional e Iberoamericano de Arbitraje de Madrid\"},\"image\":{\"@id\":\"https:\\\/\\\/ciiam.org\\\/en\\\/#\\\/schema\\\/logo\\\/image\\\/\"},\"sameAs\":[\"https:\\\/\\\/www.linkedin.com\\\/company\\\/ciam-centro-internacional-arbitraje-madrid?trk=d_public_post_image\",\"https:\\\/\\\/www.youtube.com\\\/channel\\\/UCU2OI7SAQFv5uXAZ4qO4ALg\"]},{\"@type\":\"Person\",\"@id\":\"https:\\\/\\\/ciiam.org\\\/en\\\/#\\\/schema\\\/person\\\/d11b69fd6be9dfb32edb8758b44c599f\",\"name\":\"P. Moraleda\",\"image\":{\"@type\":\"ImageObject\",\"inLanguage\":\"en-US\",\"@id\":\"https:\\\/\\\/secure.gravatar.com\\\/avatar\\\/fe6c4f5a609355ad487e648d2b4aebf57a2fa1e7508fc4a6bd1d2b5420b286df?s=96&d=mm&r=g\",\"url\":\"https:\\\/\\\/secure.gravatar.com\\\/avatar\\\/fe6c4f5a609355ad487e648d2b4aebf57a2fa1e7508fc4a6bd1d2b5420b286df?s=96&d=mm&r=g\",\"contentUrl\":\"https:\\\/\\\/secure.gravatar.com\\\/avatar\\\/fe6c4f5a609355ad487e648d2b4aebf57a2fa1e7508fc4a6bd1d2b5420b286df?s=96&d=mm&r=g\",\"caption\":\"P. Moraleda\"},\"url\":\"https:\\\/\\\/ciiam.org\\\/en\\\/author\\\/3on1a-0sed-24\\\/\"}]}<\/script>\n<!-- \/ Yoast SEO plugin. -->","yoast_head_json":{"title":"CIIAM, presente en Berlin Dispute Resolution Days 2025 - CIIAM","description":"El Centro Internacional e Iberoamericano de Arbitraje de Madrid (CIIAM) ha participado un a\u00f1o m\u00e1s en los Berlin Dispute Resolution Days 2025, uno de los encuentros europeos de referencia en el \u00e1mbito de la resoluci\u00f3n de conflictos.","robots":{"index":"index","follow":"follow","max-snippet":"max-snippet:-1","max-image-preview":"max-image-preview:large","max-video-preview":"max-video-preview:-1"},"canonical":"https:\/\/ciiam.org\/en\/CIIAM-presente-en-berlin-dispute-resolution-days-2025\/","og_locale":"en_US","og_type":"article","og_title":"CIIAM, presente en Berlin Dispute Resolution Days 2025 - CIIAM","og_description":"El Centro Internacional e Iberoamericano de Arbitraje de Madrid (CIIAM) ha participado un a\u00f1o m\u00e1s en los Berlin Dispute Resolution Days 2025, uno de los encuentros europeos de referencia en el \u00e1mbito de la resoluci\u00f3n de conflictos.","og_url":"https:\/\/ciiam.org\/en\/CIIAM-presente-en-berlin-dispute-resolution-days-2025\/","og_site_name":"CIIAM","article_published_time":"2025-09-29T16:18:05+00:00","og_image":[{"width":2560,"height":2126,"url":"https:\/\/ciiam.org\/wp-content\/uploads\/2025\/09\/Group-foto-scaled.jpg","type":"image\/jpeg"}],"author":"P. Moraleda","twitter_card":"summary_large_image","twitter_misc":{"Written by":"P. Moraleda","Est. reading time":"2 minutes"},"schema":{"@context":"https:\/\/schema.org","@graph":[{"@type":"Article","@id":"https:\/\/ciiam.org\/en\/CIIAM-presente-en-berlin-dispute-resolution-days-2025\/#article","isPartOf":{"@id":"https:\/\/ciiam.org\/en\/CIIAM-presente-en-berlin-dispute-resolution-days-2025\/"},"author":{"name":"P. Moraleda","@id":"https:\/\/ciiam.org\/en\/#\/schema\/person\/d11b69fd6be9dfb32edb8758b44c599f"},"headline":"CIIAM, presente en Berlin Dispute Resolution Days 2025","datePublished":"2025-09-29T16:18:05+00:00","mainEntityOfPage":{"@id":"https:\/\/ciiam.org\/en\/CIIAM-presente-en-berlin-dispute-resolution-days-2025\/"},"wordCount":386,"publisher":{"@id":"https:\/\/ciiam.org\/en\/#organization"},"image":{"@id":"https:\/\/ciiam.org\/en\/CIIAM-presente-en-berlin-dispute-resolution-days-2025\/#primaryimage"},"thumbnailUrl":"https:\/\/ciiam.org\/wp-content\/uploads\/2025\/09\/Group-foto-scaled.jpg","articleSection":["Actualidad"],"inLanguage":"en-US"},{"@type":"WebPage","@id":"https:\/\/ciiam.org\/en\/CIIAM-presente-en-berlin-dispute-resolution-days-2025\/","url":"https:\/\/ciiam.org\/en\/CIIAM-presente-en-berlin-dispute-resolution-days-2025\/","name":"CIIAM, presente en Berlin Dispute Resolution Days 2025 - CIIAM","isPartOf":{"@id":"https:\/\/ciiam.org\/en\/#website"},"primaryImageOfPage":{"@id":"https:\/\/ciiam.org\/en\/CIIAM-presente-en-berlin-dispute-resolution-days-2025\/#primaryimage"},"image":{"@id":"https:\/\/ciiam.org\/en\/CIIAM-presente-en-berlin-dispute-resolution-days-2025\/#primaryimage"},"thumbnailUrl":"https:\/\/ciiam.org\/wp-content\/uploads\/2025\/09\/Group-foto-scaled.jpg","datePublished":"2025-09-29T16:18:05+00:00","description":"El Centro Internacional e Iberoamericano de Arbitraje de Madrid (CIIAM) ha participado un a\u00f1o m\u00e1s en los Berlin Dispute Resolution Days 2025, uno de los encuentros europeos de referencia en el \u00e1mbito de la resoluci\u00f3n de conflictos.","breadcrumb":{"@id":"https:\/\/ciiam.org\/en\/CIIAM-presente-en-berlin-dispute-resolution-days-2025\/#breadcrumb"},"inLanguage":"en-US","potentialAction":[{"@type":"ReadAction","target":["https:\/\/ciiam.org\/en\/CIIAM-presente-en-berlin-dispute-resolution-days-2025\/"]}]},{"@type":"ImageObject","inLanguage":"en-US","@id":"https:\/\/ciiam.org\/en\/CIIAM-presente-en-berlin-dispute-resolution-days-2025\/#primaryimage","url":"https:\/\/ciiam.org\/wp-content\/uploads\/2025\/09\/Group-foto-scaled.jpg","contentUrl":"https:\/\/ciiam.org\/wp-content\/uploads\/2025\/09\/Group-foto-scaled.jpg","width":2560,"height":2126,"caption":"Berlin"},{"@type":"BreadcrumbList","@id":"https:\/\/ciiam.org\/en\/CIIAM-presente-en-berlin-dispute-resolution-days-2025\/#breadcrumb","itemListElement":[{"@type":"ListItem","position":1,"name":"CIAM","item":"https:\/\/ciiam.org\/en\/"},{"@type":"ListItem","position":2,"name":"CIIAM, presente en Berlin Dispute Resolution Days 2025"}]},{"@type":"WebSite","@id":"https:\/\/ciiam.org\/en\/#website","url":"https:\/\/ciiam.org\/en\/","name":"CIIAM","description":"Centro Internacional e Iberoamericano de Arbitraje de Madrid","publisher":{"@id":"https:\/\/ciiam.org\/en\/#organization"},"potentialAction":[{"@type":"SearchAction","target":{"@type":"EntryPoint","urlTemplate":"https:\/\/ciiam.org\/en\/?s={search_term_string}"},"query-input":{"@type":"PropertyValueSpecification","valueRequired":true,"valueName":"search_term_string"}}],"inLanguage":"en-US"},{"@type":"Organization","@id":"https:\/\/ciiam.org\/en\/#organization","name":"Centro Internacional e Iberoamericano de Arbitraje de Madrid","alternateName":"CIIAM","url":"https:\/\/ciiam.org\/en\/","logo":{"@type":"ImageObject","inLanguage":"en-US","@id":"https:\/\/ciiam.org\/en\/#\/schema\/logo\/image\/","url":"https:\/\/ciiam.org\/wp-content\/uploads\/2026\/01\/favicon.png","contentUrl":"https:\/\/ciiam.org\/wp-content\/uploads\/2026\/01\/favicon.png","width":500,"height":500,"caption":"Centro Internacional e Iberoamericano de Arbitraje de Madrid"},"image":{"@id":"https:\/\/ciiam.org\/en\/#\/schema\/logo\/image\/"},"sameAs":["https:\/\/www.linkedin.com\/company\/ciam-centro-internacional-arbitraje-madrid?trk=d_public_post_image","https:\/\/www.youtube.com\/channel\/UCU2OI7SAQFv5uXAZ4qO4ALg"]},{"@type":"Person","@id":"https:\/\/ciiam.org\/en\/#\/schema\/person\/d11b69fd6be9dfb32edb8758b44c599f","name":"P. Moraleda","image":{"@type":"ImageObject","inLanguage":"en-US","@id":"https:\/\/secure.gravatar.com\/avatar\/fe6c4f5a609355ad487e648d2b4aebf57a2fa1e7508fc4a6bd1d2b5420b286df?s=96&d=mm&r=g","url":"https:\/\/secure.gravatar.com\/avatar\/fe6c4f5a609355ad487e648d2b4aebf57a2fa1e7508fc4a6bd1d2b5420b286df?s=96&d=mm&r=g","contentUrl":"https:\/\/secure.gravatar.com\/avatar\/fe6c4f5a609355ad487e648d2b4aebf57a2fa1e7508fc4a6bd1d2b5420b286df?s=96&d=mm&r=g","caption":"P. Moraleda"},"url":"https:\/\/ciiam.org\/en\/author\/3on1a-0sed-24\/"}]}},"_links":{"self":[{"href":"https:\/\/ciiam.org\/en\/wp-json\/wp\/v2\/posts\/32721","targetHints":{"allow":["GET"]}}],"collection":[{"href":"https:\/\/ciiam.org\/en\/wp-json\/wp\/v2\/posts"}],"about":[{"href":"https:\/\/ciiam.org\/en\/wp-json\/wp\/v2\/types\/post"}],"author":[{"embeddable":true,"href":"https:\/\/ciiam.org\/en\/wp-json\/wp\/v2\/users\/18"}],"replies":[{"embeddable":true,"href":"https:\/\/ciiam.org\/en\/wp-json\/wp\/v2\/comments?post=32721"}],"version-history":[{"count":1,"href":"https:\/\/ciiam.org\/en\/wp-json\/wp\/v2\/posts\/32721\/revisions"}],"predecessor-version":[{"id":32724,"href":"https:\/\/ciiam.org\/en\/wp-json\/wp\/v2\/posts\/32721\/revisions\/32724"}],"wp:featuredmedia":[{"embeddable":true,"href":"https:\/\/ciiam.org\/en\/wp-json\/wp\/v2\/media\/32722"}],"wp:attachment":[{"href":"https:\/\/ciiam.org\/en\/wp-json\/wp\/v2\/media?parent=32721"}],"wp:term":[{"taxonomy":"category","embeddable":true,"href":"https:\/\/ciiam.org\/en\/wp-json\/wp\/v2\/categories?post=32721"},{"taxonomy":"post_tag","embeddable":true,"href":"https:\/\/ciiam.org\/en\/wp-json\/wp\/v2\/tags?post=32721"}],"curies":[{"name":"wp","href":"https:\/\/api.w.org\/{rel}","templated":true}]}}