{"id":32753,"date":"2025-10-09T09:47:00","date_gmt":"2025-10-09T09:47:00","guid":{"rendered":"https:\/\/ciiam.org\/?p=32753"},"modified":"2025-10-09T09:49:26","modified_gmt":"2025-10-09T09:49:26","slug":"CIIAM-clausura-la-ii-edicion-del-curso-de-practica-avanzada-para-arbitros","status":"publish","type":"post","link":"https:\/\/ciiam.org\/en\/CIIAM-clausura-la-ii-edicion-del-curso-de-practica-avanzada-para-arbitros\/","title":{"rendered":"CIIAM clausura la II edici\u00f3n del Curso de Pr\u00e1ctica Avanzada para \u00c1rbitros"},"content":{"rendered":"<p>El Centro Internacional e Iberoamericano de Arbitraje de Madrid (CIIAM) y el Club Espa\u00f1ol e Iberoamericano del Arbitraje (CEIA) han celebrado la clausura de la <strong>segunda edici\u00f3n del Curso de Pr\u00e1ctica Avanzada para \u00c1rbitros<\/strong>, un programa que se consolida como uno de los proyectos pilares del CIIAM y un referente para la comunidad iberoamericana. Con m\u00e1s de 60 candidaturas recibidas y 25 participantes procedentes de m\u00e1s de diez pa\u00edses, el curso ofrece una formaci\u00f3n especializada y pr\u00e1ctica a juristas con al menos 10 a\u00f1os de experiencia en arbitraje internacional que buscan impulsar su carrera como \u00e1rbitros.<\/p>\n<p>Este curso es una iniciativa de CIIAM a la vista de que no exist\u00eda en el mercado una formaci\u00f3n principalmente pr\u00e1ctica, y en espa\u00f1ol, centrada en adquirir las competencias necesarias para ejercer un rol como \u00e1rbitro \u00fanico, co-\u00e1rbitro o presidente de un tribunal arbitral. Hay muchas cuestiones que no est\u00e1n explicadas en manuales y que dependen de tener una visi\u00f3n desde la experiencia y el rigor a la hora de dirigir procesos y dirimir disputas.<\/p>\n<p>Iniciado en abril de 2025, el programa ha consistido en cinco sesiones en formato h\u00edbrido y ha contado con un claustro integrado por los siguientes expertos: <strong>Krystle Baptista<\/strong> (Krystle Baptista International Law &amp; Arbitration), <strong>V\u00edctor Bonn\u00edn<\/strong> (VB Arbitration), <strong>Alfredo Bullard<\/strong> (Bullard Falla Ezcurra), <strong>Carlos Gonz\u00e1lez-Bueno <\/strong>(Gonz\u00e1lez-Bueno SLP), <strong>Elena Guti\u00e9rrez Garc\u00eda de Cort\u00e1zar<\/strong> (EG Arbitration), <strong>Antonio Hierro<\/strong> (Hierro International Arbitration), <strong>Juan Fern\u00e1ndez-Armesto<\/strong> (Armesto &amp; Asociados), <strong>Mar\u00eda Jos\u00e9 Men\u00e9ndez<\/strong> (Men\u00e9ndez Arias Arbitration), <strong>Giulio Palermo<\/strong> (Archipel), <strong>M\u00e9lanie Riofrio<\/strong> (MRP International Dispute Resolution), <strong>Patricia Saiz<\/strong> (Saiz Arbitration) y <strong>Javier \u00cdscar<\/strong> (\u00cdscar Arbitraje).<\/p>\n<p>El fin de curso ha dado inicio con un encuentro de <em>alumni<\/em> con los participantes de la primera edici\u00f3n, antes de culminar con dos d\u00edas de jornadas intensivas celebradas los pasados 26 y 27 de septiembre en el Parador de Alcal\u00e1 de Henares (Madrid). A lo largo de esta edici\u00f3n, los participantes han profundizado en todas las fases del procedimiento arbitral, desde la designaci\u00f3n y recusaci\u00f3n de \u00e1rbitros hasta la redacci\u00f3n y escrutinio del laudo, trabajando sobre un caso pr\u00e1ctico y aplicando el Reglamento CIIAM.<\/p>\n<p>Durante la clausura, los participantes han presentado y analizado sus laudos ante el claustro acad\u00e9mico, y han tenido la oportunidad de enriquecer sus conocimientos con las intervenciones de destacados expertos, entre ellos <strong>Jos\u00e9 Mar\u00eda Alonso<\/strong>, presidente de CIIAM, y <strong>Urquiola de Palacio<\/strong>, vicepresidenta del Centro.<\/p>\n<p>Las jornadas intensivas han incluido, adem\u00e1s, dos sesiones especiales: una sobre inteligencia artificial, a cargo de <strong>Omar Puertas<\/strong>, socio de Cuatrecasas, y una charla magistral a cargo de <strong>Juan Fern\u00e1ndez-Armesto<\/strong>, \u00e1rbitro internacional y socio en Armesto &amp; Asociados.<\/p>\n<p>Como cierre del programa, se ha reconocido el trabajo sobresaliente de tres participantes:<\/p>\n<ul>\n<li><strong>Mejor Laudo<\/strong>, otorgado a Mario Timoneda de Francisco<\/li>\n<li><strong>Mejor Participante<\/strong>, otorgado a Fabio N\u00fa\u00f1ez del Prado<\/li>\n<li><strong>Matr\u00edcula de Honor<\/strong>, otorgada a S\u00e9verine Beaudet<\/li>\n<\/ul>\n<p>Con esta segunda edici\u00f3n, CIIAM y CEIA reafirman su compromiso con la formaci\u00f3n avanzada y la promoci\u00f3n de est\u00e1ndares de transparencia, eficiencia y excelencia en la administraci\u00f3n de procedimientos arbitrales, contribuyendo al fortalecimiento del arbitraje internacional en el \u00e1mbito iberoamericano.<\/p>\n<p>El comit\u00e9 organizador del curso ha estado integrado por <strong>Jos\u00e9 Mar\u00eda Alonso<\/strong>, presidente de CIIAM; <strong>Marta Lalaguna<\/strong>, secretaria general de CIIAM; <strong>Jos\u00e9 Carlos Fern\u00e1ndez Rozas<\/strong>, \u00e1rbitro internacional y catedr\u00e1tico de Derecho Internacional Privado; <strong>Juan Fern\u00e1ndez-Armesto<\/strong>, \u00e1rbitro internacional y socio en Armesto &amp; Asociados, y <strong>Giulio Palermo<\/strong>, \u00e1rbitro internacional y socio en Archipel. Asimismo, el equipo de desarrollo t\u00e9cnico ha estado compuesto por el equipo de CIIAM: <strong>Mar\u00eda Paula Jij\u00f3n<\/strong>, secretaria general adjunta; <strong>Stefano Lobat\u00f3n<\/strong> y <strong>Thal\u00eda Jim\u00e9nez<\/strong>, letrados, y por el equipo del CEIA, <strong>Krystle Baptista<\/strong> y <strong>Daniella Esquivel<\/strong>.<\/p>\n<div id='gallery-1' class='gallery galleryid-32753 gallery-columns-4 gallery-size-medium'><figure class='gallery-item'>\n\t\t\t<div class='gallery-icon landscape'>\n\t\t\t\t<a href='https:\/\/ciiam.org\/en\/CIIAM-clausura-la-ii-edicion-del-curso-de-practica-avanzada-para-arbitros\/foto-grupal-2-2\/'><img fetchpriority=\"high\" decoding=\"async\" width=\"300\" height=\"225\" src=\"https:\/\/ciiam.org\/wp-content\/uploads\/2025\/10\/Foto-grupal-1-300x225.jpg\" class=\"attachment-medium size-medium\" alt=\"\" srcset=\"https:\/\/ciiam.org\/wp-content\/uploads\/2025\/10\/Foto-grupal-1-300x225.jpg 300w, https:\/\/ciiam.org\/wp-content\/uploads\/2025\/10\/Foto-grupal-1-1024x768.jpg 1024w, https:\/\/ciiam.org\/wp-content\/uploads\/2025\/10\/Foto-grupal-1-768x576.jpg 768w, https:\/\/ciiam.org\/wp-content\/uploads\/2025\/10\/Foto-grupal-1-1536x1152.jpg 1536w, https:\/\/ciiam.org\/wp-content\/uploads\/2025\/10\/Foto-grupal-1.jpg 1600w\" sizes=\"(max-width: 300px) 100vw, 300px\" \/><\/a>\n\t\t\t<\/div><\/figure><figure class='gallery-item'>\n\t\t\t<div class='gallery-icon portrait'>\n\t\t\t\t<a href='https:\/\/ciiam.org\/en\/CIIAM-clausura-la-ii-edicion-del-curso-de-practica-avanzada-para-arbitros\/img_5756-2\/'><img decoding=\"async\" width=\"225\" height=\"300\" src=\"https:\/\/ciiam.org\/wp-content\/uploads\/2025\/10\/IMG_5756-225x300.jpg\" class=\"attachment-medium size-medium\" alt=\"\" srcset=\"https:\/\/ciiam.org\/wp-content\/uploads\/2025\/10\/IMG_5756-225x300.jpg 225w, https:\/\/ciiam.org\/wp-content\/uploads\/2025\/10\/IMG_5756-768x1024.jpg 768w, https:\/\/ciiam.org\/wp-content\/uploads\/2025\/10\/IMG_5756-300x400.jpg 300w, https:\/\/ciiam.org\/wp-content\/uploads\/2025\/10\/IMG_5756-1152x1536.jpg 1152w, https:\/\/ciiam.org\/wp-content\/uploads\/2025\/10\/IMG_5756-1536x2048.jpg 1536w, https:\/\/ciiam.org\/wp-content\/uploads\/2025\/10\/IMG_5756-scaled.jpg 1920w\" sizes=\"(max-width: 225px) 100vw, 225px\" \/><\/a>\n\t\t\t<\/div><\/figure><figure class='gallery-item'>\n\t\t\t<div class='gallery-icon landscape'>\n\t\t\t\t<a href='https:\/\/ciiam.org\/en\/CIIAM-clausura-la-ii-edicion-del-curso-de-practica-avanzada-para-arbitros\/img_2214-2\/'><img decoding=\"async\" width=\"300\" height=\"225\" src=\"https:\/\/ciiam.org\/wp-content\/uploads\/2025\/10\/IMG_2214-300x225.jpg\" class=\"attachment-medium size-medium\" alt=\"\" srcset=\"https:\/\/ciiam.org\/wp-content\/uploads\/2025\/10\/IMG_2214-300x225.jpg 300w, https:\/\/ciiam.org\/wp-content\/uploads\/2025\/10\/IMG_2214-1024x768.jpg 1024w, https:\/\/ciiam.org\/wp-content\/uploads\/2025\/10\/IMG_2214-768x576.jpg 768w, https:\/\/ciiam.org\/wp-content\/uploads\/2025\/10\/IMG_2214-1536x1152.jpg 1536w, https:\/\/ciiam.org\/wp-content\/uploads\/2025\/10\/IMG_2214.jpg 2032w\" sizes=\"(max-width: 300px) 100vw, 300px\" \/><\/a>\n\t\t\t<\/div><\/figure><figure class='gallery-item'>\n\t\t\t<div class='gallery-icon landscape'>\n\t\t\t\t<a href='https:\/\/ciiam.org\/en\/CIIAM-clausura-la-ii-edicion-del-curso-de-practica-avanzada-para-arbitros\/img_2211-2\/'><img loading=\"lazy\" decoding=\"async\" width=\"300\" height=\"225\" src=\"https:\/\/ciiam.org\/wp-content\/uploads\/2025\/10\/IMG_2211-300x225.jpg\" class=\"attachment-medium size-medium\" alt=\"\" srcset=\"https:\/\/ciiam.org\/wp-content\/uploads\/2025\/10\/IMG_2211-300x225.jpg 300w, https:\/\/ciiam.org\/wp-content\/uploads\/2025\/10\/IMG_2211-1024x768.jpg 1024w, https:\/\/ciiam.org\/wp-content\/uploads\/2025\/10\/IMG_2211-768x576.jpg 768w, https:\/\/ciiam.org\/wp-content\/uploads\/2025\/10\/IMG_2211-1536x1152.jpg 1536w, https:\/\/ciiam.org\/wp-content\/uploads\/2025\/10\/IMG_2211.jpg 2032w\" sizes=\"(max-width: 300px) 100vw, 300px\" \/><\/a>\n\t\t\t<\/div><\/figure><figure class='gallery-item'>\n\t\t\t<div class='gallery-icon landscape'>\n\t\t\t\t<a href='https:\/\/ciiam.org\/en\/CIIAM-clausura-la-ii-edicion-del-curso-de-practica-avanzada-para-arbitros\/img_5774-2\/'><img loading=\"lazy\" decoding=\"async\" width=\"300\" height=\"225\" src=\"https:\/\/ciiam.org\/wp-content\/uploads\/2025\/10\/IMG_5774-300x225.jpeg\" class=\"attachment-medium size-medium\" alt=\"\" srcset=\"https:\/\/ciiam.org\/wp-content\/uploads\/2025\/10\/IMG_5774-300x225.jpeg 300w, https:\/\/ciiam.org\/wp-content\/uploads\/2025\/10\/IMG_5774-1024x768.jpeg 1024w, https:\/\/ciiam.org\/wp-content\/uploads\/2025\/10\/IMG_5774-768x576.jpeg 768w, https:\/\/ciiam.org\/wp-content\/uploads\/2025\/10\/IMG_5774-1536x1152.jpeg 1536w, https:\/\/ciiam.org\/wp-content\/uploads\/2025\/10\/IMG_5774-2048x1536.jpeg 2048w\" sizes=\"(max-width: 300px) 100vw, 300px\" \/><\/a>\n\t\t\t<\/div><\/figure><figure class='gallery-item'>\n\t\t\t<div class='gallery-icon landscape'>\n\t\t\t\t<a href='https:\/\/ciiam.org\/en\/CIIAM-clausura-la-ii-edicion-del-curso-de-practica-avanzada-para-arbitros\/img_2216-2\/'><img loading=\"lazy\" decoding=\"async\" width=\"300\" height=\"225\" src=\"https:\/\/ciiam.org\/wp-content\/uploads\/2025\/10\/IMG_2216-300x225.jpeg\" class=\"attachment-medium size-medium\" alt=\"\" srcset=\"https:\/\/ciiam.org\/wp-content\/uploads\/2025\/10\/IMG_2216-300x225.jpeg 300w, https:\/\/ciiam.org\/wp-content\/uploads\/2025\/10\/IMG_2216-1024x768.jpeg 1024w, https:\/\/ciiam.org\/wp-content\/uploads\/2025\/10\/IMG_2216-768x576.jpeg 768w, https:\/\/ciiam.org\/wp-content\/uploads\/2025\/10\/IMG_2216-1536x1152.jpeg 1536w, https:\/\/ciiam.org\/wp-content\/uploads\/2025\/10\/IMG_2216-2048x1536.jpeg 2048w\" sizes=\"(max-width: 300px) 100vw, 300px\" \/><\/a>\n\t\t\t<\/div><\/figure><figure class='gallery-item'>\n\t\t\t<div class='gallery-icon portrait'>\n\t\t\t\t<a href='https:\/\/ciiam.org\/en\/CIIAM-clausura-la-ii-edicion-del-curso-de-practica-avanzada-para-arbitros\/img_5817-2\/'><img loading=\"lazy\" decoding=\"async\" width=\"225\" height=\"300\" src=\"https:\/\/ciiam.org\/wp-content\/uploads\/2025\/10\/IMG_5817-225x300.jpeg\" class=\"attachment-medium size-medium\" alt=\"\" srcset=\"https:\/\/ciiam.org\/wp-content\/uploads\/2025\/10\/IMG_5817-225x300.jpeg 225w, https:\/\/ciiam.org\/wp-content\/uploads\/2025\/10\/IMG_5817-768x1024.jpeg 768w, https:\/\/ciiam.org\/wp-content\/uploads\/2025\/10\/IMG_5817-300x400.jpeg 300w, https:\/\/ciiam.org\/wp-content\/uploads\/2025\/10\/IMG_5817-1152x1536.jpeg 1152w, https:\/\/ciiam.org\/wp-content\/uploads\/2025\/10\/IMG_5817-1536x2048.jpeg 1536w, https:\/\/ciiam.org\/wp-content\/uploads\/2025\/10\/IMG_5817-scaled.jpeg 1920w\" sizes=\"(max-width: 225px) 100vw, 225px\" \/><\/a>\n\t\t\t<\/div><\/figure><figure class='gallery-item'>\n\t\t\t<div class='gallery-icon landscape'>\n\t\t\t\t<a href='https:\/\/ciiam.org\/en\/CIIAM-clausura-la-ii-edicion-del-curso-de-practica-avanzada-para-arbitros\/img_2151-2\/'><img loading=\"lazy\" decoding=\"async\" width=\"300\" height=\"225\" src=\"https:\/\/ciiam.org\/wp-content\/uploads\/2025\/10\/IMG_2151-300x225.jpg\" class=\"attachment-medium size-medium\" alt=\"\" srcset=\"https:\/\/ciiam.org\/wp-content\/uploads\/2025\/10\/IMG_2151-300x225.jpg 300w, https:\/\/ciiam.org\/wp-content\/uploads\/2025\/10\/IMG_2151-1024x768.jpg 1024w, https:\/\/ciiam.org\/wp-content\/uploads\/2025\/10\/IMG_2151-768x576.jpg 768w, https:\/\/ciiam.org\/wp-content\/uploads\/2025\/10\/IMG_2151-1536x1152.jpg 1536w, https:\/\/ciiam.org\/wp-content\/uploads\/2025\/10\/IMG_2151.jpg 2032w\" sizes=\"(max-width: 300px) 100vw, 300px\" \/><\/a>\n\t\t\t<\/div><\/figure><figure class='gallery-item'>\n\t\t\t<div class='gallery-icon portrait'>\n\t\t\t\t<a href='https:\/\/ciiam.org\/en\/CIIAM-clausura-la-ii-edicion-del-curso-de-practica-avanzada-para-arbitros\/img_2144-2\/'><img loading=\"lazy\" decoding=\"async\" width=\"225\" height=\"300\" src=\"https:\/\/ciiam.org\/wp-content\/uploads\/2025\/10\/IMG_2144-225x300.jpg\" class=\"attachment-medium size-medium\" alt=\"\" srcset=\"https:\/\/ciiam.org\/wp-content\/uploads\/2025\/10\/IMG_2144-225x300.jpg 225w, https:\/\/ciiam.org\/wp-content\/uploads\/2025\/10\/IMG_2144-768x1024.jpg 768w, https:\/\/ciiam.org\/wp-content\/uploads\/2025\/10\/IMG_2144-300x400.jpg 300w, https:\/\/ciiam.org\/wp-content\/uploads\/2025\/10\/IMG_2144-1152x1536.jpg 1152w, https:\/\/ciiam.org\/wp-content\/uploads\/2025\/10\/IMG_2144-1536x2048.jpg 1536w, https:\/\/ciiam.org\/wp-content\/uploads\/2025\/10\/IMG_2144-scaled.jpg 1920w\" sizes=\"(max-width: 225px) 100vw, 225px\" \/><\/a>\n\t\t\t<\/div><\/figure><figure class='gallery-item'>\n\t\t\t<div class='gallery-icon landscape'>\n\t\t\t\t<a href='https:\/\/ciiam.org\/en\/CIIAM-clausura-la-ii-edicion-del-curso-de-practica-avanzada-para-arbitros\/img_2141-2\/'><img loading=\"lazy\" decoding=\"async\" width=\"300\" height=\"225\" src=\"https:\/\/ciiam.org\/wp-content\/uploads\/2025\/10\/IMG_2141-300x225.jpg\" class=\"attachment-medium size-medium\" alt=\"\" srcset=\"https:\/\/ciiam.org\/wp-content\/uploads\/2025\/10\/IMG_2141-300x225.jpg 300w, https:\/\/ciiam.org\/wp-content\/uploads\/2025\/10\/IMG_2141-1024x768.jpg 1024w, https:\/\/ciiam.org\/wp-content\/uploads\/2025\/10\/IMG_2141-768x576.jpg 768w, https:\/\/ciiam.org\/wp-content\/uploads\/2025\/10\/IMG_2141-1536x1152.jpg 1536w, https:\/\/ciiam.org\/wp-content\/uploads\/2025\/10\/IMG_2141.jpg 2032w\" sizes=\"(max-width: 300px) 100vw, 300px\" \/><\/a>\n\t\t\t<\/div><\/figure><figure class='gallery-item'>\n\t\t\t<div class='gallery-icon landscape'>\n\t\t\t\t<a href='https:\/\/ciiam.org\/en\/CIIAM-clausura-la-ii-edicion-del-curso-de-practica-avanzada-para-arbitros\/img_2140-2\/'><img loading=\"lazy\" decoding=\"async\" width=\"300\" height=\"225\" src=\"https:\/\/ciiam.org\/wp-content\/uploads\/2025\/10\/IMG_2140-300x225.jpg\" class=\"attachment-medium size-medium\" alt=\"\" srcset=\"https:\/\/ciiam.org\/wp-content\/uploads\/2025\/10\/IMG_2140-300x225.jpg 300w, https:\/\/ciiam.org\/wp-content\/uploads\/2025\/10\/IMG_2140-1024x768.jpg 1024w, https:\/\/ciiam.org\/wp-content\/uploads\/2025\/10\/IMG_2140-768x576.jpg 768w, https:\/\/ciiam.org\/wp-content\/uploads\/2025\/10\/IMG_2140-1536x1152.jpg 1536w, https:\/\/ciiam.org\/wp-content\/uploads\/2025\/10\/IMG_2140.jpg 2032w\" sizes=\"(max-width: 300px) 100vw, 300px\" \/><\/a>\n\t\t\t<\/div><\/figure><figure class='gallery-item'>\n\t\t\t<div class='gallery-icon portrait'>\n\t\t\t\t<a href='https:\/\/ciiam.org\/en\/CIIAM-clausura-la-ii-edicion-del-curso-de-practica-avanzada-para-arbitros\/img_2123-2\/'><img loading=\"lazy\" decoding=\"async\" width=\"225\" height=\"300\" src=\"https:\/\/ciiam.org\/wp-content\/uploads\/2025\/10\/IMG_2123-225x300.jpg\" class=\"attachment-medium size-medium\" alt=\"\" srcset=\"https:\/\/ciiam.org\/wp-content\/uploads\/2025\/10\/IMG_2123-225x300.jpg 225w, https:\/\/ciiam.org\/wp-content\/uploads\/2025\/10\/IMG_2123-768x1024.jpg 768w, https:\/\/ciiam.org\/wp-content\/uploads\/2025\/10\/IMG_2123-300x400.jpg 300w, https:\/\/ciiam.org\/wp-content\/uploads\/2025\/10\/IMG_2123-1152x1536.jpg 1152w, https:\/\/ciiam.org\/wp-content\/uploads\/2025\/10\/IMG_2123-1536x2048.jpg 1536w, https:\/\/ciiam.org\/wp-content\/uploads\/2025\/10\/IMG_2123-scaled.jpg 1920w\" sizes=\"(max-width: 225px) 100vw, 225px\" \/><\/a>\n\t\t\t<\/div><\/figure>\n\t\t<\/div>\n\n","protected":false},"excerpt":{"rendered":"<p>El Centro Internacional e Iberoamericano de Arbitraje de Madrid (CIIAM) y el Club Espa\u00f1ol e Iberoamericano del Arbitraje (CEIA) han celebrado la clausura de la segunda edici\u00f3n del Curso de Pr\u00e1ctica Avanzada para \u00c1rbitros, un programa que se consolida como uno de los proyectos pilares del CIIAM y un referente para la comunidad iberoamericana. Con [&hellip;]<\/p>\n","protected":false},"author":18,"featured_media":32754,"comment_status":"closed","ping_status":"open","sticky":false,"template":"","format":"standard","meta":{"footnotes":""},"categories":[17],"tags":[],"class_list":["post-32753","post","type-post","status-publish","format-standard","has-post-thumbnail","hentry","category-actualidad"],"yoast_head":"<!-- This site is optimized with the Yoast SEO plugin v27.3 - https:\/\/yoast.com\/product\/yoast-seo-wordpress\/ -->\n<title>CIIAM clausura la II edici\u00f3n del Curso de Pr\u00e1ctica Avanzada para \u00c1rbitros - CIIAM<\/title>\n<meta name=\"description\" content=\"El Centro Internacional e Iberoamericano de Arbitraje de Madrid (CIIAM) y el Club Espa\u00f1ol e Iberoamericano del Arbitraje (CEIA) han celebrado la clausura de la segunda edici\u00f3n del Curso de Pr\u00e1ctica Avanzada para \u00c1rbitros, un programa que se consolida como uno de los proyectos pilares del CIIAM y un referente para la comunidad iberoamericana.\" \/>\n<meta name=\"robots\" content=\"index, follow, max-snippet:-1, max-image-preview:large, max-video-preview:-1\" \/>\n<link rel=\"canonical\" href=\"https:\/\/ciiam.org\/en\/CIIAM-clausura-la-ii-edicion-del-curso-de-practica-avanzada-para-arbitros\/\" \/>\n<meta property=\"og:locale\" content=\"en_US\" \/>\n<meta property=\"og:type\" content=\"article\" \/>\n<meta property=\"og:title\" content=\"CIIAM clausura la II edici\u00f3n del Curso de Pr\u00e1ctica Avanzada para \u00c1rbitros - CIIAM\" \/>\n<meta property=\"og:description\" content=\"El Centro Internacional e Iberoamericano de Arbitraje de Madrid (CIIAM) y el Club Espa\u00f1ol e Iberoamericano del Arbitraje (CEIA) han celebrado la clausura de la segunda edici\u00f3n del Curso de Pr\u00e1ctica Avanzada para \u00c1rbitros, un programa que se consolida como uno de los proyectos pilares del CIIAM y un referente para la comunidad iberoamericana.\" \/>\n<meta property=\"og:url\" content=\"https:\/\/ciiam.org\/en\/CIIAM-clausura-la-ii-edicion-del-curso-de-practica-avanzada-para-arbitros\/\" \/>\n<meta property=\"og:site_name\" content=\"CIIAM\" \/>\n<meta property=\"article:published_time\" content=\"2025-10-09T09:47:00+00:00\" \/>\n<meta property=\"article:modified_time\" content=\"2025-10-09T09:49:26+00:00\" \/>\n<meta property=\"og:image\" content=\"https:\/\/ciiam.org\/wp-content\/uploads\/2025\/10\/Foto-grupal.jpg\" \/>\n\t<meta property=\"og:image:width\" content=\"1600\" \/>\n\t<meta property=\"og:image:height\" content=\"1200\" \/>\n\t<meta property=\"og:image:type\" content=\"image\/jpeg\" \/>\n<meta name=\"author\" content=\"P. Moraleda\" \/>\n<meta name=\"twitter:card\" content=\"summary_large_image\" \/>\n<meta name=\"twitter:label1\" content=\"Written by\" \/>\n\t<meta name=\"twitter:data1\" content=\"P. Moraleda\" \/>\n\t<meta name=\"twitter:label2\" content=\"Est. reading time\" \/>\n\t<meta name=\"twitter:data2\" content=\"3 minutes\" \/>\n<script type=\"application\/ld+json\" class=\"yoast-schema-graph\">{\"@context\":\"https:\\\/\\\/schema.org\",\"@graph\":[{\"@type\":\"Article\",\"@id\":\"https:\\\/\\\/ciiam.org\\\/en\\\/CIIAM-clausura-la-ii-edicion-del-curso-de-practica-avanzada-para-arbitros\\\/#article\",\"isPartOf\":{\"@id\":\"https:\\\/\\\/ciiam.org\\\/en\\\/CIIAM-clausura-la-ii-edicion-del-curso-de-practica-avanzada-para-arbitros\\\/\"},\"author\":{\"name\":\"P. Moraleda\",\"@id\":\"https:\\\/\\\/ciiam.org\\\/en\\\/#\\\/schema\\\/person\\\/d11b69fd6be9dfb32edb8758b44c599f\"},\"headline\":\"CIIAM clausura la II edici\u00f3n del Curso de Pr\u00e1ctica Avanzada para \u00c1rbitros\",\"datePublished\":\"2025-10-09T09:47:00+00:00\",\"dateModified\":\"2025-10-09T09:49:26+00:00\",\"mainEntityOfPage\":{\"@id\":\"https:\\\/\\\/ciiam.org\\\/en\\\/CIIAM-clausura-la-ii-edicion-del-curso-de-practica-avanzada-para-arbitros\\\/\"},\"wordCount\":663,\"publisher\":{\"@id\":\"https:\\\/\\\/ciiam.org\\\/en\\\/#organization\"},\"image\":{\"@id\":\"https:\\\/\\\/ciiam.org\\\/en\\\/CIIAM-clausura-la-ii-edicion-del-curso-de-practica-avanzada-para-arbitros\\\/#primaryimage\"},\"thumbnailUrl\":\"https:\\\/\\\/ciiam.org\\\/wp-content\\\/uploads\\\/2025\\\/10\\\/Foto-grupal.jpg\",\"articleSection\":[\"Actualidad\"],\"inLanguage\":\"en-US\"},{\"@type\":\"WebPage\",\"@id\":\"https:\\\/\\\/ciiam.org\\\/en\\\/CIIAM-clausura-la-ii-edicion-del-curso-de-practica-avanzada-para-arbitros\\\/\",\"url\":\"https:\\\/\\\/ciiam.org\\\/en\\\/CIIAM-clausura-la-ii-edicion-del-curso-de-practica-avanzada-para-arbitros\\\/\",\"name\":\"CIIAM clausura la II edici\u00f3n del Curso de Pr\u00e1ctica Avanzada para \u00c1rbitros - CIIAM\",\"isPartOf\":{\"@id\":\"https:\\\/\\\/ciiam.org\\\/en\\\/#website\"},\"primaryImageOfPage\":{\"@id\":\"https:\\\/\\\/ciiam.org\\\/en\\\/CIIAM-clausura-la-ii-edicion-del-curso-de-practica-avanzada-para-arbitros\\\/#primaryimage\"},\"image\":{\"@id\":\"https:\\\/\\\/ciiam.org\\\/en\\\/CIIAM-clausura-la-ii-edicion-del-curso-de-practica-avanzada-para-arbitros\\\/#primaryimage\"},\"thumbnailUrl\":\"https:\\\/\\\/ciiam.org\\\/wp-content\\\/uploads\\\/2025\\\/10\\\/Foto-grupal.jpg\",\"datePublished\":\"2025-10-09T09:47:00+00:00\",\"dateModified\":\"2025-10-09T09:49:26+00:00\",\"description\":\"El Centro Internacional e Iberoamericano de Arbitraje de Madrid (CIIAM) y el Club Espa\u00f1ol e Iberoamericano del Arbitraje (CEIA) han celebrado la clausura de la segunda edici\u00f3n del Curso de Pr\u00e1ctica Avanzada para \u00c1rbitros, un programa que se consolida como uno de los proyectos pilares del CIIAM y un referente para la comunidad iberoamericana.\",\"breadcrumb\":{\"@id\":\"https:\\\/\\\/ciiam.org\\\/en\\\/CIIAM-clausura-la-ii-edicion-del-curso-de-practica-avanzada-para-arbitros\\\/#breadcrumb\"},\"inLanguage\":\"en-US\",\"potentialAction\":[{\"@type\":\"ReadAction\",\"target\":[\"https:\\\/\\\/ciiam.org\\\/en\\\/CIIAM-clausura-la-ii-edicion-del-curso-de-practica-avanzada-para-arbitros\\\/\"]}]},{\"@type\":\"ImageObject\",\"inLanguage\":\"en-US\",\"@id\":\"https:\\\/\\\/ciiam.org\\\/en\\\/CIIAM-clausura-la-ii-edicion-del-curso-de-practica-avanzada-para-arbitros\\\/#primaryimage\",\"url\":\"https:\\\/\\\/ciiam.org\\\/wp-content\\\/uploads\\\/2025\\\/10\\\/Foto-grupal.jpg\",\"contentUrl\":\"https:\\\/\\\/ciiam.org\\\/wp-content\\\/uploads\\\/2025\\\/10\\\/Foto-grupal.jpg\",\"width\":1600,\"height\":1200,\"caption\":\"Curso\"},{\"@type\":\"BreadcrumbList\",\"@id\":\"https:\\\/\\\/ciiam.org\\\/en\\\/CIIAM-clausura-la-ii-edicion-del-curso-de-practica-avanzada-para-arbitros\\\/#breadcrumb\",\"itemListElement\":[{\"@type\":\"ListItem\",\"position\":1,\"name\":\"CIAM\",\"item\":\"https:\\\/\\\/ciiam.org\\\/en\\\/\"},{\"@type\":\"ListItem\",\"position\":2,\"name\":\"CIIAM clausura la II edici\u00f3n del Curso de Pr\u00e1ctica Avanzada para \u00c1rbitros\"}]},{\"@type\":\"WebSite\",\"@id\":\"https:\\\/\\\/ciiam.org\\\/en\\\/#website\",\"url\":\"https:\\\/\\\/ciiam.org\\\/en\\\/\",\"name\":\"CIIAM\",\"description\":\"Centro Internacional e Iberoamericano de Arbitraje de Madrid\",\"publisher\":{\"@id\":\"https:\\\/\\\/ciiam.org\\\/en\\\/#organization\"},\"potentialAction\":[{\"@type\":\"SearchAction\",\"target\":{\"@type\":\"EntryPoint\",\"urlTemplate\":\"https:\\\/\\\/ciiam.org\\\/en\\\/?s={search_term_string}\"},\"query-input\":{\"@type\":\"PropertyValueSpecification\",\"valueRequired\":true,\"valueName\":\"search_term_string\"}}],\"inLanguage\":\"en-US\"},{\"@type\":\"Organization\",\"@id\":\"https:\\\/\\\/ciiam.org\\\/en\\\/#organization\",\"name\":\"Centro Internacional e Iberoamericano de Arbitraje de Madrid\",\"alternateName\":\"CIIAM\",\"url\":\"https:\\\/\\\/ciiam.org\\\/en\\\/\",\"logo\":{\"@type\":\"ImageObject\",\"inLanguage\":\"en-US\",\"@id\":\"https:\\\/\\\/ciiam.org\\\/en\\\/#\\\/schema\\\/logo\\\/image\\\/\",\"url\":\"https:\\\/\\\/ciiam.org\\\/wp-content\\\/uploads\\\/2026\\\/01\\\/favicon.png\",\"contentUrl\":\"https:\\\/\\\/ciiam.org\\\/wp-content\\\/uploads\\\/2026\\\/01\\\/favicon.png\",\"width\":500,\"height\":500,\"caption\":\"Centro Internacional e Iberoamericano de Arbitraje de Madrid\"},\"image\":{\"@id\":\"https:\\\/\\\/ciiam.org\\\/en\\\/#\\\/schema\\\/logo\\\/image\\\/\"},\"sameAs\":[\"https:\\\/\\\/www.linkedin.com\\\/company\\\/ciam-centro-internacional-arbitraje-madrid?trk=d_public_post_image\",\"https:\\\/\\\/www.youtube.com\\\/channel\\\/UCU2OI7SAQFv5uXAZ4qO4ALg\"]},{\"@type\":\"Person\",\"@id\":\"https:\\\/\\\/ciiam.org\\\/en\\\/#\\\/schema\\\/person\\\/d11b69fd6be9dfb32edb8758b44c599f\",\"name\":\"P. Moraleda\",\"image\":{\"@type\":\"ImageObject\",\"inLanguage\":\"en-US\",\"@id\":\"https:\\\/\\\/secure.gravatar.com\\\/avatar\\\/fe6c4f5a609355ad487e648d2b4aebf57a2fa1e7508fc4a6bd1d2b5420b286df?s=96&d=mm&r=g\",\"url\":\"https:\\\/\\\/secure.gravatar.com\\\/avatar\\\/fe6c4f5a609355ad487e648d2b4aebf57a2fa1e7508fc4a6bd1d2b5420b286df?s=96&d=mm&r=g\",\"contentUrl\":\"https:\\\/\\\/secure.gravatar.com\\\/avatar\\\/fe6c4f5a609355ad487e648d2b4aebf57a2fa1e7508fc4a6bd1d2b5420b286df?s=96&d=mm&r=g\",\"caption\":\"P. Moraleda\"},\"url\":\"https:\\\/\\\/ciiam.org\\\/en\\\/author\\\/3on1a-0sed-24\\\/\"}]}<\/script>\n<!-- \/ Yoast SEO plugin. -->","yoast_head_json":{"title":"CIIAM clausura la II edici\u00f3n del Curso de Pr\u00e1ctica Avanzada para \u00c1rbitros - CIIAM","description":"El Centro Internacional e Iberoamericano de Arbitraje de Madrid (CIIAM) y el Club Espa\u00f1ol e Iberoamericano del Arbitraje (CEIA) han celebrado la clausura de la segunda edici\u00f3n del Curso de Pr\u00e1ctica Avanzada para \u00c1rbitros, un programa que se consolida como uno de los proyectos pilares del CIIAM y un referente para la comunidad iberoamericana.","robots":{"index":"index","follow":"follow","max-snippet":"max-snippet:-1","max-image-preview":"max-image-preview:large","max-video-preview":"max-video-preview:-1"},"canonical":"https:\/\/ciiam.org\/en\/CIIAM-clausura-la-ii-edicion-del-curso-de-practica-avanzada-para-arbitros\/","og_locale":"en_US","og_type":"article","og_title":"CIIAM clausura la II edici\u00f3n del Curso de Pr\u00e1ctica Avanzada para \u00c1rbitros - CIIAM","og_description":"El Centro Internacional e Iberoamericano de Arbitraje de Madrid (CIIAM) y el Club Espa\u00f1ol e Iberoamericano del Arbitraje (CEIA) han celebrado la clausura de la segunda edici\u00f3n del Curso de Pr\u00e1ctica Avanzada para \u00c1rbitros, un programa que se consolida como uno de los proyectos pilares del CIIAM y un referente para la comunidad iberoamericana.","og_url":"https:\/\/ciiam.org\/en\/CIIAM-clausura-la-ii-edicion-del-curso-de-practica-avanzada-para-arbitros\/","og_site_name":"CIIAM","article_published_time":"2025-10-09T09:47:00+00:00","article_modified_time":"2025-10-09T09:49:26+00:00","og_image":[{"width":1600,"height":1200,"url":"https:\/\/ciiam.org\/wp-content\/uploads\/2025\/10\/Foto-grupal.jpg","type":"image\/jpeg"}],"author":"P. Moraleda","twitter_card":"summary_large_image","twitter_misc":{"Written by":"P. Moraleda","Est. reading time":"3 minutes"},"schema":{"@context":"https:\/\/schema.org","@graph":[{"@type":"Article","@id":"https:\/\/ciiam.org\/en\/CIIAM-clausura-la-ii-edicion-del-curso-de-practica-avanzada-para-arbitros\/#article","isPartOf":{"@id":"https:\/\/ciiam.org\/en\/CIIAM-clausura-la-ii-edicion-del-curso-de-practica-avanzada-para-arbitros\/"},"author":{"name":"P. Moraleda","@id":"https:\/\/ciiam.org\/en\/#\/schema\/person\/d11b69fd6be9dfb32edb8758b44c599f"},"headline":"CIIAM clausura la II edici\u00f3n del Curso de Pr\u00e1ctica Avanzada para \u00c1rbitros","datePublished":"2025-10-09T09:47:00+00:00","dateModified":"2025-10-09T09:49:26+00:00","mainEntityOfPage":{"@id":"https:\/\/ciiam.org\/en\/CIIAM-clausura-la-ii-edicion-del-curso-de-practica-avanzada-para-arbitros\/"},"wordCount":663,"publisher":{"@id":"https:\/\/ciiam.org\/en\/#organization"},"image":{"@id":"https:\/\/ciiam.org\/en\/CIIAM-clausura-la-ii-edicion-del-curso-de-practica-avanzada-para-arbitros\/#primaryimage"},"thumbnailUrl":"https:\/\/ciiam.org\/wp-content\/uploads\/2025\/10\/Foto-grupal.jpg","articleSection":["Actualidad"],"inLanguage":"en-US"},{"@type":"WebPage","@id":"https:\/\/ciiam.org\/en\/CIIAM-clausura-la-ii-edicion-del-curso-de-practica-avanzada-para-arbitros\/","url":"https:\/\/ciiam.org\/en\/CIIAM-clausura-la-ii-edicion-del-curso-de-practica-avanzada-para-arbitros\/","name":"CIIAM clausura la II edici\u00f3n del Curso de Pr\u00e1ctica Avanzada para \u00c1rbitros - CIIAM","isPartOf":{"@id":"https:\/\/ciiam.org\/en\/#website"},"primaryImageOfPage":{"@id":"https:\/\/ciiam.org\/en\/CIIAM-clausura-la-ii-edicion-del-curso-de-practica-avanzada-para-arbitros\/#primaryimage"},"image":{"@id":"https:\/\/ciiam.org\/en\/CIIAM-clausura-la-ii-edicion-del-curso-de-practica-avanzada-para-arbitros\/#primaryimage"},"thumbnailUrl":"https:\/\/ciiam.org\/wp-content\/uploads\/2025\/10\/Foto-grupal.jpg","datePublished":"2025-10-09T09:47:00+00:00","dateModified":"2025-10-09T09:49:26+00:00","description":"El Centro Internacional e Iberoamericano de Arbitraje de Madrid (CIIAM) y el Club Espa\u00f1ol e Iberoamericano del Arbitraje (CEIA) han celebrado la clausura de la segunda edici\u00f3n del Curso de Pr\u00e1ctica Avanzada para \u00c1rbitros, un programa que se consolida como uno de los proyectos pilares del CIIAM y un referente para la comunidad iberoamericana.","breadcrumb":{"@id":"https:\/\/ciiam.org\/en\/CIIAM-clausura-la-ii-edicion-del-curso-de-practica-avanzada-para-arbitros\/#breadcrumb"},"inLanguage":"en-US","potentialAction":[{"@type":"ReadAction","target":["https:\/\/ciiam.org\/en\/CIIAM-clausura-la-ii-edicion-del-curso-de-practica-avanzada-para-arbitros\/"]}]},{"@type":"ImageObject","inLanguage":"en-US","@id":"https:\/\/ciiam.org\/en\/CIIAM-clausura-la-ii-edicion-del-curso-de-practica-avanzada-para-arbitros\/#primaryimage","url":"https:\/\/ciiam.org\/wp-content\/uploads\/2025\/10\/Foto-grupal.jpg","contentUrl":"https:\/\/ciiam.org\/wp-content\/uploads\/2025\/10\/Foto-grupal.jpg","width":1600,"height":1200,"caption":"Curso"},{"@type":"BreadcrumbList","@id":"https:\/\/ciiam.org\/en\/CIIAM-clausura-la-ii-edicion-del-curso-de-practica-avanzada-para-arbitros\/#breadcrumb","itemListElement":[{"@type":"ListItem","position":1,"name":"CIAM","item":"https:\/\/ciiam.org\/en\/"},{"@type":"ListItem","position":2,"name":"CIIAM clausura la II edici\u00f3n del Curso de Pr\u00e1ctica Avanzada para \u00c1rbitros"}]},{"@type":"WebSite","@id":"https:\/\/ciiam.org\/en\/#website","url":"https:\/\/ciiam.org\/en\/","name":"CIIAM","description":"Centro Internacional e Iberoamericano de Arbitraje de Madrid","publisher":{"@id":"https:\/\/ciiam.org\/en\/#organization"},"potentialAction":[{"@type":"SearchAction","target":{"@type":"EntryPoint","urlTemplate":"https:\/\/ciiam.org\/en\/?s={search_term_string}"},"query-input":{"@type":"PropertyValueSpecification","valueRequired":true,"valueName":"search_term_string"}}],"inLanguage":"en-US"},{"@type":"Organization","@id":"https:\/\/ciiam.org\/en\/#organization","name":"Centro Internacional e Iberoamericano de Arbitraje de Madrid","alternateName":"CIIAM","url":"https:\/\/ciiam.org\/en\/","logo":{"@type":"ImageObject","inLanguage":"en-US","@id":"https:\/\/ciiam.org\/en\/#\/schema\/logo\/image\/","url":"https:\/\/ciiam.org\/wp-content\/uploads\/2026\/01\/favicon.png","contentUrl":"https:\/\/ciiam.org\/wp-content\/uploads\/2026\/01\/favicon.png","width":500,"height":500,"caption":"Centro Internacional e Iberoamericano de Arbitraje de Madrid"},"image":{"@id":"https:\/\/ciiam.org\/en\/#\/schema\/logo\/image\/"},"sameAs":["https:\/\/www.linkedin.com\/company\/ciam-centro-internacional-arbitraje-madrid?trk=d_public_post_image","https:\/\/www.youtube.com\/channel\/UCU2OI7SAQFv5uXAZ4qO4ALg"]},{"@type":"Person","@id":"https:\/\/ciiam.org\/en\/#\/schema\/person\/d11b69fd6be9dfb32edb8758b44c599f","name":"P. Moraleda","image":{"@type":"ImageObject","inLanguage":"en-US","@id":"https:\/\/secure.gravatar.com\/avatar\/fe6c4f5a609355ad487e648d2b4aebf57a2fa1e7508fc4a6bd1d2b5420b286df?s=96&d=mm&r=g","url":"https:\/\/secure.gravatar.com\/avatar\/fe6c4f5a609355ad487e648d2b4aebf57a2fa1e7508fc4a6bd1d2b5420b286df?s=96&d=mm&r=g","contentUrl":"https:\/\/secure.gravatar.com\/avatar\/fe6c4f5a609355ad487e648d2b4aebf57a2fa1e7508fc4a6bd1d2b5420b286df?s=96&d=mm&r=g","caption":"P. Moraleda"},"url":"https:\/\/ciiam.org\/en\/author\/3on1a-0sed-24\/"}]}},"_links":{"self":[{"href":"https:\/\/ciiam.org\/en\/wp-json\/wp\/v2\/posts\/32753","targetHints":{"allow":["GET"]}}],"collection":[{"href":"https:\/\/ciiam.org\/en\/wp-json\/wp\/v2\/posts"}],"about":[{"href":"https:\/\/ciiam.org\/en\/wp-json\/wp\/v2\/types\/post"}],"author":[{"embeddable":true,"href":"https:\/\/ciiam.org\/en\/wp-json\/wp\/v2\/users\/18"}],"replies":[{"embeddable":true,"href":"https:\/\/ciiam.org\/en\/wp-json\/wp\/v2\/comments?post=32753"}],"version-history":[{"count":3,"href":"https:\/\/ciiam.org\/en\/wp-json\/wp\/v2\/posts\/32753\/revisions"}],"predecessor-version":[{"id":32782,"href":"https:\/\/ciiam.org\/en\/wp-json\/wp\/v2\/posts\/32753\/revisions\/32782"}],"wp:featuredmedia":[{"embeddable":true,"href":"https:\/\/ciiam.org\/en\/wp-json\/wp\/v2\/media\/32754"}],"wp:attachment":[{"href":"https:\/\/ciiam.org\/en\/wp-json\/wp\/v2\/media?parent=32753"}],"wp:term":[{"taxonomy":"category","embeddable":true,"href":"https:\/\/ciiam.org\/en\/wp-json\/wp\/v2\/categories?post=32753"},{"taxonomy":"post_tag","embeddable":true,"href":"https:\/\/ciiam.org\/en\/wp-json\/wp\/v2\/tags?post=32753"}],"curies":[{"name":"wp","href":"https:\/\/api.w.org\/{rel}","templated":true}]}}