{"id":33032,"date":"2025-11-05T09:06:49","date_gmt":"2025-11-05T09:06:49","guid":{"rendered":"https:\/\/ciiam.org\/?p=33032"},"modified":"2025-11-05T09:15:06","modified_gmt":"2025-11-05T09:15:06","slug":"el-ministerio-de-asuntos-exteriores-CIIAM-y-ceia-unen-fuerzas-para-que-el-espanol-arbitraje-internacional","status":"publish","type":"post","link":"https:\/\/ciiam.org\/en\/el-ministerio-de-asuntos-exteriores-CIIAM-y-ceia-unen-fuerzas-para-que-el-espanol-arbitraje-internacional\/","title":{"rendered":"El Ministerio de Asuntos Exteriores, CIIAM y CEIA unen fuerzas para que el espa\u00f1ol ocupe su lugar natural en el arbitraje internacional"},"content":{"rendered":"<ul>\n<li><strong>Jos\u00e9 Mar\u00eda Alonso y Marta Lalaguna, presidente y secretaria general de CIIAM, respectivamente, han participado en la jornada \u201cLa importancia creciente del espa\u00f1ol en el espacio jur\u00eddico internacional: el espa\u00f1ol en el arbitraje\u201d, organizada por el Ministerio de Asuntos Exteriores, Uni\u00f3n Europea y Cooperaci\u00f3n.<\/strong><\/li>\n<\/ul>\n<ul>\n<li><strong>El acto ha sido inaugurado por el ministro de Asuntos Exteriores, Uni\u00f3n Europea y Cooperaci\u00f3n, Jos\u00e9 Manuel Albares.<\/strong><\/li>\n<\/ul>\n<p>El Centro Internacional e Iberoamericano de Arbitraje de Madrid (CIIAM) y el Club Espa\u00f1ol Iberoamericano del Arbitraje (CEIA) han participado en la jornada \u201cLa importancia creciente del espa\u00f1ol en el espacio jur\u00eddico internacional: el espa\u00f1ol en el arbitraje\u201d, organizada por el Ministerio de Asuntos Exteriores, Uni\u00f3n Europea y Cooperaci\u00f3n.<\/p>\n<p>Durante la celebraci\u00f3n de la jornada, ambas instituciones han suscrito con el Ministerio un Protocolo General de Actuaci\u00f3n de apoyo al espa\u00f1ol en el \u00e1mbito jur\u00eddico, para coordinar actuaciones pr\u00e1cticas en el marco del Manifiesto por el Uso del Espa\u00f1ol en el Arbitraje. Este documento persigue promocionar el arbitraje internacional en espa\u00f1ol, consolidar a Madrid como capital del arbitraje iberoamericano, y apoyar proyectos de formaci\u00f3n de juristas iberoamericanos y concursos universitarios de arbitraje en espa\u00f1ol.<\/p>\n<p>El acto ha contado con la presencia del <strong>ministro de Asuntos Exteriores, Uni\u00f3n Europea y Cooperaci\u00f3n, Jos\u00e9 Manuel Albares<\/strong>, quien ha subrayado el papel clave del espa\u00f1ol en el arbitraje internacional. Ha recordado que, aunque cerca del 20% de las partes en arbitrajes internacionales son iberoamericanas, menos del 10% de los procedimientos se celebra en espa\u00f1ol. Por ello, ha llamado a redoblar esfuerzos para que el espa\u00f1ol sea una lengua de cohesi\u00f3n y un patrimonio compartido entre los pa\u00edses hispanohablantes en el espacio jur\u00eddico internacional.<\/p>\n<p>El <strong>presidente de CIIAM, Jos\u00e9 Mar\u00eda Alonso<\/strong>, ha participado en la inauguraci\u00f3n. Durante su discurso, ha hecho referencia a que el idioma forma parte esencial del derecho de defensa. \u201cPromover el uso del arbitraje en espa\u00f1ol -un idioma hablado por el 7,5% de la poblaci\u00f3n mundial- es tambi\u00e9n promover el ejercicio pleno de ese derecho de defensa\u201d, ha puntualizado.<\/p>\n<p>El arbitraje en espa\u00f1ol tiene una importancia estrat\u00e9gica al animar la actividad econ\u00f3mica y la seguridad jur\u00eddica en los pa\u00edses iberoamericanos y globalmente, ofreciendo un mecanismo eficaz para la soluci\u00f3n de controversias. En este sentido, Alonso ha recalcado que el uso de la lengua espa\u00f1ola en arbitrajes internacionales, \u201cno solo beneficiar\u00e1 a las empresas de la regi\u00f3n Iberoamericana, sino que colocar\u00e1 nuestro idioma en el lugar en el que tiene que estar\u201d.<\/p>\n<p>Por su parte, la <strong>vicepresidenta de CEIA, Mar\u00eda Jos\u00e9 Men\u00e9ndez<\/strong>, ha destacado que el hecho de desarrollar un arbitraje en idioma espa\u00f1ol proporciona m\u00e1s eficiencia al procedimiento y facilita el debate jur\u00eddico.<\/p>\n<p><strong>Apoyo al espa\u00f1ol y primer estudio del arbitraje internacional en espa\u00f1ol <\/strong><\/p>\n<p><strong>Marta Lalaguna, secretaria general de CIIAM,<\/strong> ha explicado el origen de del Manifiesto por el uso del espa\u00f1ol en el arbitraje internacional y la importancia de adherirse a la iniciativa. \u00a0Suscrito el pasado 8 de noviembre por las tres instituciones, el Manifiesto busca fomentar un espacio de soluci\u00f3n extrajudicial de disputas eficiente y, sobre todo, con verdadero ajuste a las necesidades de sus usuarios iberoamericanos.<\/p>\n<p>Lalaguna ha subrayado la importancia del idioma espa\u00f1ol en el arbitraje porque su uso implica un acto de orgullo y reconocimiento de las capacidades de la comunidad jur\u00eddica iberoamericana, con el espa\u00f1ol como lengua com\u00fan. \u201cEl espa\u00f1ol, adem\u00e1s de ser una lengua de cultura y de negocio, tambi\u00e9n debe ser una lengua de arbitraje internacional\u201d, ha a\u00f1adido.<\/p>\n<p>Posteriormente, <strong>Francisco Moreno<\/strong>, director del Observatorio Global del Espa\u00f1ol; <strong>Jos\u00e9 Antonio Ca\u00ednzos<\/strong>, abogado y \u00e1rbitro, y <strong>Mar\u00eda Jos\u00e9 Men\u00e9ndez<\/strong>, han presentado los resultados del informe \u201cUso del idioma espa\u00f1ol en arbitraje internacional 2025\u201d, elaborado por el CEIA, la Direcci\u00f3n General del Espa\u00f1ol en el Mundo y el Observatorio Global del Espa\u00f1ol.<\/p>\n<p><strong>Mesa redonda sobre el fomento del espa\u00f1ol en el \u00e1mbito jur\u00eddico<\/strong><\/p>\n<p>La directora general del Espa\u00f1ol en el Mundo,<strong> M\u00f3nica Colomer<\/strong>, ha moderado un panel de expertos que ha contado con la participaci\u00f3n de <strong>Jos\u00e9 Mar\u00eda Alonso<\/strong>; el abogado general del Estado,<strong> David Vilas<\/strong>; el presidente del Consejo General de la Abogac\u00eda Espa\u00f1ola, <strong>Salvador Gonz\u00e1lez Mart\u00edn<\/strong>, y la responsable de IA para Nativos Digitales en Europa, Oriente Medio y \u00c1frica de Microsoft, <strong>Elena Gonz\u00e1lez Blanco<\/strong>.<\/p>\n<p>El panel de expertos ha coincidido en que una mayor presencia del espa\u00f1ol reforzar\u00e1 el reconocimiento de Espa\u00f1a como centro jur\u00eddico internacional y generar\u00e1 m\u00e1s oportunidades econ\u00f3micas y laborales en Iberoam\u00e9rica. Tambi\u00e9n han subrayado la importancia de que los abogados y usuarios del sistema arbitral incorporen al espa\u00f1ol en cl\u00e1usulas arbitrales y contratos.<\/p>\n<p>La jornada ha concluido con las intervenciones de <strong>Andr\u00e9s Allamand<\/strong>, secretario general Iberoamericano, y de <strong>Susana Sumelzo<\/strong>, secretaria de Estado para Iberoam\u00e9rica y el Caribe y para el Espa\u00f1ol en el Mundo, encargados de clausurar el acto.<\/p>\n<div id='gallery-1' class='gallery galleryid-33032 gallery-columns-3 gallery-size-medium'><figure class='gallery-item'>\n\t\t\t<div class='gallery-icon landscape'>\n\t\t\t\t<a href='https:\/\/ciiam.org\/en\/el-ministerio-de-asuntos-exteriores-CIIAM-y-ceia-unen-fuerzas-para-que-el-espanol-arbitraje-internacional\/jornada-maec-espanol-arbitraje-10-2\/'><img fetchpriority=\"high\" decoding=\"async\" width=\"300\" height=\"169\" src=\"https:\/\/ciiam.org\/wp-content\/uploads\/2025\/11\/Jornada-MAEC-Espanol-arbitraje-10-300x169.jpeg\" class=\"attachment-medium size-medium\" alt=\"\" srcset=\"https:\/\/ciiam.org\/wp-content\/uploads\/2025\/11\/Jornada-MAEC-Espanol-arbitraje-10-300x169.jpeg 300w, https:\/\/ciiam.org\/wp-content\/uploads\/2025\/11\/Jornada-MAEC-Espanol-arbitraje-10-1024x576.jpeg 1024w, https:\/\/ciiam.org\/wp-content\/uploads\/2025\/11\/Jornada-MAEC-Espanol-arbitraje-10-768x432.jpeg 768w, https:\/\/ciiam.org\/wp-content\/uploads\/2025\/11\/Jornada-MAEC-Espanol-arbitraje-10-1536x864.jpeg 1536w, https:\/\/ciiam.org\/wp-content\/uploads\/2025\/11\/Jornada-MAEC-Espanol-arbitraje-10-2048x1152.jpeg 2048w\" sizes=\"(max-width: 300px) 100vw, 300px\" \/><\/a>\n\t\t\t<\/div><\/figure><figure class='gallery-item'>\n\t\t\t<div class='gallery-icon landscape'>\n\t\t\t\t<a href='https:\/\/ciiam.org\/en\/el-ministerio-de-asuntos-exteriores-CIIAM-y-ceia-unen-fuerzas-para-que-el-espanol-arbitraje-internacional\/jornada-maec-espanol-arbitraje-9-2\/'><img decoding=\"async\" width=\"300\" height=\"169\" src=\"https:\/\/ciiam.org\/wp-content\/uploads\/2025\/11\/Jornada-MAEC-Espanol-arbitraje-9-300x169.jpeg\" class=\"attachment-medium size-medium\" alt=\"\" srcset=\"https:\/\/ciiam.org\/wp-content\/uploads\/2025\/11\/Jornada-MAEC-Espanol-arbitraje-9-300x169.jpeg 300w, https:\/\/ciiam.org\/wp-content\/uploads\/2025\/11\/Jornada-MAEC-Espanol-arbitraje-9-1024x576.jpeg 1024w, https:\/\/ciiam.org\/wp-content\/uploads\/2025\/11\/Jornada-MAEC-Espanol-arbitraje-9-768x432.jpeg 768w, https:\/\/ciiam.org\/wp-content\/uploads\/2025\/11\/Jornada-MAEC-Espanol-arbitraje-9-1536x864.jpeg 1536w, https:\/\/ciiam.org\/wp-content\/uploads\/2025\/11\/Jornada-MAEC-Espanol-arbitraje-9-2048x1152.jpeg 2048w\" sizes=\"(max-width: 300px) 100vw, 300px\" \/><\/a>\n\t\t\t<\/div><\/figure><figure class='gallery-item'>\n\t\t\t<div class='gallery-icon landscape'>\n\t\t\t\t<a href='https:\/\/ciiam.org\/en\/el-ministerio-de-asuntos-exteriores-CIIAM-y-ceia-unen-fuerzas-para-que-el-espanol-arbitraje-internacional\/jornada-maec-espanol-arbitraje-17-2\/'><img decoding=\"async\" width=\"300\" height=\"169\" src=\"https:\/\/ciiam.org\/wp-content\/uploads\/2025\/11\/Jornada-MAEC-Espanol-arbitraje-17-300x169.jpeg\" class=\"attachment-medium size-medium\" alt=\"\" srcset=\"https:\/\/ciiam.org\/wp-content\/uploads\/2025\/11\/Jornada-MAEC-Espanol-arbitraje-17-300x169.jpeg 300w, https:\/\/ciiam.org\/wp-content\/uploads\/2025\/11\/Jornada-MAEC-Espanol-arbitraje-17-1024x576.jpeg 1024w, https:\/\/ciiam.org\/wp-content\/uploads\/2025\/11\/Jornada-MAEC-Espanol-arbitraje-17-768x432.jpeg 768w, https:\/\/ciiam.org\/wp-content\/uploads\/2025\/11\/Jornada-MAEC-Espanol-arbitraje-17-1536x864.jpeg 1536w, https:\/\/ciiam.org\/wp-content\/uploads\/2025\/11\/Jornada-MAEC-Espanol-arbitraje-17-2048x1152.jpeg 2048w\" sizes=\"(max-width: 300px) 100vw, 300px\" \/><\/a>\n\t\t\t<\/div><\/figure><figure class='gallery-item'>\n\t\t\t<div class='gallery-icon landscape'>\n\t\t\t\t<a href='https:\/\/ciiam.org\/en\/el-ministerio-de-asuntos-exteriores-CIIAM-y-ceia-unen-fuerzas-para-que-el-espanol-arbitraje-internacional\/jornada-maec-espanol-arbitraje-3-2\/'><img loading=\"lazy\" decoding=\"async\" width=\"300\" height=\"169\" src=\"https:\/\/ciiam.org\/wp-content\/uploads\/2025\/11\/Jornada-MAEC-Espanol-arbitraje-3-300x169.jpeg\" class=\"attachment-medium size-medium\" alt=\"\" srcset=\"https:\/\/ciiam.org\/wp-content\/uploads\/2025\/11\/Jornada-MAEC-Espanol-arbitraje-3-300x169.jpeg 300w, https:\/\/ciiam.org\/wp-content\/uploads\/2025\/11\/Jornada-MAEC-Espanol-arbitraje-3-1024x576.jpeg 1024w, https:\/\/ciiam.org\/wp-content\/uploads\/2025\/11\/Jornada-MAEC-Espanol-arbitraje-3-768x432.jpeg 768w, https:\/\/ciiam.org\/wp-content\/uploads\/2025\/11\/Jornada-MAEC-Espanol-arbitraje-3-1536x864.jpeg 1536w, https:\/\/ciiam.org\/wp-content\/uploads\/2025\/11\/Jornada-MAEC-Espanol-arbitraje-3-2048x1152.jpeg 2048w\" sizes=\"(max-width: 300px) 100vw, 300px\" \/><\/a>\n\t\t\t<\/div><\/figure><figure class='gallery-item'>\n\t\t\t<div class='gallery-icon landscape'>\n\t\t\t\t<a href='https:\/\/ciiam.org\/en\/el-ministerio-de-asuntos-exteriores-CIIAM-y-ceia-unen-fuerzas-para-que-el-espanol-arbitraje-internacional\/jornada-maec-espanol-arbitraje-4-2\/'><img loading=\"lazy\" decoding=\"async\" width=\"300\" height=\"169\" src=\"https:\/\/ciiam.org\/wp-content\/uploads\/2025\/11\/Jornada-MAEC-Espanol-arbitraje-4-300x169.jpeg\" class=\"attachment-medium size-medium\" alt=\"\" srcset=\"https:\/\/ciiam.org\/wp-content\/uploads\/2025\/11\/Jornada-MAEC-Espanol-arbitraje-4-300x169.jpeg 300w, https:\/\/ciiam.org\/wp-content\/uploads\/2025\/11\/Jornada-MAEC-Espanol-arbitraje-4-1024x576.jpeg 1024w, https:\/\/ciiam.org\/wp-content\/uploads\/2025\/11\/Jornada-MAEC-Espanol-arbitraje-4-768x432.jpeg 768w, https:\/\/ciiam.org\/wp-content\/uploads\/2025\/11\/Jornada-MAEC-Espanol-arbitraje-4-1536x864.jpeg 1536w, https:\/\/ciiam.org\/wp-content\/uploads\/2025\/11\/Jornada-MAEC-Espanol-arbitraje-4-2048x1152.jpeg 2048w\" sizes=\"(max-width: 300px) 100vw, 300px\" \/><\/a>\n\t\t\t<\/div><\/figure><figure class='gallery-item'>\n\t\t\t<div class='gallery-icon landscape'>\n\t\t\t\t<a href='https:\/\/ciiam.org\/en\/el-ministerio-de-asuntos-exteriores-CIIAM-y-ceia-unen-fuerzas-para-que-el-espanol-arbitraje-internacional\/jornada-maec-espanol-arbitraje-1-2-2\/'><img loading=\"lazy\" decoding=\"async\" width=\"300\" height=\"225\" src=\"https:\/\/ciiam.org\/wp-content\/uploads\/2025\/11\/Jornada-MAEC-Espanol-arbitraje-1-1-300x225.jpeg\" class=\"attachment-medium size-medium\" alt=\"\" srcset=\"https:\/\/ciiam.org\/wp-content\/uploads\/2025\/11\/Jornada-MAEC-Espanol-arbitraje-1-1-300x225.jpeg 300w, https:\/\/ciiam.org\/wp-content\/uploads\/2025\/11\/Jornada-MAEC-Espanol-arbitraje-1-1-1024x768.jpeg 1024w, https:\/\/ciiam.org\/wp-content\/uploads\/2025\/11\/Jornada-MAEC-Espanol-arbitraje-1-1-768x576.jpeg 768w, https:\/\/ciiam.org\/wp-content\/uploads\/2025\/11\/Jornada-MAEC-Espanol-arbitraje-1-1-1536x1152.jpeg 1536w, https:\/\/ciiam.org\/wp-content\/uploads\/2025\/11\/Jornada-MAEC-Espanol-arbitraje-1-1-2048x1536.jpeg 2048w\" sizes=\"(max-width: 300px) 100vw, 300px\" \/><\/a>\n\t\t\t<\/div><\/figure><figure class='gallery-item'>\n\t\t\t<div class='gallery-icon landscape'>\n\t\t\t\t<a href='https:\/\/ciiam.org\/en\/el-ministerio-de-asuntos-exteriores-CIIAM-y-ceia-unen-fuerzas-para-que-el-espanol-arbitraje-internacional\/jornada-maec-espanol-arbitraje-2-2\/'><img loading=\"lazy\" decoding=\"async\" width=\"300\" height=\"169\" src=\"https:\/\/ciiam.org\/wp-content\/uploads\/2025\/11\/Jornada-MAEC-Espanol-arbitraje-2-300x169.jpeg\" class=\"attachment-medium size-medium\" alt=\"\" srcset=\"https:\/\/ciiam.org\/wp-content\/uploads\/2025\/11\/Jornada-MAEC-Espanol-arbitraje-2-300x169.jpeg 300w, https:\/\/ciiam.org\/wp-content\/uploads\/2025\/11\/Jornada-MAEC-Espanol-arbitraje-2-1024x576.jpeg 1024w, https:\/\/ciiam.org\/wp-content\/uploads\/2025\/11\/Jornada-MAEC-Espanol-arbitraje-2-768x432.jpeg 768w, https:\/\/ciiam.org\/wp-content\/uploads\/2025\/11\/Jornada-MAEC-Espanol-arbitraje-2-1536x864.jpeg 1536w, https:\/\/ciiam.org\/wp-content\/uploads\/2025\/11\/Jornada-MAEC-Espanol-arbitraje-2-2048x1152.jpeg 2048w\" sizes=\"(max-width: 300px) 100vw, 300px\" \/><\/a>\n\t\t\t<\/div><\/figure>\n\t\t<\/div>\n\n","protected":false},"excerpt":{"rendered":"<p>Jos\u00e9 Mar\u00eda Alonso y Marta Lalaguna, presidente y secretaria general de CIIAM, respectivamente, han participado en la jornada \u201cLa importancia creciente del espa\u00f1ol en el espacio jur\u00eddico internacional: el espa\u00f1ol en el arbitraje\u201d, organizada por el Ministerio de Asuntos Exteriores, Uni\u00f3n Europea y Cooperaci\u00f3n. El acto ha sido inaugurado por el ministro de Asuntos Exteriores, [&hellip;]<\/p>\n","protected":false},"author":18,"featured_media":33052,"comment_status":"closed","ping_status":"open","sticky":false,"template":"","format":"standard","meta":{"footnotes":""},"categories":[17],"tags":[],"class_list":["post-33032","post","type-post","status-publish","format-standard","has-post-thumbnail","hentry","category-actualidad"],"yoast_head":"<!-- This site is optimized with the Yoast SEO plugin v27.3 - https:\/\/yoast.com\/product\/yoast-seo-wordpress\/ -->\n<title>El Ministerio de Asuntos Exteriores, CIIAM y CEIA unen fuerzas para que el espa\u00f1ol ocupe su lugar natural en el arbitraje internacional - CIIAM<\/title>\n<meta name=\"description\" content=\"CIIAM y CEIA participan en la jornada \u201cLa importancia creciente del espa\u00f1ol en el espacio jur\u00eddico internacional\u201d, organizada por el Ministerio de Asuntos Exteriores.\" \/>\n<meta name=\"robots\" content=\"index, follow, max-snippet:-1, max-image-preview:large, max-video-preview:-1\" \/>\n<link rel=\"canonical\" href=\"https:\/\/ciiam.org\/en\/el-ministerio-de-asuntos-exteriores-CIIAM-y-ceia-unen-fuerzas-para-que-el-espanol-arbitraje-internacional\/\" \/>\n<meta property=\"og:locale\" content=\"en_US\" \/>\n<meta property=\"og:type\" content=\"article\" \/>\n<meta property=\"og:title\" content=\"El Ministerio de Asuntos Exteriores, CIIAM y CEIA unen fuerzas para que el espa\u00f1ol ocupe su lugar natural en el arbitraje internacional - CIIAM\" \/>\n<meta property=\"og:description\" content=\"CIIAM y CEIA participan en la jornada \u201cLa importancia creciente del espa\u00f1ol en el espacio jur\u00eddico internacional\u201d, organizada por el Ministerio de Asuntos Exteriores.\" \/>\n<meta property=\"og:url\" content=\"https:\/\/ciiam.org\/en\/el-ministerio-de-asuntos-exteriores-CIIAM-y-ceia-unen-fuerzas-para-que-el-espanol-arbitraje-internacional\/\" \/>\n<meta property=\"og:site_name\" content=\"CIIAM\" \/>\n<meta property=\"article:published_time\" content=\"2025-11-05T09:06:49+00:00\" \/>\n<meta property=\"article:modified_time\" content=\"2025-11-05T09:15:06+00:00\" \/>\n<meta property=\"og:image\" content=\"https:\/\/ciiam.org\/wp-content\/uploads\/2025\/11\/Jornada-MAEC-Espanol-arbitraje-16-1-scaled.jpeg\" \/>\n\t<meta property=\"og:image:width\" content=\"2560\" \/>\n\t<meta property=\"og:image:height\" content=\"1450\" \/>\n\t<meta property=\"og:image:type\" content=\"image\/jpeg\" \/>\n<meta name=\"author\" content=\"P. Moraleda\" \/>\n<meta name=\"twitter:card\" content=\"summary_large_image\" \/>\n<meta name=\"twitter:label1\" content=\"Written by\" \/>\n\t<meta name=\"twitter:data1\" content=\"P. Moraleda\" \/>\n\t<meta name=\"twitter:label2\" content=\"Est. reading time\" \/>\n\t<meta name=\"twitter:data2\" content=\"4 minutes\" \/>\n<script type=\"application\/ld+json\" class=\"yoast-schema-graph\">{\"@context\":\"https:\\\/\\\/schema.org\",\"@graph\":[{\"@type\":\"Article\",\"@id\":\"https:\\\/\\\/ciiam.org\\\/en\\\/el-ministerio-de-asuntos-exteriores-CIIAM-y-ceia-unen-fuerzas-para-que-el-espanol-arbitraje-internacional\\\/#article\",\"isPartOf\":{\"@id\":\"https:\\\/\\\/ciiam.org\\\/en\\\/el-ministerio-de-asuntos-exteriores-CIIAM-y-ceia-unen-fuerzas-para-que-el-espanol-arbitraje-internacional\\\/\"},\"author\":{\"name\":\"P. Moraleda\",\"@id\":\"https:\\\/\\\/ciiam.org\\\/en\\\/#\\\/schema\\\/person\\\/d11b69fd6be9dfb32edb8758b44c599f\"},\"headline\":\"El Ministerio de Asuntos Exteriores, CIIAM y CEIA unen fuerzas para que el espa\u00f1ol ocupe su lugar natural en el arbitraje internacional\",\"datePublished\":\"2025-11-05T09:06:49+00:00\",\"dateModified\":\"2025-11-05T09:15:06+00:00\",\"mainEntityOfPage\":{\"@id\":\"https:\\\/\\\/ciiam.org\\\/en\\\/el-ministerio-de-asuntos-exteriores-CIIAM-y-ceia-unen-fuerzas-para-que-el-espanol-arbitraje-internacional\\\/\"},\"wordCount\":897,\"publisher\":{\"@id\":\"https:\\\/\\\/ciiam.org\\\/en\\\/#organization\"},\"image\":{\"@id\":\"https:\\\/\\\/ciiam.org\\\/en\\\/el-ministerio-de-asuntos-exteriores-CIIAM-y-ceia-unen-fuerzas-para-que-el-espanol-arbitraje-internacional\\\/#primaryimage\"},\"thumbnailUrl\":\"https:\\\/\\\/ciiam.org\\\/wp-content\\\/uploads\\\/2025\\\/11\\\/Jornada-MAEC-Espanol-arbitraje-16-1-scaled.jpeg\",\"articleSection\":[\"Actualidad\"],\"inLanguage\":\"en-US\"},{\"@type\":\"WebPage\",\"@id\":\"https:\\\/\\\/ciiam.org\\\/en\\\/el-ministerio-de-asuntos-exteriores-CIIAM-y-ceia-unen-fuerzas-para-que-el-espanol-arbitraje-internacional\\\/\",\"url\":\"https:\\\/\\\/ciiam.org\\\/en\\\/el-ministerio-de-asuntos-exteriores-CIIAM-y-ceia-unen-fuerzas-para-que-el-espanol-arbitraje-internacional\\\/\",\"name\":\"El Ministerio de Asuntos Exteriores, CIIAM y CEIA unen fuerzas para que el espa\u00f1ol ocupe su lugar natural en el arbitraje internacional - CIIAM\",\"isPartOf\":{\"@id\":\"https:\\\/\\\/ciiam.org\\\/en\\\/#website\"},\"primaryImageOfPage\":{\"@id\":\"https:\\\/\\\/ciiam.org\\\/en\\\/el-ministerio-de-asuntos-exteriores-CIIAM-y-ceia-unen-fuerzas-para-que-el-espanol-arbitraje-internacional\\\/#primaryimage\"},\"image\":{\"@id\":\"https:\\\/\\\/ciiam.org\\\/en\\\/el-ministerio-de-asuntos-exteriores-CIIAM-y-ceia-unen-fuerzas-para-que-el-espanol-arbitraje-internacional\\\/#primaryimage\"},\"thumbnailUrl\":\"https:\\\/\\\/ciiam.org\\\/wp-content\\\/uploads\\\/2025\\\/11\\\/Jornada-MAEC-Espanol-arbitraje-16-1-scaled.jpeg\",\"datePublished\":\"2025-11-05T09:06:49+00:00\",\"dateModified\":\"2025-11-05T09:15:06+00:00\",\"description\":\"CIIAM y CEIA participan en la jornada \u201cLa importancia creciente del espa\u00f1ol en el espacio jur\u00eddico internacional\u201d, organizada por el Ministerio de Asuntos Exteriores.\",\"breadcrumb\":{\"@id\":\"https:\\\/\\\/ciiam.org\\\/en\\\/el-ministerio-de-asuntos-exteriores-CIIAM-y-ceia-unen-fuerzas-para-que-el-espanol-arbitraje-internacional\\\/#breadcrumb\"},\"inLanguage\":\"en-US\",\"potentialAction\":[{\"@type\":\"ReadAction\",\"target\":[\"https:\\\/\\\/ciiam.org\\\/en\\\/el-ministerio-de-asuntos-exteriores-CIIAM-y-ceia-unen-fuerzas-para-que-el-espanol-arbitraje-internacional\\\/\"]}]},{\"@type\":\"ImageObject\",\"inLanguage\":\"en-US\",\"@id\":\"https:\\\/\\\/ciiam.org\\\/en\\\/el-ministerio-de-asuntos-exteriores-CIIAM-y-ceia-unen-fuerzas-para-que-el-espanol-arbitraje-internacional\\\/#primaryimage\",\"url\":\"https:\\\/\\\/ciiam.org\\\/wp-content\\\/uploads\\\/2025\\\/11\\\/Jornada-MAEC-Espanol-arbitraje-16-1-scaled.jpeg\",\"contentUrl\":\"https:\\\/\\\/ciiam.org\\\/wp-content\\\/uploads\\\/2025\\\/11\\\/Jornada-MAEC-Espanol-arbitraje-16-1-scaled.jpeg\",\"width\":2560,\"height\":1450,\"caption\":\"ministerio\"},{\"@type\":\"BreadcrumbList\",\"@id\":\"https:\\\/\\\/ciiam.org\\\/en\\\/el-ministerio-de-asuntos-exteriores-CIIAM-y-ceia-unen-fuerzas-para-que-el-espanol-arbitraje-internacional\\\/#breadcrumb\",\"itemListElement\":[{\"@type\":\"ListItem\",\"position\":1,\"name\":\"CIAM\",\"item\":\"https:\\\/\\\/ciiam.org\\\/en\\\/\"},{\"@type\":\"ListItem\",\"position\":2,\"name\":\"El Ministerio de Asuntos Exteriores, CIIAM y CEIA unen fuerzas para que el espa\u00f1ol ocupe su lugar natural en el arbitraje internacional\"}]},{\"@type\":\"WebSite\",\"@id\":\"https:\\\/\\\/ciiam.org\\\/en\\\/#website\",\"url\":\"https:\\\/\\\/ciiam.org\\\/en\\\/\",\"name\":\"CIIAM\",\"description\":\"Centro Internacional e Iberoamericano de Arbitraje de Madrid\",\"publisher\":{\"@id\":\"https:\\\/\\\/ciiam.org\\\/en\\\/#organization\"},\"potentialAction\":[{\"@type\":\"SearchAction\",\"target\":{\"@type\":\"EntryPoint\",\"urlTemplate\":\"https:\\\/\\\/ciiam.org\\\/en\\\/?s={search_term_string}\"},\"query-input\":{\"@type\":\"PropertyValueSpecification\",\"valueRequired\":true,\"valueName\":\"search_term_string\"}}],\"inLanguage\":\"en-US\"},{\"@type\":\"Organization\",\"@id\":\"https:\\\/\\\/ciiam.org\\\/en\\\/#organization\",\"name\":\"Centro Internacional e Iberoamericano de Arbitraje de Madrid\",\"alternateName\":\"CIIAM\",\"url\":\"https:\\\/\\\/ciiam.org\\\/en\\\/\",\"logo\":{\"@type\":\"ImageObject\",\"inLanguage\":\"en-US\",\"@id\":\"https:\\\/\\\/ciiam.org\\\/en\\\/#\\\/schema\\\/logo\\\/image\\\/\",\"url\":\"https:\\\/\\\/ciiam.org\\\/wp-content\\\/uploads\\\/2026\\\/01\\\/favicon.png\",\"contentUrl\":\"https:\\\/\\\/ciiam.org\\\/wp-content\\\/uploads\\\/2026\\\/01\\\/favicon.png\",\"width\":500,\"height\":500,\"caption\":\"Centro Internacional e Iberoamericano de Arbitraje de Madrid\"},\"image\":{\"@id\":\"https:\\\/\\\/ciiam.org\\\/en\\\/#\\\/schema\\\/logo\\\/image\\\/\"},\"sameAs\":[\"https:\\\/\\\/www.linkedin.com\\\/company\\\/ciam-centro-internacional-arbitraje-madrid?trk=d_public_post_image\",\"https:\\\/\\\/www.youtube.com\\\/channel\\\/UCU2OI7SAQFv5uXAZ4qO4ALg\"]},{\"@type\":\"Person\",\"@id\":\"https:\\\/\\\/ciiam.org\\\/en\\\/#\\\/schema\\\/person\\\/d11b69fd6be9dfb32edb8758b44c599f\",\"name\":\"P. Moraleda\",\"image\":{\"@type\":\"ImageObject\",\"inLanguage\":\"en-US\",\"@id\":\"https:\\\/\\\/secure.gravatar.com\\\/avatar\\\/fe6c4f5a609355ad487e648d2b4aebf57a2fa1e7508fc4a6bd1d2b5420b286df?s=96&d=mm&r=g\",\"url\":\"https:\\\/\\\/secure.gravatar.com\\\/avatar\\\/fe6c4f5a609355ad487e648d2b4aebf57a2fa1e7508fc4a6bd1d2b5420b286df?s=96&d=mm&r=g\",\"contentUrl\":\"https:\\\/\\\/secure.gravatar.com\\\/avatar\\\/fe6c4f5a609355ad487e648d2b4aebf57a2fa1e7508fc4a6bd1d2b5420b286df?s=96&d=mm&r=g\",\"caption\":\"P. Moraleda\"},\"url\":\"https:\\\/\\\/ciiam.org\\\/en\\\/author\\\/3on1a-0sed-24\\\/\"}]}<\/script>\n<!-- \/ Yoast SEO plugin. -->","yoast_head_json":{"title":"El Ministerio de Asuntos Exteriores, CIIAM y CEIA unen fuerzas para que el espa\u00f1ol ocupe su lugar natural en el arbitraje internacional - CIIAM","description":"CIIAM y CEIA participan en la jornada \u201cLa importancia creciente del espa\u00f1ol en el espacio jur\u00eddico internacional\u201d, organizada por el Ministerio de Asuntos Exteriores.","robots":{"index":"index","follow":"follow","max-snippet":"max-snippet:-1","max-image-preview":"max-image-preview:large","max-video-preview":"max-video-preview:-1"},"canonical":"https:\/\/ciiam.org\/en\/el-ministerio-de-asuntos-exteriores-CIIAM-y-ceia-unen-fuerzas-para-que-el-espanol-arbitraje-internacional\/","og_locale":"en_US","og_type":"article","og_title":"El Ministerio de Asuntos Exteriores, CIIAM y CEIA unen fuerzas para que el espa\u00f1ol ocupe su lugar natural en el arbitraje internacional - CIIAM","og_description":"CIIAM y CEIA participan en la jornada \u201cLa importancia creciente del espa\u00f1ol en el espacio jur\u00eddico internacional\u201d, organizada por el Ministerio de Asuntos Exteriores.","og_url":"https:\/\/ciiam.org\/en\/el-ministerio-de-asuntos-exteriores-CIIAM-y-ceia-unen-fuerzas-para-que-el-espanol-arbitraje-internacional\/","og_site_name":"CIIAM","article_published_time":"2025-11-05T09:06:49+00:00","article_modified_time":"2025-11-05T09:15:06+00:00","og_image":[{"width":2560,"height":1450,"url":"https:\/\/ciiam.org\/wp-content\/uploads\/2025\/11\/Jornada-MAEC-Espanol-arbitraje-16-1-scaled.jpeg","type":"image\/jpeg"}],"author":"P. Moraleda","twitter_card":"summary_large_image","twitter_misc":{"Written by":"P. Moraleda","Est. reading time":"4 minutes"},"schema":{"@context":"https:\/\/schema.org","@graph":[{"@type":"Article","@id":"https:\/\/ciiam.org\/en\/el-ministerio-de-asuntos-exteriores-CIIAM-y-ceia-unen-fuerzas-para-que-el-espanol-arbitraje-internacional\/#article","isPartOf":{"@id":"https:\/\/ciiam.org\/en\/el-ministerio-de-asuntos-exteriores-CIIAM-y-ceia-unen-fuerzas-para-que-el-espanol-arbitraje-internacional\/"},"author":{"name":"P. Moraleda","@id":"https:\/\/ciiam.org\/en\/#\/schema\/person\/d11b69fd6be9dfb32edb8758b44c599f"},"headline":"El Ministerio de Asuntos Exteriores, CIIAM y CEIA unen fuerzas para que el espa\u00f1ol ocupe su lugar natural en el arbitraje internacional","datePublished":"2025-11-05T09:06:49+00:00","dateModified":"2025-11-05T09:15:06+00:00","mainEntityOfPage":{"@id":"https:\/\/ciiam.org\/en\/el-ministerio-de-asuntos-exteriores-CIIAM-y-ceia-unen-fuerzas-para-que-el-espanol-arbitraje-internacional\/"},"wordCount":897,"publisher":{"@id":"https:\/\/ciiam.org\/en\/#organization"},"image":{"@id":"https:\/\/ciiam.org\/en\/el-ministerio-de-asuntos-exteriores-CIIAM-y-ceia-unen-fuerzas-para-que-el-espanol-arbitraje-internacional\/#primaryimage"},"thumbnailUrl":"https:\/\/ciiam.org\/wp-content\/uploads\/2025\/11\/Jornada-MAEC-Espanol-arbitraje-16-1-scaled.jpeg","articleSection":["Actualidad"],"inLanguage":"en-US"},{"@type":"WebPage","@id":"https:\/\/ciiam.org\/en\/el-ministerio-de-asuntos-exteriores-CIIAM-y-ceia-unen-fuerzas-para-que-el-espanol-arbitraje-internacional\/","url":"https:\/\/ciiam.org\/en\/el-ministerio-de-asuntos-exteriores-CIIAM-y-ceia-unen-fuerzas-para-que-el-espanol-arbitraje-internacional\/","name":"El Ministerio de Asuntos Exteriores, CIIAM y CEIA unen fuerzas para que el espa\u00f1ol ocupe su lugar natural en el arbitraje internacional - CIIAM","isPartOf":{"@id":"https:\/\/ciiam.org\/en\/#website"},"primaryImageOfPage":{"@id":"https:\/\/ciiam.org\/en\/el-ministerio-de-asuntos-exteriores-CIIAM-y-ceia-unen-fuerzas-para-que-el-espanol-arbitraje-internacional\/#primaryimage"},"image":{"@id":"https:\/\/ciiam.org\/en\/el-ministerio-de-asuntos-exteriores-CIIAM-y-ceia-unen-fuerzas-para-que-el-espanol-arbitraje-internacional\/#primaryimage"},"thumbnailUrl":"https:\/\/ciiam.org\/wp-content\/uploads\/2025\/11\/Jornada-MAEC-Espanol-arbitraje-16-1-scaled.jpeg","datePublished":"2025-11-05T09:06:49+00:00","dateModified":"2025-11-05T09:15:06+00:00","description":"CIIAM y CEIA participan en la jornada \u201cLa importancia creciente del espa\u00f1ol en el espacio jur\u00eddico internacional\u201d, organizada por el Ministerio de Asuntos Exteriores.","breadcrumb":{"@id":"https:\/\/ciiam.org\/en\/el-ministerio-de-asuntos-exteriores-CIIAM-y-ceia-unen-fuerzas-para-que-el-espanol-arbitraje-internacional\/#breadcrumb"},"inLanguage":"en-US","potentialAction":[{"@type":"ReadAction","target":["https:\/\/ciiam.org\/en\/el-ministerio-de-asuntos-exteriores-CIIAM-y-ceia-unen-fuerzas-para-que-el-espanol-arbitraje-internacional\/"]}]},{"@type":"ImageObject","inLanguage":"en-US","@id":"https:\/\/ciiam.org\/en\/el-ministerio-de-asuntos-exteriores-CIIAM-y-ceia-unen-fuerzas-para-que-el-espanol-arbitraje-internacional\/#primaryimage","url":"https:\/\/ciiam.org\/wp-content\/uploads\/2025\/11\/Jornada-MAEC-Espanol-arbitraje-16-1-scaled.jpeg","contentUrl":"https:\/\/ciiam.org\/wp-content\/uploads\/2025\/11\/Jornada-MAEC-Espanol-arbitraje-16-1-scaled.jpeg","width":2560,"height":1450,"caption":"ministerio"},{"@type":"BreadcrumbList","@id":"https:\/\/ciiam.org\/en\/el-ministerio-de-asuntos-exteriores-CIIAM-y-ceia-unen-fuerzas-para-que-el-espanol-arbitraje-internacional\/#breadcrumb","itemListElement":[{"@type":"ListItem","position":1,"name":"CIAM","item":"https:\/\/ciiam.org\/en\/"},{"@type":"ListItem","position":2,"name":"El Ministerio de Asuntos Exteriores, CIIAM y CEIA unen fuerzas para que el espa\u00f1ol ocupe su lugar natural en el arbitraje internacional"}]},{"@type":"WebSite","@id":"https:\/\/ciiam.org\/en\/#website","url":"https:\/\/ciiam.org\/en\/","name":"CIIAM","description":"Centro Internacional e Iberoamericano de Arbitraje de Madrid","publisher":{"@id":"https:\/\/ciiam.org\/en\/#organization"},"potentialAction":[{"@type":"SearchAction","target":{"@type":"EntryPoint","urlTemplate":"https:\/\/ciiam.org\/en\/?s={search_term_string}"},"query-input":{"@type":"PropertyValueSpecification","valueRequired":true,"valueName":"search_term_string"}}],"inLanguage":"en-US"},{"@type":"Organization","@id":"https:\/\/ciiam.org\/en\/#organization","name":"Centro Internacional e Iberoamericano de Arbitraje de Madrid","alternateName":"CIIAM","url":"https:\/\/ciiam.org\/en\/","logo":{"@type":"ImageObject","inLanguage":"en-US","@id":"https:\/\/ciiam.org\/en\/#\/schema\/logo\/image\/","url":"https:\/\/ciiam.org\/wp-content\/uploads\/2026\/01\/favicon.png","contentUrl":"https:\/\/ciiam.org\/wp-content\/uploads\/2026\/01\/favicon.png","width":500,"height":500,"caption":"Centro Internacional e Iberoamericano de Arbitraje de Madrid"},"image":{"@id":"https:\/\/ciiam.org\/en\/#\/schema\/logo\/image\/"},"sameAs":["https:\/\/www.linkedin.com\/company\/ciam-centro-internacional-arbitraje-madrid?trk=d_public_post_image","https:\/\/www.youtube.com\/channel\/UCU2OI7SAQFv5uXAZ4qO4ALg"]},{"@type":"Person","@id":"https:\/\/ciiam.org\/en\/#\/schema\/person\/d11b69fd6be9dfb32edb8758b44c599f","name":"P. Moraleda","image":{"@type":"ImageObject","inLanguage":"en-US","@id":"https:\/\/secure.gravatar.com\/avatar\/fe6c4f5a609355ad487e648d2b4aebf57a2fa1e7508fc4a6bd1d2b5420b286df?s=96&d=mm&r=g","url":"https:\/\/secure.gravatar.com\/avatar\/fe6c4f5a609355ad487e648d2b4aebf57a2fa1e7508fc4a6bd1d2b5420b286df?s=96&d=mm&r=g","contentUrl":"https:\/\/secure.gravatar.com\/avatar\/fe6c4f5a609355ad487e648d2b4aebf57a2fa1e7508fc4a6bd1d2b5420b286df?s=96&d=mm&r=g","caption":"P. Moraleda"},"url":"https:\/\/ciiam.org\/en\/author\/3on1a-0sed-24\/"}]}},"_links":{"self":[{"href":"https:\/\/ciiam.org\/en\/wp-json\/wp\/v2\/posts\/33032","targetHints":{"allow":["GET"]}}],"collection":[{"href":"https:\/\/ciiam.org\/en\/wp-json\/wp\/v2\/posts"}],"about":[{"href":"https:\/\/ciiam.org\/en\/wp-json\/wp\/v2\/types\/post"}],"author":[{"embeddable":true,"href":"https:\/\/ciiam.org\/en\/wp-json\/wp\/v2\/users\/18"}],"replies":[{"embeddable":true,"href":"https:\/\/ciiam.org\/en\/wp-json\/wp\/v2\/comments?post=33032"}],"version-history":[{"count":1,"href":"https:\/\/ciiam.org\/en\/wp-json\/wp\/v2\/posts\/33032\/revisions"}],"predecessor-version":[{"id":33051,"href":"https:\/\/ciiam.org\/en\/wp-json\/wp\/v2\/posts\/33032\/revisions\/33051"}],"wp:featuredmedia":[{"embeddable":true,"href":"https:\/\/ciiam.org\/en\/wp-json\/wp\/v2\/media\/33052"}],"wp:attachment":[{"href":"https:\/\/ciiam.org\/en\/wp-json\/wp\/v2\/media?parent=33032"}],"wp:term":[{"taxonomy":"category","embeddable":true,"href":"https:\/\/ciiam.org\/en\/wp-json\/wp\/v2\/categories?post=33032"},{"taxonomy":"post_tag","embeddable":true,"href":"https:\/\/ciiam.org\/en\/wp-json\/wp\/v2\/tags?post=33032"}],"curies":[{"name":"wp","href":"https:\/\/api.w.org\/{rel}","templated":true}]}}