{"id":5493,"date":"2020-06-19T07:58:13","date_gmt":"2020-06-19T07:58:13","guid":{"rendered":"https:\/\/ciiam.org\/?p=5493"},"modified":"2020-06-23T21:00:16","modified_gmt":"2020-06-23T21:00:16","slug":"nace-el-centro-internacional-de-arbitraje-de-madrid-ciam-con-el-objetivo-de-ser-referente-en-espanol-3","status":"publish","type":"post","link":"https:\/\/ciiam.org\/en\/nace-el-centro-internacional-de-arbitraje-de-madrid-ciam-con-el-objetivo-de-ser-referente-en-espanol-3\/","title":{"rendered":"Nace el Centro Internacional de Arbitraje de Madrid (CIAM) con el objetivo de ser \u00abreferente\u00bb en espa\u00f1ol"},"content":{"rendered":"<h6><em>Art\u00edculo publicado en <a href=\"https:\/\/www.iustel.com\/diario_del_derecho\/noticia.asp?ref_iustel=1199705\" target=\"_blank\" rel=\"noopener noreferrer\">iustel.com\/ Diario del Derecho<\/a><\/em><\/h6>\n<p>&nbsp;<\/p>\n<blockquote>\n<h3 class=\"detalle_noticia\">El Centro Internacional de Arbitraje de Madrid (CIAM), que inici\u00f3 su andadura a principios de a\u00f1o, celebrar\u00e1 su presentaci\u00f3n institucional el pr\u00f3ximo mi\u00e9rcoles 24 de junio a trav\u00e9s de un encuentro digital con la presencia de varias instituciones, con el objetivo de posicionarse como centro de referencia en el arbitraje internacional en espa\u00f1ol.<\/h3>\n<\/blockquote>\n<p>&nbsp;<\/p>\n<p class=\"Xdef\" align=\"justify\">En el evento participar\u00e1n el presidente del Tribunal Constitucional, Juan Jos\u00e9 Gonz\u00e1lez Rivas; el presidente del Tribunal Supremo, Carlos Lesmes Serrano; el alcalde de Madrid, Jos\u00e9 Luis Mart\u00ednez-Almeida, y el consejero de Econom\u00eda, Empleo y Competitividad de la Comunidad de Madrid, Manuel Gim\u00e9nez Rasero.<\/p>\n<p class=\"Xdef\" align=\"justify\">Centrado en arbitrajes internacionales, su objetivo es posicionarse como el centro de referencia en el arbitraje internacional en espa\u00f1ol, apoyar el desarrollo del arbitraje en portugu\u00e9s y servir como puente entre Europa y Am\u00e9rica Latina con los mercados de \u00c1frica, Asia y Oriente Medio.<\/p>\n<p class=\"Xdef\" align=\"justify\">El evento, al que se ha invitado a m\u00e1s de 2.000 personas de todo el mundo, con especial foco en Am\u00e9rica Latina y Europa, ser\u00e1 moderado por el presidente de CIAM, Jos\u00e9 Antonio Ca\u00ednzos, y la secretaria general, M\u00e9lanie Riofrio Pich\u00e9.<\/p>\n<p class=\"Xdef\" align=\"justify\">Tambi\u00e9n participar\u00e1n los representantes de las instituciones fundadoras de CIAM, como el presidente de la C\u00e1mara de Comercio de Espa\u00f1a, Jos\u00e9 Luis Bonet; el presidente de la C\u00e1mara de Comercio de Madrid, \u00c1ngel Asensio; el presidente de la CIMA, Juan Serrada; y el decano del Colegio de Abogados de Madrid, Jos\u00e9 Mar\u00eda Alonso.<\/p>\n<p class=\"Xdef\" align=\"justify\">Con esta presentaci\u00f3n institucional de \u00e1mbito internacional, CIAM pretende mostrar el apoyo de las principales instituciones jur\u00eddicas y empresariales espa\u00f1olas a favor del arbitraje internacional. Adem\u00e1s, el presidente de CIAM asegura que &#8220;con la participaci\u00f3n de los principales representantes de la Comunidad de Madrid y del Ayuntamiento de Madrid queda reflejado el compromiso de impulsar a Madrid como sede de referencia en el arbitraje internacional&#8221;.<\/p>\n","protected":false},"excerpt":{"rendered":"<p>El Centro Internacional de Arbitraje de Madrid (CIAM), que inici\u00f3 su andadura a principios de a\u00f1o, celebrar\u00e1 su presentaci\u00f3n institucional el pr\u00f3ximo mi\u00e9rcoles 24 de junio a trav\u00e9s de un encuentro digital con la presencia de varias instituciones, con el objetivo de posicionarse como centro de referencia en el arbitraje internacional en espa\u00f1ol.<\/p>\n","protected":false},"author":4,"featured_media":5181,"comment_status":"closed","ping_status":"open","sticky":false,"template":"","format":"standard","meta":{"footnotes":""},"categories":[17],"tags":[23,22,21,20,24],"class_list":["post-5493","post","type-post","status-publish","format-standard","has-post-thumbnail","hentry","category-actualidad","tag-arbitraje","tag-ciam","tag-fichajes","tag-juridico","tag-reglamento-ciam"],"yoast_head":"<!-- This site is optimized with the Yoast SEO plugin v27.3 - https:\/\/yoast.com\/product\/yoast-seo-wordpress\/ -->\n<title>Nace el Centro Internacional de Arbitraje de Madrid (CIAM) con el objetivo de ser \u00abreferente\u00bb en espa\u00f1ol - CIIAM<\/title>\n<meta name=\"robots\" content=\"index, follow, max-snippet:-1, max-image-preview:large, max-video-preview:-1\" \/>\n<link rel=\"canonical\" href=\"https:\/\/ciiam.org\/en\/nace-el-centro-internacional-de-arbitraje-de-madrid-ciam-con-el-objetivo-de-ser-referente-en-espanol-3\/\" \/>\n<meta property=\"og:locale\" content=\"en_US\" \/>\n<meta property=\"og:type\" content=\"article\" \/>\n<meta property=\"og:title\" content=\"Nace el Centro Internacional de Arbitraje de Madrid (CIAM) con el objetivo de ser \u00abreferente\u00bb en espa\u00f1ol - CIIAM\" \/>\n<meta property=\"og:description\" content=\"El Centro Internacional de Arbitraje de Madrid (CIAM), que inici\u00f3 su andadura a principios de a\u00f1o, celebrar\u00e1 su presentaci\u00f3n institucional el pr\u00f3ximo mi\u00e9rcoles 24 de junio a trav\u00e9s de un encuentro digital con la presencia de varias instituciones, con el objetivo de posicionarse como centro de referencia en el arbitraje internacional en espa\u00f1ol.\" \/>\n<meta property=\"og:url\" content=\"https:\/\/ciiam.org\/en\/nace-el-centro-internacional-de-arbitraje-de-madrid-ciam-con-el-objetivo-de-ser-referente-en-espanol-3\/\" \/>\n<meta property=\"og:site_name\" content=\"CIIAM\" \/>\n<meta property=\"article:published_time\" content=\"2020-06-19T07:58:13+00:00\" \/>\n<meta property=\"article:modified_time\" content=\"2020-06-23T21:00:16+00:00\" \/>\n<meta property=\"og:image\" content=\"https:\/\/ciiam.org\/wp-content\/uploads\/2020\/06\/01ciam.jpg\" \/>\n\t<meta property=\"og:image:width\" content=\"1024\" \/>\n\t<meta property=\"og:image:height\" content=\"576\" \/>\n\t<meta property=\"og:image:type\" content=\"image\/jpeg\" \/>\n<meta name=\"author\" content=\"Maria Lorena\" \/>\n<meta name=\"twitter:card\" content=\"summary_large_image\" \/>\n<meta name=\"twitter:label1\" content=\"Written by\" \/>\n\t<meta name=\"twitter:data1\" content=\"Maria Lorena\" \/>\n\t<meta name=\"twitter:label2\" content=\"Est. reading time\" \/>\n\t<meta name=\"twitter:data2\" content=\"2 minutes\" \/>\n<script type=\"application\/ld+json\" class=\"yoast-schema-graph\">{\"@context\":\"https:\\\/\\\/schema.org\",\"@graph\":[{\"@type\":\"Article\",\"@id\":\"https:\\\/\\\/ciiam.org\\\/en\\\/nace-el-centro-internacional-de-arbitraje-de-madrid-ciam-con-el-objetivo-de-ser-referente-en-espanol-3\\\/#article\",\"isPartOf\":{\"@id\":\"https:\\\/\\\/ciiam.org\\\/en\\\/nace-el-centro-internacional-de-arbitraje-de-madrid-ciam-con-el-objetivo-de-ser-referente-en-espanol-3\\\/\"},\"author\":{\"name\":\"Maria Lorena\",\"@id\":\"https:\\\/\\\/ciiam.org\\\/en\\\/#\\\/schema\\\/person\\\/54c1949ffebc20e3d5d423a248c7e16a\"},\"headline\":\"Nace el Centro Internacional de Arbitraje de Madrid (CIAM) con el objetivo de ser \u00abreferente\u00bb en espa\u00f1ol\",\"datePublished\":\"2020-06-19T07:58:13+00:00\",\"dateModified\":\"2020-06-23T21:00:16+00:00\",\"mainEntityOfPage\":{\"@id\":\"https:\\\/\\\/ciiam.org\\\/en\\\/nace-el-centro-internacional-de-arbitraje-de-madrid-ciam-con-el-objetivo-de-ser-referente-en-espanol-3\\\/\"},\"wordCount\":356,\"publisher\":{\"@id\":\"https:\\\/\\\/ciiam.org\\\/en\\\/#organization\"},\"image\":{\"@id\":\"https:\\\/\\\/ciiam.org\\\/en\\\/nace-el-centro-internacional-de-arbitraje-de-madrid-ciam-con-el-objetivo-de-ser-referente-en-espanol-3\\\/#primaryimage\"},\"thumbnailUrl\":\"https:\\\/\\\/ciiam.org\\\/wp-content\\\/uploads\\\/2020\\\/06\\\/01ciam.jpg\",\"keywords\":[\"Arbitraje\",\"Ciam\",\"Fichajes\",\"Jur\u00eddico\",\"Reglamento Ciam\"],\"articleSection\":[\"Actualidad\"],\"inLanguage\":\"en-US\"},{\"@type\":\"WebPage\",\"@id\":\"https:\\\/\\\/ciiam.org\\\/en\\\/nace-el-centro-internacional-de-arbitraje-de-madrid-ciam-con-el-objetivo-de-ser-referente-en-espanol-3\\\/\",\"url\":\"https:\\\/\\\/ciiam.org\\\/en\\\/nace-el-centro-internacional-de-arbitraje-de-madrid-ciam-con-el-objetivo-de-ser-referente-en-espanol-3\\\/\",\"name\":\"Nace el Centro Internacional de Arbitraje de Madrid (CIAM) con el objetivo de ser \u00abreferente\u00bb en espa\u00f1ol - CIIAM\",\"isPartOf\":{\"@id\":\"https:\\\/\\\/ciiam.org\\\/en\\\/#website\"},\"primaryImageOfPage\":{\"@id\":\"https:\\\/\\\/ciiam.org\\\/en\\\/nace-el-centro-internacional-de-arbitraje-de-madrid-ciam-con-el-objetivo-de-ser-referente-en-espanol-3\\\/#primaryimage\"},\"image\":{\"@id\":\"https:\\\/\\\/ciiam.org\\\/en\\\/nace-el-centro-internacional-de-arbitraje-de-madrid-ciam-con-el-objetivo-de-ser-referente-en-espanol-3\\\/#primaryimage\"},\"thumbnailUrl\":\"https:\\\/\\\/ciiam.org\\\/wp-content\\\/uploads\\\/2020\\\/06\\\/01ciam.jpg\",\"datePublished\":\"2020-06-19T07:58:13+00:00\",\"dateModified\":\"2020-06-23T21:00:16+00:00\",\"breadcrumb\":{\"@id\":\"https:\\\/\\\/ciiam.org\\\/en\\\/nace-el-centro-internacional-de-arbitraje-de-madrid-ciam-con-el-objetivo-de-ser-referente-en-espanol-3\\\/#breadcrumb\"},\"inLanguage\":\"en-US\",\"potentialAction\":[{\"@type\":\"ReadAction\",\"target\":[\"https:\\\/\\\/ciiam.org\\\/en\\\/nace-el-centro-internacional-de-arbitraje-de-madrid-ciam-con-el-objetivo-de-ser-referente-en-espanol-3\\\/\"]}]},{\"@type\":\"ImageObject\",\"inLanguage\":\"en-US\",\"@id\":\"https:\\\/\\\/ciiam.org\\\/en\\\/nace-el-centro-internacional-de-arbitraje-de-madrid-ciam-con-el-objetivo-de-ser-referente-en-espanol-3\\\/#primaryimage\",\"url\":\"https:\\\/\\\/ciiam.org\\\/wp-content\\\/uploads\\\/2020\\\/06\\\/01ciam.jpg\",\"contentUrl\":\"https:\\\/\\\/ciiam.org\\\/wp-content\\\/uploads\\\/2020\\\/06\\\/01ciam.jpg\",\"width\":1024,\"height\":576},{\"@type\":\"BreadcrumbList\",\"@id\":\"https:\\\/\\\/ciiam.org\\\/en\\\/nace-el-centro-internacional-de-arbitraje-de-madrid-ciam-con-el-objetivo-de-ser-referente-en-espanol-3\\\/#breadcrumb\",\"itemListElement\":[{\"@type\":\"ListItem\",\"position\":1,\"name\":\"CIAM\",\"item\":\"https:\\\/\\\/ciiam.org\\\/en\\\/\"},{\"@type\":\"ListItem\",\"position\":2,\"name\":\"Nace el Centro Internacional de Arbitraje de Madrid (CIAM) con el objetivo de ser \u00abreferente\u00bb en espa\u00f1ol\"}]},{\"@type\":\"WebSite\",\"@id\":\"https:\\\/\\\/ciiam.org\\\/en\\\/#website\",\"url\":\"https:\\\/\\\/ciiam.org\\\/en\\\/\",\"name\":\"CIIAM\",\"description\":\"Centro Internacional e Iberoamericano de Arbitraje de Madrid\",\"publisher\":{\"@id\":\"https:\\\/\\\/ciiam.org\\\/en\\\/#organization\"},\"potentialAction\":[{\"@type\":\"SearchAction\",\"target\":{\"@type\":\"EntryPoint\",\"urlTemplate\":\"https:\\\/\\\/ciiam.org\\\/en\\\/?s={search_term_string}\"},\"query-input\":{\"@type\":\"PropertyValueSpecification\",\"valueRequired\":true,\"valueName\":\"search_term_string\"}}],\"inLanguage\":\"en-US\"},{\"@type\":\"Organization\",\"@id\":\"https:\\\/\\\/ciiam.org\\\/en\\\/#organization\",\"name\":\"Centro Internacional e Iberoamericano de Arbitraje de Madrid\",\"alternateName\":\"CIIAM\",\"url\":\"https:\\\/\\\/ciiam.org\\\/en\\\/\",\"logo\":{\"@type\":\"ImageObject\",\"inLanguage\":\"en-US\",\"@id\":\"https:\\\/\\\/ciiam.org\\\/en\\\/#\\\/schema\\\/logo\\\/image\\\/\",\"url\":\"https:\\\/\\\/ciiam.org\\\/wp-content\\\/uploads\\\/2026\\\/01\\\/favicon.png\",\"contentUrl\":\"https:\\\/\\\/ciiam.org\\\/wp-content\\\/uploads\\\/2026\\\/01\\\/favicon.png\",\"width\":500,\"height\":500,\"caption\":\"Centro Internacional e Iberoamericano de Arbitraje de Madrid\"},\"image\":{\"@id\":\"https:\\\/\\\/ciiam.org\\\/en\\\/#\\\/schema\\\/logo\\\/image\\\/\"},\"sameAs\":[\"https:\\\/\\\/www.linkedin.com\\\/company\\\/ciam-centro-internacional-arbitraje-madrid?trk=d_public_post_image\",\"https:\\\/\\\/www.youtube.com\\\/channel\\\/UCU2OI7SAQFv5uXAZ4qO4ALg\"]},{\"@type\":\"Person\",\"@id\":\"https:\\\/\\\/ciiam.org\\\/en\\\/#\\\/schema\\\/person\\\/54c1949ffebc20e3d5d423a248c7e16a\",\"name\":\"Maria Lorena\",\"image\":{\"@type\":\"ImageObject\",\"inLanguage\":\"en-US\",\"@id\":\"https:\\\/\\\/secure.gravatar.com\\\/avatar\\\/dc32bf0c12d9437efa3a5922b7eab870cb291dd47f0aea5ffeaf87a14a21fd92?s=96&d=mm&r=g\",\"url\":\"https:\\\/\\\/secure.gravatar.com\\\/avatar\\\/dc32bf0c12d9437efa3a5922b7eab870cb291dd47f0aea5ffeaf87a14a21fd92?s=96&d=mm&r=g\",\"contentUrl\":\"https:\\\/\\\/secure.gravatar.com\\\/avatar\\\/dc32bf0c12d9437efa3a5922b7eab870cb291dd47f0aea5ffeaf87a14a21fd92?s=96&d=mm&r=g\",\"caption\":\"Maria Lorena\"},\"url\":\"https:\\\/\\\/ciiam.org\\\/en\\\/author\\\/malsa20\\\/\"}]}<\/script>\n<!-- \/ Yoast SEO plugin. -->","yoast_head_json":{"title":"Nace el Centro Internacional de Arbitraje de Madrid (CIAM) con el objetivo de ser \u00abreferente\u00bb en espa\u00f1ol - CIIAM","robots":{"index":"index","follow":"follow","max-snippet":"max-snippet:-1","max-image-preview":"max-image-preview:large","max-video-preview":"max-video-preview:-1"},"canonical":"https:\/\/ciiam.org\/en\/nace-el-centro-internacional-de-arbitraje-de-madrid-ciam-con-el-objetivo-de-ser-referente-en-espanol-3\/","og_locale":"en_US","og_type":"article","og_title":"Nace el Centro Internacional de Arbitraje de Madrid (CIAM) con el objetivo de ser \u00abreferente\u00bb en espa\u00f1ol - CIIAM","og_description":"El Centro Internacional de Arbitraje de Madrid (CIAM), que inici\u00f3 su andadura a principios de a\u00f1o, celebrar\u00e1 su presentaci\u00f3n institucional el pr\u00f3ximo mi\u00e9rcoles 24 de junio a trav\u00e9s de un encuentro digital con la presencia de varias instituciones, con el objetivo de posicionarse como centro de referencia en el arbitraje internacional en espa\u00f1ol.","og_url":"https:\/\/ciiam.org\/en\/nace-el-centro-internacional-de-arbitraje-de-madrid-ciam-con-el-objetivo-de-ser-referente-en-espanol-3\/","og_site_name":"CIIAM","article_published_time":"2020-06-19T07:58:13+00:00","article_modified_time":"2020-06-23T21:00:16+00:00","og_image":[{"width":1024,"height":576,"url":"https:\/\/ciiam.org\/wp-content\/uploads\/2020\/06\/01ciam.jpg","type":"image\/jpeg"}],"author":"Maria Lorena","twitter_card":"summary_large_image","twitter_misc":{"Written by":"Maria Lorena","Est. reading time":"2 minutes"},"schema":{"@context":"https:\/\/schema.org","@graph":[{"@type":"Article","@id":"https:\/\/ciiam.org\/en\/nace-el-centro-internacional-de-arbitraje-de-madrid-ciam-con-el-objetivo-de-ser-referente-en-espanol-3\/#article","isPartOf":{"@id":"https:\/\/ciiam.org\/en\/nace-el-centro-internacional-de-arbitraje-de-madrid-ciam-con-el-objetivo-de-ser-referente-en-espanol-3\/"},"author":{"name":"Maria Lorena","@id":"https:\/\/ciiam.org\/en\/#\/schema\/person\/54c1949ffebc20e3d5d423a248c7e16a"},"headline":"Nace el Centro Internacional de Arbitraje de Madrid (CIAM) con el objetivo de ser \u00abreferente\u00bb en espa\u00f1ol","datePublished":"2020-06-19T07:58:13+00:00","dateModified":"2020-06-23T21:00:16+00:00","mainEntityOfPage":{"@id":"https:\/\/ciiam.org\/en\/nace-el-centro-internacional-de-arbitraje-de-madrid-ciam-con-el-objetivo-de-ser-referente-en-espanol-3\/"},"wordCount":356,"publisher":{"@id":"https:\/\/ciiam.org\/en\/#organization"},"image":{"@id":"https:\/\/ciiam.org\/en\/nace-el-centro-internacional-de-arbitraje-de-madrid-ciam-con-el-objetivo-de-ser-referente-en-espanol-3\/#primaryimage"},"thumbnailUrl":"https:\/\/ciiam.org\/wp-content\/uploads\/2020\/06\/01ciam.jpg","keywords":["Arbitraje","Ciam","Fichajes","Jur\u00eddico","Reglamento Ciam"],"articleSection":["Actualidad"],"inLanguage":"en-US"},{"@type":"WebPage","@id":"https:\/\/ciiam.org\/en\/nace-el-centro-internacional-de-arbitraje-de-madrid-ciam-con-el-objetivo-de-ser-referente-en-espanol-3\/","url":"https:\/\/ciiam.org\/en\/nace-el-centro-internacional-de-arbitraje-de-madrid-ciam-con-el-objetivo-de-ser-referente-en-espanol-3\/","name":"Nace el Centro Internacional de Arbitraje de Madrid (CIAM) con el objetivo de ser \u00abreferente\u00bb en espa\u00f1ol - CIIAM","isPartOf":{"@id":"https:\/\/ciiam.org\/en\/#website"},"primaryImageOfPage":{"@id":"https:\/\/ciiam.org\/en\/nace-el-centro-internacional-de-arbitraje-de-madrid-ciam-con-el-objetivo-de-ser-referente-en-espanol-3\/#primaryimage"},"image":{"@id":"https:\/\/ciiam.org\/en\/nace-el-centro-internacional-de-arbitraje-de-madrid-ciam-con-el-objetivo-de-ser-referente-en-espanol-3\/#primaryimage"},"thumbnailUrl":"https:\/\/ciiam.org\/wp-content\/uploads\/2020\/06\/01ciam.jpg","datePublished":"2020-06-19T07:58:13+00:00","dateModified":"2020-06-23T21:00:16+00:00","breadcrumb":{"@id":"https:\/\/ciiam.org\/en\/nace-el-centro-internacional-de-arbitraje-de-madrid-ciam-con-el-objetivo-de-ser-referente-en-espanol-3\/#breadcrumb"},"inLanguage":"en-US","potentialAction":[{"@type":"ReadAction","target":["https:\/\/ciiam.org\/en\/nace-el-centro-internacional-de-arbitraje-de-madrid-ciam-con-el-objetivo-de-ser-referente-en-espanol-3\/"]}]},{"@type":"ImageObject","inLanguage":"en-US","@id":"https:\/\/ciiam.org\/en\/nace-el-centro-internacional-de-arbitraje-de-madrid-ciam-con-el-objetivo-de-ser-referente-en-espanol-3\/#primaryimage","url":"https:\/\/ciiam.org\/wp-content\/uploads\/2020\/06\/01ciam.jpg","contentUrl":"https:\/\/ciiam.org\/wp-content\/uploads\/2020\/06\/01ciam.jpg","width":1024,"height":576},{"@type":"BreadcrumbList","@id":"https:\/\/ciiam.org\/en\/nace-el-centro-internacional-de-arbitraje-de-madrid-ciam-con-el-objetivo-de-ser-referente-en-espanol-3\/#breadcrumb","itemListElement":[{"@type":"ListItem","position":1,"name":"CIAM","item":"https:\/\/ciiam.org\/en\/"},{"@type":"ListItem","position":2,"name":"Nace el Centro Internacional de Arbitraje de Madrid (CIAM) con el objetivo de ser \u00abreferente\u00bb en espa\u00f1ol"}]},{"@type":"WebSite","@id":"https:\/\/ciiam.org\/en\/#website","url":"https:\/\/ciiam.org\/en\/","name":"CIIAM","description":"Centro Internacional e Iberoamericano de Arbitraje de Madrid","publisher":{"@id":"https:\/\/ciiam.org\/en\/#organization"},"potentialAction":[{"@type":"SearchAction","target":{"@type":"EntryPoint","urlTemplate":"https:\/\/ciiam.org\/en\/?s={search_term_string}"},"query-input":{"@type":"PropertyValueSpecification","valueRequired":true,"valueName":"search_term_string"}}],"inLanguage":"en-US"},{"@type":"Organization","@id":"https:\/\/ciiam.org\/en\/#organization","name":"Centro Internacional e Iberoamericano de Arbitraje de Madrid","alternateName":"CIIAM","url":"https:\/\/ciiam.org\/en\/","logo":{"@type":"ImageObject","inLanguage":"en-US","@id":"https:\/\/ciiam.org\/en\/#\/schema\/logo\/image\/","url":"https:\/\/ciiam.org\/wp-content\/uploads\/2026\/01\/favicon.png","contentUrl":"https:\/\/ciiam.org\/wp-content\/uploads\/2026\/01\/favicon.png","width":500,"height":500,"caption":"Centro Internacional e Iberoamericano de Arbitraje de Madrid"},"image":{"@id":"https:\/\/ciiam.org\/en\/#\/schema\/logo\/image\/"},"sameAs":["https:\/\/www.linkedin.com\/company\/ciam-centro-internacional-arbitraje-madrid?trk=d_public_post_image","https:\/\/www.youtube.com\/channel\/UCU2OI7SAQFv5uXAZ4qO4ALg"]},{"@type":"Person","@id":"https:\/\/ciiam.org\/en\/#\/schema\/person\/54c1949ffebc20e3d5d423a248c7e16a","name":"Maria Lorena","image":{"@type":"ImageObject","inLanguage":"en-US","@id":"https:\/\/secure.gravatar.com\/avatar\/dc32bf0c12d9437efa3a5922b7eab870cb291dd47f0aea5ffeaf87a14a21fd92?s=96&d=mm&r=g","url":"https:\/\/secure.gravatar.com\/avatar\/dc32bf0c12d9437efa3a5922b7eab870cb291dd47f0aea5ffeaf87a14a21fd92?s=96&d=mm&r=g","contentUrl":"https:\/\/secure.gravatar.com\/avatar\/dc32bf0c12d9437efa3a5922b7eab870cb291dd47f0aea5ffeaf87a14a21fd92?s=96&d=mm&r=g","caption":"Maria Lorena"},"url":"https:\/\/ciiam.org\/en\/author\/malsa20\/"}]}},"_links":{"self":[{"href":"https:\/\/ciiam.org\/en\/wp-json\/wp\/v2\/posts\/5493","targetHints":{"allow":["GET"]}}],"collection":[{"href":"https:\/\/ciiam.org\/en\/wp-json\/wp\/v2\/posts"}],"about":[{"href":"https:\/\/ciiam.org\/en\/wp-json\/wp\/v2\/types\/post"}],"author":[{"embeddable":true,"href":"https:\/\/ciiam.org\/en\/wp-json\/wp\/v2\/users\/4"}],"replies":[{"embeddable":true,"href":"https:\/\/ciiam.org\/en\/wp-json\/wp\/v2\/comments?post=5493"}],"version-history":[{"count":0,"href":"https:\/\/ciiam.org\/en\/wp-json\/wp\/v2\/posts\/5493\/revisions"}],"wp:featuredmedia":[{"embeddable":true,"href":"https:\/\/ciiam.org\/en\/wp-json\/wp\/v2\/media\/5181"}],"wp:attachment":[{"href":"https:\/\/ciiam.org\/en\/wp-json\/wp\/v2\/media?parent=5493"}],"wp:term":[{"taxonomy":"category","embeddable":true,"href":"https:\/\/ciiam.org\/en\/wp-json\/wp\/v2\/categories?post=5493"},{"taxonomy":"post_tag","embeddable":true,"href":"https:\/\/ciiam.org\/en\/wp-json\/wp\/v2\/tags?post=5493"}],"curies":[{"name":"wp","href":"https:\/\/api.w.org\/{rel}","templated":true}]}}