{"id":7624,"date":"2021-01-08T09:58:54","date_gmt":"2021-01-08T09:58:54","guid":{"rendered":"https:\/\/ciiam.org\/?p=7624"},"modified":"2021-01-08T10:42:52","modified_gmt":"2021-01-08T10:42:52","slug":"melanie-riofrio-piche-secretaria-general-de-ciam","status":"publish","type":"post","link":"https:\/\/ciiam.org\/en\/melanie-riofrio-piche-secretaria-general-de-ciam\/","title":{"rendered":"M\u00e9lanie Riofrio Pich\u00e9 &#8211; Secretaria General de CIAM"},"content":{"rendered":"<p>&nbsp;<\/p>\n<h6><em>Art\u00edculo publicado en\u00a0 <a href=\"https:\/\/paginasdemujeremprendedora.net\/pdf\/Mujer232enero2021.pdf\" target=\"_blank\" rel=\"noopener noreferrer\">Mujer emprendedora<\/a><\/em><\/h6>\n<p>&nbsp;<\/p>\n","protected":false},"excerpt":{"rendered":"<p>&nbsp; Art\u00edculo publicado en\u00a0 Mujer emprendedora &nbsp;<\/p>\n","protected":false},"author":4,"featured_media":7638,"comment_status":"closed","ping_status":"open","sticky":false,"template":"","format":"standard","meta":{"footnotes":""},"categories":[17],"tags":[],"class_list":["post-7624","post","type-post","status-publish","format-standard","has-post-thumbnail","hentry","category-actualidad"],"yoast_head":"<!-- This site is optimized with the Yoast SEO plugin v27.3 - https:\/\/yoast.com\/product\/yoast-seo-wordpress\/ -->\n<title>M\u00e9lanie Riofrio Pich\u00e9 - Secretaria General de CIAM - CIIAM<\/title>\n<meta name=\"robots\" content=\"index, follow, max-snippet:-1, max-image-preview:large, max-video-preview:-1\" \/>\n<link rel=\"canonical\" href=\"https:\/\/ciiam.org\/en\/melanie-riofrio-piche-secretaria-general-de-ciam\/\" \/>\n<meta property=\"og:locale\" content=\"en_US\" \/>\n<meta property=\"og:type\" content=\"article\" \/>\n<meta property=\"og:title\" content=\"M\u00e9lanie Riofrio Pich\u00e9 - Secretaria General de CIAM - CIIAM\" \/>\n<meta property=\"og:description\" content=\"&nbsp; Art\u00edculo publicado en\u00a0 Mujer emprendedora &nbsp;\" \/>\n<meta property=\"og:url\" content=\"https:\/\/ciiam.org\/en\/melanie-riofrio-piche-secretaria-general-de-ciam\/\" \/>\n<meta property=\"og:site_name\" content=\"CIIAM\" \/>\n<meta property=\"article:published_time\" content=\"2021-01-08T09:58:54+00:00\" \/>\n<meta property=\"article:modified_time\" content=\"2021-01-08T10:42:52+00:00\" \/>\n<meta property=\"og:image\" content=\"https:\/\/ciiam.org\/wp-content\/uploads\/2021\/01\/mujer-emprendedora.jpg\" \/>\n\t<meta property=\"og:image:width\" content=\"1600\" \/>\n\t<meta property=\"og:image:height\" content=\"2016\" \/>\n\t<meta property=\"og:image:type\" content=\"image\/jpeg\" \/>\n<meta name=\"author\" content=\"Maria Lorena\" \/>\n<meta name=\"twitter:card\" content=\"summary_large_image\" \/>\n<meta name=\"twitter:label1\" content=\"Written by\" \/>\n\t<meta name=\"twitter:data1\" content=\"Maria Lorena\" \/>\n<script type=\"application\/ld+json\" class=\"yoast-schema-graph\">{\"@context\":\"https:\\\/\\\/schema.org\",\"@graph\":[{\"@type\":\"Article\",\"@id\":\"https:\\\/\\\/ciiam.org\\\/en\\\/melanie-riofrio-piche-secretaria-general-de-ciam\\\/#article\",\"isPartOf\":{\"@id\":\"https:\\\/\\\/ciiam.org\\\/en\\\/melanie-riofrio-piche-secretaria-general-de-ciam\\\/\"},\"author\":{\"name\":\"Maria Lorena\",\"@id\":\"https:\\\/\\\/ciiam.org\\\/en\\\/#\\\/schema\\\/person\\\/54c1949ffebc20e3d5d423a248c7e16a\"},\"headline\":\"M\u00e9lanie Riofrio Pich\u00e9 &#8211; Secretaria General de CIAM\",\"datePublished\":\"2021-01-08T09:58:54+00:00\",\"dateModified\":\"2021-01-08T10:42:52+00:00\",\"mainEntityOfPage\":{\"@id\":\"https:\\\/\\\/ciiam.org\\\/en\\\/melanie-riofrio-piche-secretaria-general-de-ciam\\\/\"},\"wordCount\":17,\"publisher\":{\"@id\":\"https:\\\/\\\/ciiam.org\\\/en\\\/#organization\"},\"image\":{\"@id\":\"https:\\\/\\\/ciiam.org\\\/en\\\/melanie-riofrio-piche-secretaria-general-de-ciam\\\/#primaryimage\"},\"thumbnailUrl\":\"https:\\\/\\\/ciiam.org\\\/wp-content\\\/uploads\\\/2021\\\/01\\\/mujer-emprendedora.jpg\",\"articleSection\":[\"Actualidad\"],\"inLanguage\":\"en-US\"},{\"@type\":\"WebPage\",\"@id\":\"https:\\\/\\\/ciiam.org\\\/en\\\/melanie-riofrio-piche-secretaria-general-de-ciam\\\/\",\"url\":\"https:\\\/\\\/ciiam.org\\\/en\\\/melanie-riofrio-piche-secretaria-general-de-ciam\\\/\",\"name\":\"M\u00e9lanie Riofrio Pich\u00e9 - Secretaria General de CIAM - CIIAM\",\"isPartOf\":{\"@id\":\"https:\\\/\\\/ciiam.org\\\/en\\\/#website\"},\"primaryImageOfPage\":{\"@id\":\"https:\\\/\\\/ciiam.org\\\/en\\\/melanie-riofrio-piche-secretaria-general-de-ciam\\\/#primaryimage\"},\"image\":{\"@id\":\"https:\\\/\\\/ciiam.org\\\/en\\\/melanie-riofrio-piche-secretaria-general-de-ciam\\\/#primaryimage\"},\"thumbnailUrl\":\"https:\\\/\\\/ciiam.org\\\/wp-content\\\/uploads\\\/2021\\\/01\\\/mujer-emprendedora.jpg\",\"datePublished\":\"2021-01-08T09:58:54+00:00\",\"dateModified\":\"2021-01-08T10:42:52+00:00\",\"breadcrumb\":{\"@id\":\"https:\\\/\\\/ciiam.org\\\/en\\\/melanie-riofrio-piche-secretaria-general-de-ciam\\\/#breadcrumb\"},\"inLanguage\":\"en-US\",\"potentialAction\":[{\"@type\":\"ReadAction\",\"target\":[\"https:\\\/\\\/ciiam.org\\\/en\\\/melanie-riofrio-piche-secretaria-general-de-ciam\\\/\"]}]},{\"@type\":\"ImageObject\",\"inLanguage\":\"en-US\",\"@id\":\"https:\\\/\\\/ciiam.org\\\/en\\\/melanie-riofrio-piche-secretaria-general-de-ciam\\\/#primaryimage\",\"url\":\"https:\\\/\\\/ciiam.org\\\/wp-content\\\/uploads\\\/2021\\\/01\\\/mujer-emprendedora.jpg\",\"contentUrl\":\"https:\\\/\\\/ciiam.org\\\/wp-content\\\/uploads\\\/2021\\\/01\\\/mujer-emprendedora.jpg\",\"width\":1600,\"height\":2016},{\"@type\":\"BreadcrumbList\",\"@id\":\"https:\\\/\\\/ciiam.org\\\/en\\\/melanie-riofrio-piche-secretaria-general-de-ciam\\\/#breadcrumb\",\"itemListElement\":[{\"@type\":\"ListItem\",\"position\":1,\"name\":\"CIAM\",\"item\":\"https:\\\/\\\/ciiam.org\\\/en\\\/\"},{\"@type\":\"ListItem\",\"position\":2,\"name\":\"M\u00e9lanie Riofrio Pich\u00e9 &#8211; Secretaria General de CIAM\"}]},{\"@type\":\"WebSite\",\"@id\":\"https:\\\/\\\/ciiam.org\\\/en\\\/#website\",\"url\":\"https:\\\/\\\/ciiam.org\\\/en\\\/\",\"name\":\"CIIAM\",\"description\":\"Centro Internacional e Iberoamericano de Arbitraje de Madrid\",\"publisher\":{\"@id\":\"https:\\\/\\\/ciiam.org\\\/en\\\/#organization\"},\"potentialAction\":[{\"@type\":\"SearchAction\",\"target\":{\"@type\":\"EntryPoint\",\"urlTemplate\":\"https:\\\/\\\/ciiam.org\\\/en\\\/?s={search_term_string}\"},\"query-input\":{\"@type\":\"PropertyValueSpecification\",\"valueRequired\":true,\"valueName\":\"search_term_string\"}}],\"inLanguage\":\"en-US\"},{\"@type\":\"Organization\",\"@id\":\"https:\\\/\\\/ciiam.org\\\/en\\\/#organization\",\"name\":\"Centro Internacional e Iberoamericano de Arbitraje de Madrid\",\"alternateName\":\"CIIAM\",\"url\":\"https:\\\/\\\/ciiam.org\\\/en\\\/\",\"logo\":{\"@type\":\"ImageObject\",\"inLanguage\":\"en-US\",\"@id\":\"https:\\\/\\\/ciiam.org\\\/en\\\/#\\\/schema\\\/logo\\\/image\\\/\",\"url\":\"https:\\\/\\\/ciiam.org\\\/wp-content\\\/uploads\\\/2026\\\/01\\\/favicon.png\",\"contentUrl\":\"https:\\\/\\\/ciiam.org\\\/wp-content\\\/uploads\\\/2026\\\/01\\\/favicon.png\",\"width\":500,\"height\":500,\"caption\":\"Centro Internacional e Iberoamericano de Arbitraje de Madrid\"},\"image\":{\"@id\":\"https:\\\/\\\/ciiam.org\\\/en\\\/#\\\/schema\\\/logo\\\/image\\\/\"},\"sameAs\":[\"https:\\\/\\\/www.linkedin.com\\\/company\\\/ciam-centro-internacional-arbitraje-madrid?trk=d_public_post_image\",\"https:\\\/\\\/www.youtube.com\\\/channel\\\/UCU2OI7SAQFv5uXAZ4qO4ALg\"]},{\"@type\":\"Person\",\"@id\":\"https:\\\/\\\/ciiam.org\\\/en\\\/#\\\/schema\\\/person\\\/54c1949ffebc20e3d5d423a248c7e16a\",\"name\":\"Maria Lorena\",\"image\":{\"@type\":\"ImageObject\",\"inLanguage\":\"en-US\",\"@id\":\"https:\\\/\\\/secure.gravatar.com\\\/avatar\\\/dc32bf0c12d9437efa3a5922b7eab870cb291dd47f0aea5ffeaf87a14a21fd92?s=96&d=mm&r=g\",\"url\":\"https:\\\/\\\/secure.gravatar.com\\\/avatar\\\/dc32bf0c12d9437efa3a5922b7eab870cb291dd47f0aea5ffeaf87a14a21fd92?s=96&d=mm&r=g\",\"contentUrl\":\"https:\\\/\\\/secure.gravatar.com\\\/avatar\\\/dc32bf0c12d9437efa3a5922b7eab870cb291dd47f0aea5ffeaf87a14a21fd92?s=96&d=mm&r=g\",\"caption\":\"Maria Lorena\"},\"url\":\"https:\\\/\\\/ciiam.org\\\/en\\\/author\\\/malsa20\\\/\"}]}<\/script>\n<!-- \/ Yoast SEO plugin. -->","yoast_head_json":{"title":"M\u00e9lanie Riofrio Pich\u00e9 - Secretaria General de CIAM - CIIAM","robots":{"index":"index","follow":"follow","max-snippet":"max-snippet:-1","max-image-preview":"max-image-preview:large","max-video-preview":"max-video-preview:-1"},"canonical":"https:\/\/ciiam.org\/en\/melanie-riofrio-piche-secretaria-general-de-ciam\/","og_locale":"en_US","og_type":"article","og_title":"M\u00e9lanie Riofrio Pich\u00e9 - Secretaria General de CIAM - CIIAM","og_description":"&nbsp; Art\u00edculo publicado en\u00a0 Mujer emprendedora &nbsp;","og_url":"https:\/\/ciiam.org\/en\/melanie-riofrio-piche-secretaria-general-de-ciam\/","og_site_name":"CIIAM","article_published_time":"2021-01-08T09:58:54+00:00","article_modified_time":"2021-01-08T10:42:52+00:00","og_image":[{"width":1600,"height":2016,"url":"https:\/\/ciiam.org\/wp-content\/uploads\/2021\/01\/mujer-emprendedora.jpg","type":"image\/jpeg"}],"author":"Maria Lorena","twitter_card":"summary_large_image","twitter_misc":{"Written by":"Maria Lorena"},"schema":{"@context":"https:\/\/schema.org","@graph":[{"@type":"Article","@id":"https:\/\/ciiam.org\/en\/melanie-riofrio-piche-secretaria-general-de-ciam\/#article","isPartOf":{"@id":"https:\/\/ciiam.org\/en\/melanie-riofrio-piche-secretaria-general-de-ciam\/"},"author":{"name":"Maria Lorena","@id":"https:\/\/ciiam.org\/en\/#\/schema\/person\/54c1949ffebc20e3d5d423a248c7e16a"},"headline":"M\u00e9lanie Riofrio Pich\u00e9 &#8211; Secretaria General de CIAM","datePublished":"2021-01-08T09:58:54+00:00","dateModified":"2021-01-08T10:42:52+00:00","mainEntityOfPage":{"@id":"https:\/\/ciiam.org\/en\/melanie-riofrio-piche-secretaria-general-de-ciam\/"},"wordCount":17,"publisher":{"@id":"https:\/\/ciiam.org\/en\/#organization"},"image":{"@id":"https:\/\/ciiam.org\/en\/melanie-riofrio-piche-secretaria-general-de-ciam\/#primaryimage"},"thumbnailUrl":"https:\/\/ciiam.org\/wp-content\/uploads\/2021\/01\/mujer-emprendedora.jpg","articleSection":["Actualidad"],"inLanguage":"en-US"},{"@type":"WebPage","@id":"https:\/\/ciiam.org\/en\/melanie-riofrio-piche-secretaria-general-de-ciam\/","url":"https:\/\/ciiam.org\/en\/melanie-riofrio-piche-secretaria-general-de-ciam\/","name":"M\u00e9lanie Riofrio Pich\u00e9 - Secretaria General de CIAM - CIIAM","isPartOf":{"@id":"https:\/\/ciiam.org\/en\/#website"},"primaryImageOfPage":{"@id":"https:\/\/ciiam.org\/en\/melanie-riofrio-piche-secretaria-general-de-ciam\/#primaryimage"},"image":{"@id":"https:\/\/ciiam.org\/en\/melanie-riofrio-piche-secretaria-general-de-ciam\/#primaryimage"},"thumbnailUrl":"https:\/\/ciiam.org\/wp-content\/uploads\/2021\/01\/mujer-emprendedora.jpg","datePublished":"2021-01-08T09:58:54+00:00","dateModified":"2021-01-08T10:42:52+00:00","breadcrumb":{"@id":"https:\/\/ciiam.org\/en\/melanie-riofrio-piche-secretaria-general-de-ciam\/#breadcrumb"},"inLanguage":"en-US","potentialAction":[{"@type":"ReadAction","target":["https:\/\/ciiam.org\/en\/melanie-riofrio-piche-secretaria-general-de-ciam\/"]}]},{"@type":"ImageObject","inLanguage":"en-US","@id":"https:\/\/ciiam.org\/en\/melanie-riofrio-piche-secretaria-general-de-ciam\/#primaryimage","url":"https:\/\/ciiam.org\/wp-content\/uploads\/2021\/01\/mujer-emprendedora.jpg","contentUrl":"https:\/\/ciiam.org\/wp-content\/uploads\/2021\/01\/mujer-emprendedora.jpg","width":1600,"height":2016},{"@type":"BreadcrumbList","@id":"https:\/\/ciiam.org\/en\/melanie-riofrio-piche-secretaria-general-de-ciam\/#breadcrumb","itemListElement":[{"@type":"ListItem","position":1,"name":"CIAM","item":"https:\/\/ciiam.org\/en\/"},{"@type":"ListItem","position":2,"name":"M\u00e9lanie Riofrio Pich\u00e9 &#8211; Secretaria General de CIAM"}]},{"@type":"WebSite","@id":"https:\/\/ciiam.org\/en\/#website","url":"https:\/\/ciiam.org\/en\/","name":"CIIAM","description":"Centro Internacional e Iberoamericano de Arbitraje de Madrid","publisher":{"@id":"https:\/\/ciiam.org\/en\/#organization"},"potentialAction":[{"@type":"SearchAction","target":{"@type":"EntryPoint","urlTemplate":"https:\/\/ciiam.org\/en\/?s={search_term_string}"},"query-input":{"@type":"PropertyValueSpecification","valueRequired":true,"valueName":"search_term_string"}}],"inLanguage":"en-US"},{"@type":"Organization","@id":"https:\/\/ciiam.org\/en\/#organization","name":"Centro Internacional e Iberoamericano de Arbitraje de Madrid","alternateName":"CIIAM","url":"https:\/\/ciiam.org\/en\/","logo":{"@type":"ImageObject","inLanguage":"en-US","@id":"https:\/\/ciiam.org\/en\/#\/schema\/logo\/image\/","url":"https:\/\/ciiam.org\/wp-content\/uploads\/2026\/01\/favicon.png","contentUrl":"https:\/\/ciiam.org\/wp-content\/uploads\/2026\/01\/favicon.png","width":500,"height":500,"caption":"Centro Internacional e Iberoamericano de Arbitraje de Madrid"},"image":{"@id":"https:\/\/ciiam.org\/en\/#\/schema\/logo\/image\/"},"sameAs":["https:\/\/www.linkedin.com\/company\/ciam-centro-internacional-arbitraje-madrid?trk=d_public_post_image","https:\/\/www.youtube.com\/channel\/UCU2OI7SAQFv5uXAZ4qO4ALg"]},{"@type":"Person","@id":"https:\/\/ciiam.org\/en\/#\/schema\/person\/54c1949ffebc20e3d5d423a248c7e16a","name":"Maria Lorena","image":{"@type":"ImageObject","inLanguage":"en-US","@id":"https:\/\/secure.gravatar.com\/avatar\/dc32bf0c12d9437efa3a5922b7eab870cb291dd47f0aea5ffeaf87a14a21fd92?s=96&d=mm&r=g","url":"https:\/\/secure.gravatar.com\/avatar\/dc32bf0c12d9437efa3a5922b7eab870cb291dd47f0aea5ffeaf87a14a21fd92?s=96&d=mm&r=g","contentUrl":"https:\/\/secure.gravatar.com\/avatar\/dc32bf0c12d9437efa3a5922b7eab870cb291dd47f0aea5ffeaf87a14a21fd92?s=96&d=mm&r=g","caption":"Maria Lorena"},"url":"https:\/\/ciiam.org\/en\/author\/malsa20\/"}]}},"_links":{"self":[{"href":"https:\/\/ciiam.org\/en\/wp-json\/wp\/v2\/posts\/7624","targetHints":{"allow":["GET"]}}],"collection":[{"href":"https:\/\/ciiam.org\/en\/wp-json\/wp\/v2\/posts"}],"about":[{"href":"https:\/\/ciiam.org\/en\/wp-json\/wp\/v2\/types\/post"}],"author":[{"embeddable":true,"href":"https:\/\/ciiam.org\/en\/wp-json\/wp\/v2\/users\/4"}],"replies":[{"embeddable":true,"href":"https:\/\/ciiam.org\/en\/wp-json\/wp\/v2\/comments?post=7624"}],"version-history":[{"count":0,"href":"https:\/\/ciiam.org\/en\/wp-json\/wp\/v2\/posts\/7624\/revisions"}],"wp:featuredmedia":[{"embeddable":true,"href":"https:\/\/ciiam.org\/en\/wp-json\/wp\/v2\/media\/7638"}],"wp:attachment":[{"href":"https:\/\/ciiam.org\/en\/wp-json\/wp\/v2\/media?parent=7624"}],"wp:term":[{"taxonomy":"category","embeddable":true,"href":"https:\/\/ciiam.org\/en\/wp-json\/wp\/v2\/categories?post=7624"},{"taxonomy":"post_tag","embeddable":true,"href":"https:\/\/ciiam.org\/en\/wp-json\/wp\/v2\/tags?post=7624"}],"curies":[{"name":"wp","href":"https:\/\/api.w.org\/{rel}","templated":true}]}}