{"id":26236,"date":"2024-06-13T09:11:04","date_gmt":"2024-06-13T09:11:04","guid":{"rendered":"https:\/\/ciiam.org\/?p=26236"},"modified":"2024-09-09T10:03:19","modified_gmt":"2024-09-09T10:03:19","slug":"alianza-CIIAM-una-voz-unificada-para-el-arbitraje-internacional-en-iberoamerica","status":"publish","type":"post","link":"https:\/\/ciiam.org\/pt-pt\/alianza-CIIAM-una-voz-unificada-para-el-arbitraje-internacional-en-iberoamerica\/","title":{"rendered":"Alianza CIIAM: Una Voz Unificada para el Arbitraje Internacional en Iberoam\u00e9rica"},"content":{"rendered":"<p><span style=\"font-size: 12pt;\"><em>Por Mar\u00eda Paula Jij\u00f3n y Thal\u00eda Jim\u00e9nez<\/em><\/span><\/p>\n<p>El 8 de marzo de 2024, se firm\u00f3 la alianza estrat\u00e9gica entre el Centro Internacional de Arbitraje de Madrid (CIAM) y el Centro Iberoamericano de Arbitraje (CIAR). El principal objetivo de esta alianza, que lleva el nombre CIIAM, es consolidar ambas instituciones en el centro de referencia de arbitraje en Iberoam\u00e9rica.<\/p>\n<p>Para contextualizar, CIAM se cre\u00f3 en 2020 cuando las tres principales y m\u00e1s activas instituciones arbitrales de Espa\u00f1a en t\u00e9rminos de carga de casos: el Corte de Arbitraje de Madrid (CAM), la Corte Espa\u00f1ola de Arbitraje (CEA) y el Corte Civil y Mercantil de Arbitraje (CIMA), junto con el Colegio de Abogados de Madrid (ICAM) como socio estrat\u00e9gico, decidieron fusionar toda su actividad internacional en un solo centro que administra \u00fanicamente casos internacionales.<\/p>\n<p>Sin embargo, la centralizaci\u00f3n del arbitraje internacional no fue el \u00fanico objetivo de la creaci\u00f3n de CIAM. Otro objetivo era y es promover la igualdad y unificar a trav\u00e9s de una sola voz el arbitraje internacional en espa\u00f1ol y portugu\u00e9s entre las partes iberoamericanas, considerando que comparten las mismas ra\u00edces, idioma, cultura y tradici\u00f3n jur\u00eddica.<br \/>\nCIAR, por otro lado, comenz\u00f3 a operar en marzo de 2015 y fue el resultado del inter\u00e9s en el arbitraje en el sector empresarial iberoamericano. Fue creado por la Cumbre Iberoamericana de Jefes de Estado y de Gobierno, con el apoyo de la Secretar\u00eda General Iberoamericana, la Conferencia de Ministros de Justicia de Iberoam\u00e9rica, Colegios de Abogados, C\u00e1maras de Comercio y Conferencias Empresariales de los 22 pa\u00edses iberoamericanos.<\/p>\n<p>Debido a las evidentes sinergias y para avanzar en sus objetivos, a partir de marzo de 2024, tras la firma de una alianza oficial, la actividad de CIAR se ha incorporado a CIAM, resultando en CIIAM, una \u00fanica instituci\u00f3n arbitral que ya ha administrado m\u00e1s de 40 casos con los m\u00e1s altos est\u00e1ndares de eficiencia y excelencia, contando con un inmenso apoyo p\u00fablico de los pa\u00edses iberoamericanos.<\/p>\n<p>Esta alianza estrat\u00e9gica surge de la necesidad de unir esfuerzos para fortalecer esta posici\u00f3n, aprovechando la experiencia y reputaci\u00f3n de CIAM y CIAR en sus respectivos campos de acci\u00f3n. Esta uni\u00f3n promete abrir nuevas oportunidades y fortalecer la presencia de Iberoam\u00e9rica en la escena internacional del arbitraje.<br \/>\nLa evidente pregunta que surge ahora es \u00bfc\u00f3mo se ver\u00e1 esta alianza en la pr\u00e1ctica? En la pr\u00e1ctica, esta uni\u00f3n implica lo siguiente:<\/p>\n<p>En primer lugar, CIAR ha transferido toda su actividad arbitral -presente y futura- a CIIAM, lo que significa que CIAR ha acordado transferir toda la actividad relacionada con el arbitraje y cualquier otro mecanismo de resoluci\u00f3n de disputas que tenga actualmente o pueda tener en el futuro a CIIAM. Asimismo, todas las operaciones relacionadas con la administraci\u00f3n de procedimientos arbitrales estar\u00e1n regidas por las Reglas CIAM -tanto la versi\u00f3n de 2020, que todav\u00eda es aplicable a los procedimientos en curso, como la nueva versi\u00f3n de 2024, que es aplicable a los procedimientos desde el 1 de enero de 2024-. Ambas versiones han sido renombradas como Reglas CIIAM. Estas Reglas, junto con sus anexos y notas operativas internas, se aplicar\u00e1n en su totalidad a todos los procedimientos que sean administrados por CIIAM.<\/p>\n<p>En segundo lugar, CIAM y CIAR continuar\u00e1n desarrollando todas sus actividades de educaci\u00f3n superior desde CIIAM. Esto incluye el Curso de Pr\u00e1ctica Avanzada para \u00c1rbitros de CIIAM, que debutar\u00e1 su primera edici\u00f3n esta primavera en colaboraci\u00f3n con el Club Espa\u00f1ol y Iberoamericano de Arbitraje. Este curso est\u00e1 destinado a proporcionar conocimientos t\u00e9cnicos a los \u00e1rbitros, con reconocidos \u00e1rbitros internacionales como profesores. Adem\u00e1s, CIAR llevar\u00e1 a cabo todas sus actividades de educaci\u00f3n continua desde CIIAM, incluyendo el Curso de Postgrado en Arbitraje Internacional que actualmente se est\u00e1 desarrollando en colaboraci\u00f3n con la Universidad de Salamanca y Tirant lo Blanch.<\/p>\n<p>En tercer lugar, CIIAM mantendr\u00e1 su sede actual en el &#8220;Palacio de Santo\u00f1a&#8221;, ubicado en la Calle Huertas 13 en Madrid, que ser\u00e1 la oficina desde la cual se administrar\u00e1n todos los arbitrajes de CIIAM, incluyendo las diversas salas de audiencias disponibles para cualquier arbitraje ad hoc o institucional. Adem\u00e1s, en un compromiso con Iberoam\u00e9rica, CIIAM mantendr\u00e1 las otras dos oficinas de CIAR ubicadas en la sede del Colegio de Abogados de Costa Rica y en la sede de la Ordem dos Advogados en Brasil. Estas oficinas tambi\u00e9n podr\u00e1n ser utilizadas como lugares para las audiencias de arbitraje de CIIAM.<br \/>\nFinalmente, con respecto a la estructura organizativa, se mantendr\u00e1 la estructura previamente establecida de CIAM. Jos\u00e9 Mar\u00eda Alonso Puig sigue siendo el Presidente de CIIAM y Marta Lalaguna sigue siendo la Secretaria General. Sin embargo, con esta uni\u00f3n, Javier \u00cdscar de Hoyos, fundador y ex Presidente de CIAR, ha sido incorporado como Vicepresidente de CIIAM, junto con Juan Serrada, Urquiola de Palacio y Elena Otero-Novas, y Eliana Baraldi, ex Secretaria General de CIAR, como miembro del Pleno.<\/p>\n<p>En conclusi\u00f3n, la uni\u00f3n de CIIAM marca un hito significativo en la evoluci\u00f3n del arbitraje internacional dentro de la regi\u00f3n iberoamericana. Al consolidar las fortalezas y la experiencia de CIAM y CIAR, esta alianza aspira a convertirse en el principal centro de arbitraje para las partes de habla hispana y portuguesa, mejorando la eficiencia y la excelencia de los servicios de resoluci\u00f3n de disputas. La integraci\u00f3n de las actividades de CIAR en CIIAM, junto con la armonizaci\u00f3n de las reglas de arbitraje y la continuaci\u00f3n de iniciativas educativas de alto nivel, subraya un compromiso con el fomento de un marco de arbitraje unificado y robusto.<\/p>\n<p>Esta asociaci\u00f3n estrat\u00e9gica no solo aprovecha las similitudes hist\u00f3ricas, culturales y legales dentro de Iberoam\u00e9rica, sino que tambi\u00e9n posiciona a CIIAM como un actor fundamental en el escenario global del arbitraje. Con sus operaciones centralizadas, prestigiosa sede y liderazgo distinguido, CIIAM est\u00e1 bien preparado para manejar una creciente carga de casos mientras avanza en la calidad y accesibilidad de los servicios de arbitraje en toda la regi\u00f3n.<br \/>\nA medida que CIIAM contin\u00faa construyendo sobre los legados de sus instituciones predecesoras, promete abrir nuevas oportunidades y reforzar la presencia de Iberoam\u00e9rica en la arena del arbitraje internacional, contribuyendo en \u00faltima instancia a una comunidad de arbitraje m\u00e1s cohesiva e influyente.<\/p>\n","protected":false},"excerpt":{"rendered":"<p>Este art\u00edculo, redactado por Mar\u00eda Paula Jij\u00f3n y Thal\u00eda Jim\u00e9nez, detalla la alianza estrat\u00e9gica entre el Centro Internacional de Arbitraje de Madrid (CIAM) y el Centro Iberoamericano de Arbitraje (CIAR), formando la entidad conjunta CIIAM. <\/p>\n","protected":false},"author":2,"featured_media":27526,"comment_status":"closed","ping_status":"closed","sticky":false,"template":"","format":"standard","meta":{"footnotes":""},"categories":[19],"tags":[],"class_list":["post-26236","post","type-post","status-publish","format-standard","has-post-thumbnail","hentry","category-publicaciones-y-seminarios"],"yoast_head":"<!-- This site is optimized with the Yoast SEO plugin v27.3 - https:\/\/yoast.com\/product\/yoast-seo-wordpress\/ -->\n<title>Alianza CIIAM: Una Voz Unificada para el Arbitraje Internacional en Iberoam\u00e9rica - CIIAM<\/title>\n<meta name=\"description\" content=\"Este art\u00edculo, redactado por Mar\u00eda Paula Jij\u00f3n y Thal\u00eda Jim\u00e9nez, detalla la alianza estrat\u00e9gica entre el Centro Internacional de Arbitraje de Madrid (CIAM) y el Centro Iberoamericano de Arbitraje (CIAR), formando la entidad conjunta CIIAM.\" \/>\n<meta name=\"robots\" content=\"index, follow, max-snippet:-1, max-image-preview:large, max-video-preview:-1\" \/>\n<link rel=\"canonical\" href=\"https:\/\/ciiam.org\/pt-pt\/alianza-CIIAM-una-voz-unificada-para-el-arbitraje-internacional-en-iberoamerica\/\" \/>\n<meta property=\"og:locale\" content=\"pt_PT\" \/>\n<meta property=\"og:type\" content=\"article\" \/>\n<meta property=\"og:title\" content=\"Alianza CIIAM: Una Voz Unificada para el Arbitraje Internacional en Iberoam\u00e9rica - CIIAM\" \/>\n<meta property=\"og:description\" content=\"Este art\u00edculo, redactado por Mar\u00eda Paula Jij\u00f3n y Thal\u00eda Jim\u00e9nez, detalla la alianza estrat\u00e9gica entre el Centro Internacional de Arbitraje de Madrid (CIAM) y el Centro Iberoamericano de Arbitraje (CIAR), formando la entidad conjunta CIIAM.\" \/>\n<meta property=\"og:url\" content=\"https:\/\/ciiam.org\/pt-pt\/alianza-CIIAM-una-voz-unificada-para-el-arbitraje-internacional-en-iberoamerica\/\" \/>\n<meta property=\"og:site_name\" content=\"CIIAM\" \/>\n<meta property=\"article:published_time\" content=\"2024-06-13T09:11:04+00:00\" \/>\n<meta property=\"article:modified_time\" content=\"2024-09-09T10:03:19+00:00\" \/>\n<meta property=\"og:image\" content=\"https:\/\/ciiam.org\/wp-content\/uploads\/2024\/09\/03ciam.jpg\" \/>\n\t<meta property=\"og:image:width\" content=\"1024\" \/>\n\t<meta property=\"og:image:height\" content=\"576\" \/>\n\t<meta property=\"og:image:type\" content=\"image\/jpeg\" \/>\n<meta name=\"author\" content=\"Jsc\" \/>\n<meta name=\"twitter:card\" content=\"summary_large_image\" \/>\n<meta name=\"twitter:label1\" content=\"Escrito por\" \/>\n\t<meta name=\"twitter:data1\" content=\"Jsc\" \/>\n\t<meta name=\"twitter:label2\" content=\"Tempo estimado de leitura\" \/>\n\t<meta name=\"twitter:data2\" content=\"5 minutos\" \/>\n<script type=\"application\/ld+json\" class=\"yoast-schema-graph\">{\"@context\":\"https:\\\/\\\/schema.org\",\"@graph\":[{\"@type\":\"Article\",\"@id\":\"https:\\\/\\\/ciiam.org\\\/pt-pt\\\/alianza-CIIAM-una-voz-unificada-para-el-arbitraje-internacional-en-iberoamerica\\\/#article\",\"isPartOf\":{\"@id\":\"https:\\\/\\\/ciiam.org\\\/pt-pt\\\/alianza-CIIAM-una-voz-unificada-para-el-arbitraje-internacional-en-iberoamerica\\\/\"},\"author\":{\"name\":\"Jsc\",\"@id\":\"https:\\\/\\\/ciiam.org\\\/pt-pt\\\/#\\\/schema\\\/person\\\/9dfa2f0264b8a969355ec533391826e1\"},\"headline\":\"Alianza CIIAM: Una Voz Unificada para el Arbitraje Internacional en Iberoam\u00e9rica\",\"datePublished\":\"2024-06-13T09:11:04+00:00\",\"dateModified\":\"2024-09-09T10:03:19+00:00\",\"mainEntityOfPage\":{\"@id\":\"https:\\\/\\\/ciiam.org\\\/pt-pt\\\/alianza-CIIAM-una-voz-unificada-para-el-arbitraje-internacional-en-iberoamerica\\\/\"},\"wordCount\":1094,\"publisher\":{\"@id\":\"https:\\\/\\\/ciiam.org\\\/pt-pt\\\/#organization\"},\"image\":{\"@id\":\"https:\\\/\\\/ciiam.org\\\/pt-pt\\\/alianza-CIIAM-una-voz-unificada-para-el-arbitraje-internacional-en-iberoamerica\\\/#primaryimage\"},\"thumbnailUrl\":\"https:\\\/\\\/ciiam.org\\\/wp-content\\\/uploads\\\/2024\\\/09\\\/03ciam.jpg\",\"articleSection\":[\"Publicaciones y seminarios\"],\"inLanguage\":\"pt-PT\"},{\"@type\":\"WebPage\",\"@id\":\"https:\\\/\\\/ciiam.org\\\/pt-pt\\\/alianza-CIIAM-una-voz-unificada-para-el-arbitraje-internacional-en-iberoamerica\\\/\",\"url\":\"https:\\\/\\\/ciiam.org\\\/pt-pt\\\/alianza-CIIAM-una-voz-unificada-para-el-arbitraje-internacional-en-iberoamerica\\\/\",\"name\":\"Alianza CIIAM: Una Voz Unificada para el Arbitraje Internacional en Iberoam\u00e9rica - CIIAM\",\"isPartOf\":{\"@id\":\"https:\\\/\\\/ciiam.org\\\/pt-pt\\\/#website\"},\"primaryImageOfPage\":{\"@id\":\"https:\\\/\\\/ciiam.org\\\/pt-pt\\\/alianza-CIIAM-una-voz-unificada-para-el-arbitraje-internacional-en-iberoamerica\\\/#primaryimage\"},\"image\":{\"@id\":\"https:\\\/\\\/ciiam.org\\\/pt-pt\\\/alianza-CIIAM-una-voz-unificada-para-el-arbitraje-internacional-en-iberoamerica\\\/#primaryimage\"},\"thumbnailUrl\":\"https:\\\/\\\/ciiam.org\\\/wp-content\\\/uploads\\\/2024\\\/09\\\/03ciam.jpg\",\"datePublished\":\"2024-06-13T09:11:04+00:00\",\"dateModified\":\"2024-09-09T10:03:19+00:00\",\"description\":\"Este art\u00edculo, redactado por Mar\u00eda Paula Jij\u00f3n y Thal\u00eda Jim\u00e9nez, detalla la alianza estrat\u00e9gica entre el Centro Internacional de Arbitraje de Madrid (CIAM) y el Centro Iberoamericano de Arbitraje (CIAR), formando la entidad conjunta CIIAM.\",\"breadcrumb\":{\"@id\":\"https:\\\/\\\/ciiam.org\\\/pt-pt\\\/alianza-CIIAM-una-voz-unificada-para-el-arbitraje-internacional-en-iberoamerica\\\/#breadcrumb\"},\"inLanguage\":\"pt-PT\",\"potentialAction\":[{\"@type\":\"ReadAction\",\"target\":[\"https:\\\/\\\/ciiam.org\\\/pt-pt\\\/alianza-CIIAM-una-voz-unificada-para-el-arbitraje-internacional-en-iberoamerica\\\/\"]}]},{\"@type\":\"ImageObject\",\"inLanguage\":\"pt-PT\",\"@id\":\"https:\\\/\\\/ciiam.org\\\/pt-pt\\\/alianza-CIIAM-una-voz-unificada-para-el-arbitraje-internacional-en-iberoamerica\\\/#primaryimage\",\"url\":\"https:\\\/\\\/ciiam.org\\\/wp-content\\\/uploads\\\/2024\\\/09\\\/03ciam.jpg\",\"contentUrl\":\"https:\\\/\\\/ciiam.org\\\/wp-content\\\/uploads\\\/2024\\\/09\\\/03ciam.jpg\",\"width\":1024,\"height\":576},{\"@type\":\"BreadcrumbList\",\"@id\":\"https:\\\/\\\/ciiam.org\\\/pt-pt\\\/alianza-CIIAM-una-voz-unificada-para-el-arbitraje-internacional-en-iberoamerica\\\/#breadcrumb\",\"itemListElement\":[{\"@type\":\"ListItem\",\"position\":1,\"name\":\"CIAM\",\"item\":\"https:\\\/\\\/ciiam.org\\\/pt-pt\\\/\"},{\"@type\":\"ListItem\",\"position\":2,\"name\":\"Alianza CIIAM: Una Voz Unificada para el Arbitraje Internacional en Iberoam\u00e9rica\"}]},{\"@type\":\"WebSite\",\"@id\":\"https:\\\/\\\/ciiam.org\\\/pt-pt\\\/#website\",\"url\":\"https:\\\/\\\/ciiam.org\\\/pt-pt\\\/\",\"name\":\"CIIAM\",\"description\":\"Centro Internacional e Iberoamericano de Arbitraje de Madrid\",\"publisher\":{\"@id\":\"https:\\\/\\\/ciiam.org\\\/pt-pt\\\/#organization\"},\"potentialAction\":[{\"@type\":\"SearchAction\",\"target\":{\"@type\":\"EntryPoint\",\"urlTemplate\":\"https:\\\/\\\/ciiam.org\\\/pt-pt\\\/?s={search_term_string}\"},\"query-input\":{\"@type\":\"PropertyValueSpecification\",\"valueRequired\":true,\"valueName\":\"search_term_string\"}}],\"inLanguage\":\"pt-PT\"},{\"@type\":\"Organization\",\"@id\":\"https:\\\/\\\/ciiam.org\\\/pt-pt\\\/#organization\",\"name\":\"Centro Internacional e Iberoamericano de Arbitraje de Madrid\",\"alternateName\":\"CIIAM\",\"url\":\"https:\\\/\\\/ciiam.org\\\/pt-pt\\\/\",\"logo\":{\"@type\":\"ImageObject\",\"inLanguage\":\"pt-PT\",\"@id\":\"https:\\\/\\\/ciiam.org\\\/pt-pt\\\/#\\\/schema\\\/logo\\\/image\\\/\",\"url\":\"https:\\\/\\\/ciiam.org\\\/wp-content\\\/uploads\\\/2026\\\/01\\\/favicon.png\",\"contentUrl\":\"https:\\\/\\\/ciiam.org\\\/wp-content\\\/uploads\\\/2026\\\/01\\\/favicon.png\",\"width\":500,\"height\":500,\"caption\":\"Centro Internacional e Iberoamericano de Arbitraje de Madrid\"},\"image\":{\"@id\":\"https:\\\/\\\/ciiam.org\\\/pt-pt\\\/#\\\/schema\\\/logo\\\/image\\\/\"},\"sameAs\":[\"https:\\\/\\\/www.linkedin.com\\\/company\\\/ciam-centro-internacional-arbitraje-madrid?trk=d_public_post_image\",\"https:\\\/\\\/www.youtube.com\\\/channel\\\/UCU2OI7SAQFv5uXAZ4qO4ALg\"]},{\"@type\":\"Person\",\"@id\":\"https:\\\/\\\/ciiam.org\\\/pt-pt\\\/#\\\/schema\\\/person\\\/9dfa2f0264b8a969355ec533391826e1\",\"name\":\"Jsc\",\"image\":{\"@type\":\"ImageObject\",\"inLanguage\":\"pt-PT\",\"@id\":\"https:\\\/\\\/secure.gravatar.com\\\/avatar\\\/331ea6287b9b9ec3922489e3654148cbd7818e978febcf83cc1bc0613347cd16?s=96&d=mm&r=g\",\"url\":\"https:\\\/\\\/secure.gravatar.com\\\/avatar\\\/331ea6287b9b9ec3922489e3654148cbd7818e978febcf83cc1bc0613347cd16?s=96&d=mm&r=g\",\"contentUrl\":\"https:\\\/\\\/secure.gravatar.com\\\/avatar\\\/331ea6287b9b9ec3922489e3654148cbd7818e978febcf83cc1bc0613347cd16?s=96&d=mm&r=g\",\"caption\":\"Jsc\"},\"url\":\"https:\\\/\\\/ciiam.org\\\/pt-pt\\\/author\\\/yset2017\\\/\"}]}<\/script>\n<!-- \/ Yoast SEO plugin. -->","yoast_head_json":{"title":"Alianza CIIAM: Una Voz Unificada para el Arbitraje Internacional en Iberoam\u00e9rica - CIIAM","description":"Este art\u00edculo, redactado por Mar\u00eda Paula Jij\u00f3n y Thal\u00eda Jim\u00e9nez, detalla la alianza estrat\u00e9gica entre el Centro Internacional de Arbitraje de Madrid (CIAM) y el Centro Iberoamericano de Arbitraje (CIAR), formando la entidad conjunta CIIAM.","robots":{"index":"index","follow":"follow","max-snippet":"max-snippet:-1","max-image-preview":"max-image-preview:large","max-video-preview":"max-video-preview:-1"},"canonical":"https:\/\/ciiam.org\/pt-pt\/alianza-CIIAM-una-voz-unificada-para-el-arbitraje-internacional-en-iberoamerica\/","og_locale":"pt_PT","og_type":"article","og_title":"Alianza CIIAM: Una Voz Unificada para el Arbitraje Internacional en Iberoam\u00e9rica - CIIAM","og_description":"Este art\u00edculo, redactado por Mar\u00eda Paula Jij\u00f3n y Thal\u00eda Jim\u00e9nez, detalla la alianza estrat\u00e9gica entre el Centro Internacional de Arbitraje de Madrid (CIAM) y el Centro Iberoamericano de Arbitraje (CIAR), formando la entidad conjunta CIIAM.","og_url":"https:\/\/ciiam.org\/pt-pt\/alianza-CIIAM-una-voz-unificada-para-el-arbitraje-internacional-en-iberoamerica\/","og_site_name":"CIIAM","article_published_time":"2024-06-13T09:11:04+00:00","article_modified_time":"2024-09-09T10:03:19+00:00","og_image":[{"width":1024,"height":576,"url":"https:\/\/ciiam.org\/wp-content\/uploads\/2024\/09\/03ciam.jpg","type":"image\/jpeg"}],"author":"Jsc","twitter_card":"summary_large_image","twitter_misc":{"Escrito por":"Jsc","Tempo estimado de leitura":"5 minutos"},"schema":{"@context":"https:\/\/schema.org","@graph":[{"@type":"Article","@id":"https:\/\/ciiam.org\/pt-pt\/alianza-CIIAM-una-voz-unificada-para-el-arbitraje-internacional-en-iberoamerica\/#article","isPartOf":{"@id":"https:\/\/ciiam.org\/pt-pt\/alianza-CIIAM-una-voz-unificada-para-el-arbitraje-internacional-en-iberoamerica\/"},"author":{"name":"Jsc","@id":"https:\/\/ciiam.org\/pt-pt\/#\/schema\/person\/9dfa2f0264b8a969355ec533391826e1"},"headline":"Alianza CIIAM: Una Voz Unificada para el Arbitraje Internacional en Iberoam\u00e9rica","datePublished":"2024-06-13T09:11:04+00:00","dateModified":"2024-09-09T10:03:19+00:00","mainEntityOfPage":{"@id":"https:\/\/ciiam.org\/pt-pt\/alianza-CIIAM-una-voz-unificada-para-el-arbitraje-internacional-en-iberoamerica\/"},"wordCount":1094,"publisher":{"@id":"https:\/\/ciiam.org\/pt-pt\/#organization"},"image":{"@id":"https:\/\/ciiam.org\/pt-pt\/alianza-CIIAM-una-voz-unificada-para-el-arbitraje-internacional-en-iberoamerica\/#primaryimage"},"thumbnailUrl":"https:\/\/ciiam.org\/wp-content\/uploads\/2024\/09\/03ciam.jpg","articleSection":["Publicaciones y seminarios"],"inLanguage":"pt-PT"},{"@type":"WebPage","@id":"https:\/\/ciiam.org\/pt-pt\/alianza-CIIAM-una-voz-unificada-para-el-arbitraje-internacional-en-iberoamerica\/","url":"https:\/\/ciiam.org\/pt-pt\/alianza-CIIAM-una-voz-unificada-para-el-arbitraje-internacional-en-iberoamerica\/","name":"Alianza CIIAM: Una Voz Unificada para el Arbitraje Internacional en Iberoam\u00e9rica - CIIAM","isPartOf":{"@id":"https:\/\/ciiam.org\/pt-pt\/#website"},"primaryImageOfPage":{"@id":"https:\/\/ciiam.org\/pt-pt\/alianza-CIIAM-una-voz-unificada-para-el-arbitraje-internacional-en-iberoamerica\/#primaryimage"},"image":{"@id":"https:\/\/ciiam.org\/pt-pt\/alianza-CIIAM-una-voz-unificada-para-el-arbitraje-internacional-en-iberoamerica\/#primaryimage"},"thumbnailUrl":"https:\/\/ciiam.org\/wp-content\/uploads\/2024\/09\/03ciam.jpg","datePublished":"2024-06-13T09:11:04+00:00","dateModified":"2024-09-09T10:03:19+00:00","description":"Este art\u00edculo, redactado por Mar\u00eda Paula Jij\u00f3n y Thal\u00eda Jim\u00e9nez, detalla la alianza estrat\u00e9gica entre el Centro Internacional de Arbitraje de Madrid (CIAM) y el Centro Iberoamericano de Arbitraje (CIAR), formando la entidad conjunta CIIAM.","breadcrumb":{"@id":"https:\/\/ciiam.org\/pt-pt\/alianza-CIIAM-una-voz-unificada-para-el-arbitraje-internacional-en-iberoamerica\/#breadcrumb"},"inLanguage":"pt-PT","potentialAction":[{"@type":"ReadAction","target":["https:\/\/ciiam.org\/pt-pt\/alianza-CIIAM-una-voz-unificada-para-el-arbitraje-internacional-en-iberoamerica\/"]}]},{"@type":"ImageObject","inLanguage":"pt-PT","@id":"https:\/\/ciiam.org\/pt-pt\/alianza-CIIAM-una-voz-unificada-para-el-arbitraje-internacional-en-iberoamerica\/#primaryimage","url":"https:\/\/ciiam.org\/wp-content\/uploads\/2024\/09\/03ciam.jpg","contentUrl":"https:\/\/ciiam.org\/wp-content\/uploads\/2024\/09\/03ciam.jpg","width":1024,"height":576},{"@type":"BreadcrumbList","@id":"https:\/\/ciiam.org\/pt-pt\/alianza-CIIAM-una-voz-unificada-para-el-arbitraje-internacional-en-iberoamerica\/#breadcrumb","itemListElement":[{"@type":"ListItem","position":1,"name":"CIAM","item":"https:\/\/ciiam.org\/pt-pt\/"},{"@type":"ListItem","position":2,"name":"Alianza CIIAM: Una Voz Unificada para el Arbitraje Internacional en Iberoam\u00e9rica"}]},{"@type":"WebSite","@id":"https:\/\/ciiam.org\/pt-pt\/#website","url":"https:\/\/ciiam.org\/pt-pt\/","name":"CIIAM","description":"Centro Internacional e Iberoamericano de Arbitraje de Madrid","publisher":{"@id":"https:\/\/ciiam.org\/pt-pt\/#organization"},"potentialAction":[{"@type":"SearchAction","target":{"@type":"EntryPoint","urlTemplate":"https:\/\/ciiam.org\/pt-pt\/?s={search_term_string}"},"query-input":{"@type":"PropertyValueSpecification","valueRequired":true,"valueName":"search_term_string"}}],"inLanguage":"pt-PT"},{"@type":"Organization","@id":"https:\/\/ciiam.org\/pt-pt\/#organization","name":"Centro Internacional e Iberoamericano de Arbitraje de Madrid","alternateName":"CIIAM","url":"https:\/\/ciiam.org\/pt-pt\/","logo":{"@type":"ImageObject","inLanguage":"pt-PT","@id":"https:\/\/ciiam.org\/pt-pt\/#\/schema\/logo\/image\/","url":"https:\/\/ciiam.org\/wp-content\/uploads\/2026\/01\/favicon.png","contentUrl":"https:\/\/ciiam.org\/wp-content\/uploads\/2026\/01\/favicon.png","width":500,"height":500,"caption":"Centro Internacional e Iberoamericano de Arbitraje de Madrid"},"image":{"@id":"https:\/\/ciiam.org\/pt-pt\/#\/schema\/logo\/image\/"},"sameAs":["https:\/\/www.linkedin.com\/company\/ciam-centro-internacional-arbitraje-madrid?trk=d_public_post_image","https:\/\/www.youtube.com\/channel\/UCU2OI7SAQFv5uXAZ4qO4ALg"]},{"@type":"Person","@id":"https:\/\/ciiam.org\/pt-pt\/#\/schema\/person\/9dfa2f0264b8a969355ec533391826e1","name":"Jsc","image":{"@type":"ImageObject","inLanguage":"pt-PT","@id":"https:\/\/secure.gravatar.com\/avatar\/331ea6287b9b9ec3922489e3654148cbd7818e978febcf83cc1bc0613347cd16?s=96&d=mm&r=g","url":"https:\/\/secure.gravatar.com\/avatar\/331ea6287b9b9ec3922489e3654148cbd7818e978febcf83cc1bc0613347cd16?s=96&d=mm&r=g","contentUrl":"https:\/\/secure.gravatar.com\/avatar\/331ea6287b9b9ec3922489e3654148cbd7818e978febcf83cc1bc0613347cd16?s=96&d=mm&r=g","caption":"Jsc"},"url":"https:\/\/ciiam.org\/pt-pt\/author\/yset2017\/"}]}},"_links":{"self":[{"href":"https:\/\/ciiam.org\/pt-pt\/wp-json\/wp\/v2\/posts\/26236","targetHints":{"allow":["GET"]}}],"collection":[{"href":"https:\/\/ciiam.org\/pt-pt\/wp-json\/wp\/v2\/posts"}],"about":[{"href":"https:\/\/ciiam.org\/pt-pt\/wp-json\/wp\/v2\/types\/post"}],"author":[{"embeddable":true,"href":"https:\/\/ciiam.org\/pt-pt\/wp-json\/wp\/v2\/users\/2"}],"replies":[{"embeddable":true,"href":"https:\/\/ciiam.org\/pt-pt\/wp-json\/wp\/v2\/comments?post=26236"}],"version-history":[{"count":4,"href":"https:\/\/ciiam.org\/pt-pt\/wp-json\/wp\/v2\/posts\/26236\/revisions"}],"predecessor-version":[{"id":26240,"href":"https:\/\/ciiam.org\/pt-pt\/wp-json\/wp\/v2\/posts\/26236\/revisions\/26240"}],"wp:featuredmedia":[{"embeddable":true,"href":"https:\/\/ciiam.org\/pt-pt\/wp-json\/wp\/v2\/media\/27526"}],"wp:attachment":[{"href":"https:\/\/ciiam.org\/pt-pt\/wp-json\/wp\/v2\/media?parent=26236"}],"wp:term":[{"taxonomy":"category","embeddable":true,"href":"https:\/\/ciiam.org\/pt-pt\/wp-json\/wp\/v2\/categories?post=26236"},{"taxonomy":"post_tag","embeddable":true,"href":"https:\/\/ciiam.org\/pt-pt\/wp-json\/wp\/v2\/tags?post=26236"}],"curies":[{"name":"wp","href":"https:\/\/api.w.org\/{rel}","templated":true}]}}